{"id":130943,"date":"2026-01-07T09:01:36","date_gmt":"2026-01-07T09:01:36","guid":{"rendered":"https:\/\/www.europesays.com\/no\/130943\/"},"modified":"2026-01-07T09:01:36","modified_gmt":"2026-01-07T09:01:36","slug":"alta-viser-veien-regjeringen-velger-a-snu","status":"publish","type":"post","link":"https:\/\/www.europesays.com\/no\/130943\/","title":{"rendered":"Alta viser veien \u2013 regjeringen velger \u00e5 snu"},"content":{"rendered":"<p>Politih\u00f8gskolens pilotprosjekt i Alta har fungert akkurat slik det var ment. S\u00f8kertallene til politistudiet i Finnmark er doblet, ogs\u00e5 s\u00f8kertallet fra Troms har \u00f8kt markant, og interessen for \u00e5 utdanne seg til politi i nord er st\u00f8rre enn noen gang. Likevel velger regjeringen \u00e5 stoppe videre finansiering etter bare fem m\u00e5neder.<\/p>\n<p>256 s\u00f8kere konkurrerte om 24 studieplasser i Alta. Det viser tydelig at det ikke st\u00e5r p\u00e5 viljen til s\u00f8kerne. Det samme kan man ikke si om beslutningstagerne, for erfaring og opptakstall fra Politih\u00f8gskolen viser at studenter i stor grad s\u00f8ker seg til og blir v\u00e6rende i eget n\u00e6romr\u00e5de. Skal Finnmark ha stabil politibemanning, m\u00e5 utdanningen v\u00e6re tilgjengelig her.<\/p>\n<p>Politiutdanningen i Alta er ogs\u00e5 et viktig grep for \u00e5 styrke samisk spr\u00e5k- og kulturkompetanse i politiet \u2013 noe Finnmarks kommuner lenge har etterlyst. Dette er ikke et s\u00e6rkrav, men en n\u00f8dvendighet for rettssikkerhet, tillit og beredskap i nord.<\/p>\n<p>At sola ikke rekker \u00e5 snu seg f\u00f8r et nyoppst\u00e5tt tilbud besluttes \u00e5 legge ned, etter knappe fem m\u00e5neder, er ikke svaret p\u00e5 et etterlengtet krav lengst nord. \u00c5 legge ned dette tilbudet, et velfungerende og etterspurt studietilbud, midt i en tid med befolkningsnedgang og svekket beredskap i nord er uforst\u00e5elig. Nordomr\u00e5desatsing kan ikke nok en gang reduseres til ord i festtaler.<\/p>\n<p>Politistudiet i Alta m\u00e5 videref\u00f8res. Det handler om trygghet, lokal rekruttering og et politi som kjenner folkene og stedene de skal tjene.<\/p>\n<p>Lars-Vegar Berg Pettersen, Alta SV<\/p>\n<p>Send inn ditt debattinnlegg til redaksjonen@altaposten.no, og merk innlegget med Debatt<\/p>\n","protected":false},"excerpt":{"rendered":"Politih\u00f8gskolens pilotprosjekt i Alta har fungert akkurat slik det var ment. S\u00f8kertallene til politistudiet i Finnmark er doblet,&hellip;\n","protected":false},"author":2,"featured_media":130944,"comment_status":"","ping_status":"","sticky":false,"template":"","format":"standard","meta":{"footnotes":""},"categories":[10],"tags":[215,20,21,24,25,32,15,22,23,13,30,28,29,14,16,254,1123,26,27],"class_list":{"0":"post-130943","1":"post","2":"type-post","3":"status-publish","4":"format-standard","5":"has-post-thumbnail","7":"category-norge","8":"tag-alta","9":"tag-breaking-news","10":"tag-breakingnews","11":"tag-featured-news","12":"tag-featurednews","13":"tag-finnmark","14":"tag-headlines","15":"tag-latest-news","16":"tag-latestnews","17":"tag-news","18":"tag-no","19":"tag-norge","20":"tag-norway","21":"tag-nyheter","22":"tag-overskrifter","23":"tag-politi","24":"tag-rekruttering","25":"tag-top-stories","26":"tag-topstories"},"share_on_mastodon":{"url":"https:\/\/pubeurope.com\/@no\/115853006282875645","error":""},"_links":{"self":[{"href":"https:\/\/www.europesays.com\/no\/wp-json\/wp\/v2\/posts\/130943","targetHints":{"allow":["GET"]}}],"collection":[{"href":"https:\/\/www.europesays.com\/no\/wp-json\/wp\/v2\/posts"}],"about":[{"href":"https:\/\/www.europesays.com\/no\/wp-json\/wp\/v2\/types\/post"}],"author":[{"embeddable":true,"href":"https:\/\/www.europesays.com\/no\/wp-json\/wp\/v2\/users\/2"}],"replies":[{"embeddable":true,"href":"https:\/\/www.europesays.com\/no\/wp-json\/wp\/v2\/comments?post=130943"}],"version-history":[{"count":0,"href":"https:\/\/www.europesays.com\/no\/wp-json\/wp\/v2\/posts\/130943\/revisions"}],"wp:featuredmedia":[{"embeddable":true,"href":"https:\/\/www.europesays.com\/no\/wp-json\/wp\/v2\/media\/130944"}],"wp:attachment":[{"href":"https:\/\/www.europesays.com\/no\/wp-json\/wp\/v2\/media?parent=130943"}],"wp:term":[{"taxonomy":"category","embeddable":true,"href":"https:\/\/www.europesays.com\/no\/wp-json\/wp\/v2\/categories?post=130943"},{"taxonomy":"post_tag","embeddable":true,"href":"https:\/\/www.europesays.com\/no\/wp-json\/wp\/v2\/tags?post=130943"}],"curies":[{"name":"wp","href":"https:\/\/api.w.org\/{rel}","templated":true}]}}