{"id":130955,"date":"2026-01-07T09:18:21","date_gmt":"2026-01-07T09:18:21","guid":{"rendered":"https:\/\/www.europesays.com\/no\/130955\/"},"modified":"2026-01-07T09:18:21","modified_gmt":"2026-01-07T09:18:21","slug":"tore-halvorsen-og-kona-pia-fikk-sjokk-av-ektemannen","status":"publish","type":"post","link":"https:\/\/www.europesays.com\/no\/130955\/","title":{"rendered":"Tore Halvorsen og kona Pia: Fikk sjokk av ektemannen"},"content":{"rendered":"<p>\u2013 Jeg har aldri hatt det s\u00e5 bra som n\u00e5. Jeg kan bestemme selv n\u00e5r jeg skal reise, og hvor jeg skal spille. I tillegg kan jeg legge opp ferier som jeg vil selv. Det f\u00f8les godt, sl\u00e5r Tore Halvorsen (76) fast med et bredt smil.<\/p>\n<p>Da den popul\u00e6re vokalisten og gitaristen forlot rollen som frontfigur i Ole Ivars i 2018, var det slettes ikke for \u00e5 hvile p\u00e5 laurb\u00e6rene etter 30 \u00e5r i dansebandet. Tore valgte heller \u00e5 debutere som soloartist \u2013 hele 70 \u00e5r gammel.<\/p>\n<p>\u2013 Jeg gikk jo til noe som var helt ukjent, og jeg var usikker p\u00e5 om jeg ville f\u00e5 spillejobber. Men heldigvis har jeg mange trofaste fans som har fulgt meg videre. Det har g\u00e5tt over all forventning, og det er jeg glad for. Musikk er livet mitt, fastsl\u00e5r 76-\u00e5ringen.<\/p>\n<p>Lader batteriene<\/p>\n<p>To utslitte bobiler som han har brukt som turn\u00e9buss, er et tydelig tegn p\u00e5 hvor travel Tore har v\u00e6rt som soloartist de siste \u00e5rene. N\u00e5 har han kj\u00f8pt seg sin tredje bobil, etter at den forrige klokket inn p\u00e5 100\u00a0000 kilometer i l\u00f8pet av kort tid. Men sp\u00f8rsm\u00e5let om han blir sliten av reisevirksomheten, avfeier han kjapt.<\/p>\n<p>                <img decoding=\"async\" src=\"https:\/\/www.europesays.com\/no\/wp-content\/uploads\/2026\/01\/7588233.webp.jpeg\" width=\"480\" height=\"360\" title=\"P\u00c5 SCENEN: Tore lanserte sin solodebut da han rundet 70 \u00e5r. Her fra scenen tidligere i \u00e5r.\" alt=\"\" loading=\"lazy\" style=\"\"\/><\/p>\n<p>\n            <b>P\u00c5 SCENEN:<\/b> Tore lanserte sin solodebut da han rundet 70 \u00e5r. Her fra scenen tidligere i \u00e5r.\u00a0<br \/>\n            Privat\n        <\/p>\n<p>\u2013 Jeg har ikke en jobb som er verre enn andres. Det blir heller til at jeg lader batteriene n\u00e5r jeg jobber. N\u00e5r jeg kommer \u00abhemat\u00bb, er jeg vill og selskapssyk, poengterer han p\u00e5 sin karakteristiske \u00f8sterdalsdialekt.<\/p>\n<p>\u2013 Ja, det er mer liv i deg n\u00e5r du har v\u00e6rt p\u00e5 jobb enn n\u00e5r du bare er hjemme, istemmer kona, Pia (63).<\/p>\n<p>Les ogs\u00e5: <a href=\"https:\/\/www.klikk.no\/underholdning\/kim-wigaard-og-jan-runar-eliassens-unike-vennskap-7588007\" rel=\"nofollow noopener\" target=\"_blank\">Kim Wigaard og Jan Runar Eliassens unike vennskap<\/a><\/p>\n<p>Gift i 30 \u00e5r<\/p>\n<p>Sistnevnte har v\u00e6rt artistens trygge havn gjennom alle \u00e5r. De har v\u00e6rt samboere siden 1983 og gikk til alters p\u00e5 dansecruise i Karibia i 1995. At de i 2024 kunne feire perlebryllup etter 30 \u00e5rs ekteskap, tilskriver artisten livsfilosofien \u00abhappy wife, happy life\u00bb.<\/p>\n<p>                <img decoding=\"async\" src=\"https:\/\/www.europesays.com\/no\/wp-content\/uploads\/2026\/01\/7588231.webp.jpeg\" width=\"480\" height=\"274\" title=\"S\u00d8T MUSIKK: Tore Halvorsen synger serenader for sin kj\u00e6re kone, Pia. Musikk, humor og godt hum\u00f8r er viktige ingredienser i det 30 \u00e5r lange ekteskapet.\" alt=\"\" loading=\"lazy\" style=\"\"\/><\/p>\n<p>\n            <b>S\u00d8T MUSIKK:<\/b> Tore Halvorsen synger serenader for sin kj\u00e6re kone, Pia. Musikk, humor og godt hum\u00f8r er viktige ingredienser i det 30 \u00e5r lange ekteskapet.\u00a0<br \/>\n            Svein Brimi\n        <\/p>\n<p>\u2013 Det hjelper \u00e5 ta imot kjeften, og ikke ta igjen. Man m\u00e5 v\u00e6re ydmyk, for det holder med at den ene kjefter, r\u00e5der Tore.<\/p>\n<p>\u2013 N\u00e5 h\u00f8res jeg ut som den kjeftesmella! sier en lattermild Pia.<\/p>\n<p>\u2013 Det har jeg ikke sagt. Som regel har jeg gjort noe du ikke liker. Men det m\u00e5 jeg si: Pia har v\u00e6rt veldig t\u00e5lmodig. Jeg har aldri h\u00f8rt ett ord fra henne om at jeg m\u00e5 gi meg som musiker. Det er heller motsatt. \u00abN\u00e5 m\u00e5 du komme deg ut og spille, for n\u00e5 synes jeg du begynner \u00e5 bli vond \u00e5 v\u00e6re i hus med\u00bb, kan hun si.<\/p>\n<p>Tidlig debut<\/p>\n<p>Tore var allerede godt etablert som artist da han m\u00f8tte sin Pia, og \u00ab\u00e9n gang musiker, alltid musiker\u00bb. Allerede ti \u00e5r gammel begynte han \u00e5 opptre p\u00e5 scener hjemme i Rendalen. Hans trofaste f\u00f8lgesvenn, gitaren, ble ofte med til skolen, der han holdt minikonserter i friminuttene.<\/p>\n<p>I 1973 startet han dansebandet Katho, som fikk en hit med l\u00e5ten \u00abDagen er din\u00bb. Bandet holdt det g\u00e5ende frem til 1985. Etter noen str\u00f8jobber som blant annet l\u00e5sesmed og sj\u00e5f\u00f8r for et bakeri, fikk Tore en telefon i 1988 som skulle endre alt.<\/p>\n<p>\u2013 Vokalisten i Ole Ivars var blitt religi\u00f8s og kunne ikke v\u00e6re med lenger. Jeg ble med som vikar i tre dager, f\u00f8r jeg ble fast ansatt, erindrer Tore.<\/p>\n<p>Sammen med Ole Ivars skapte han norsk musikkhistorie. Dansebandet har gitt ut 50 album, flerfoldige hits, og blitt hedret med hele ni Spellemannpriser. Musikkgruppen har v\u00e6rt i rampelyset i flere ti\u00e5r, og naturlig nok ble det store overskrifter da Tore valgte \u00e5 forlate bandet.\u00a0<\/p>\n<p>                <img decoding=\"async\" src=\"https:\/\/www.europesays.com\/no\/wp-content\/uploads\/2026\/01\/7588242.webp.jpeg\" width=\"480\" height=\"377\" title=\"DEN GANG DA: I 2014 feiret Ole Ivars 50 \u00e5r som danseband. Tore var en del av musikkeventyret i 30 \u00e5r, f\u00f8r han ga seg i 2018.\" alt=\"\" loading=\"lazy\" style=\"\"\/><\/p>\n<p>\n            <b>DEN GANG DA:<\/b> I 2014 feiret Ole Ivars 50 \u00e5r som danseband. Tore var en del av musikkeventyret i 30 \u00e5r, f\u00f8r han ga seg i 2018.<br \/>\n            Roger Neumann\/VG\n        <\/p>\n<p>\u2013 Jeg er veldig takknemlig for de 30 \u00e5rene jeg hadde i Ole Ivars. Det var en reise jeg ikke ville v\u00e6rt foruten. Men alt har sin slutt, og det var ingen \u00abbig deal\u00bb, understreker han og legger til at han i\u00a0dag er opptatt av \u00e5 fokusere p\u00e5 de mange gode minnene han har fra tiden med guttene.<\/p>\n<p>Heftig kollisjon\u00a0<\/p>\n<p>For er det noe Tore har l\u00e6rt, s\u00e5 er det at livet er kort. Plutselig kan alt v\u00e6re over. For tre \u00e5r siden var han bare centimeter fra en d\u00f8dsulykke da han var p\u00e5 vei til hytta i \u00d8sterdalen sammen med en kompis.\u00a0<\/p>\n<p>Tore s\u00e5 ikke den nedsn\u00f8dde lastebilen uten synlige baklys f\u00f8r han var helt inntil, og dermed m\u00e5tte han br\u00e5tt svinge til siden for \u00e5 unng\u00e5 det som kunne blitt en kraftig kollisjon. Bilen gjorde et byks over i motsatt kj\u00f8refelt, der den traff en annen personbil. Tore slapp unna med et kraftig forsl\u00e5tt ansikt og en bil som ble totalvraket.<\/p>\n<p>\u2013 Det kunne g\u00e5tt veldig ille. Gudskjelov gikk det bra, men det var t\u00f8ft nok, medgir Tore.<\/p>\n<p>Les ogs\u00e5 (+)\u00a0<a href=\"https:\/\/www.klikk.no\/bolig\/laila-og-mannen-forlot-storbyen-og-dro-hit-folk-mente-vi-var-crazy-7511521\" target=\"_blank\" rel=\"nofollow noopener\">Laila og Joachim forlot storbyen og dro hit:\u00a0\u2013 Folk mente vi var crazy<\/a><\/p>\n<p>Ble hjerteoperert\u00a0<\/p>\n<p>Riktig ille kunne det ogs\u00e5 g\u00e5tt om artisten hadde fortsatt \u00e5 ignorere brystsmertene i 2017. Tore ble fort sliten og tungpustet p\u00e5 den tiden og trodde det var r\u00f8ykingen som var \u00e5rsaken. Da han endelig kom seg til fastlegen i mai samme \u00e5r, ble det sl\u00e5tt full alarm.<\/p>\n<p>                <img decoding=\"async\" src=\"https:\/\/www.europesays.com\/no\/wp-content\/uploads\/2026\/01\/7588245.webp.jpeg\" width=\"480\" height=\"240\" title=\"ON THE ROAD: Tore har kj\u00f8pt seg en ny bobil, som han turnerer med.\u00a0\u2013 Jeg mangler bare \u00e5 dekorere den med min logo, sier artisten.\" alt=\"\" loading=\"lazy\" style=\"\"\/><\/p>\n<p>\n            <b>ON THE ROAD:<\/b> Tore har kj\u00f8pt seg en ny bobil, som han turnerer med.\u00a0\u2013 Jeg mangler bare \u00e5 dekorere den med min logo, sier artisten.\u00a0<br \/>\n            Svein Brimi\n        <\/p>\n<p>\u2013 Jeg ble sendt i hui og hast til sykehuset. De sa at jeg kom i grevens tid, for jeg hadde en hjerteklaff som nesten ikke fungerte lenger, forteller artisten, som\u00a0fikk beskjed om at han m\u00e5tte hjerteopereres,<\/p>\n<p>Hjerteklaff fra fransk gris<\/p>\n<p>Tore, som er kjent for \u00e5 aldri kansellere jobber, slo straks opp i den fulle almanakken. Han s\u00e5 at han hadde en ledig luke i september, fire m\u00e5neder senere.<\/p>\n<p>\u00abJa, du f\u00e5r velge selv: Vil du spille, eller vil du d\u00f8?\u00bb, var den klare talen fra legen. Dermed ble det operasjon.<\/p>\n<p>Tores rekonvalesens varte i flere uker etter operasjonen. Han stumpet r\u00f8yken tvert og satt igjen med bedre helse og et lite arr p\u00e5 brystkassen.<\/p>\n<p>                <img decoding=\"async\" src=\"https:\/\/www.europesays.com\/no\/wp-content\/uploads\/2026\/01\/7588247.webp.jpeg\" width=\"480\" height=\"322\" title=\"ROS OG ROSER: Tore hyller kona for perlebryllupet de feirer i \u00e5r.\u00a0\u2013 Pia holder ting i orden hjemme, klager aldri og st\u00f8tter meg i karrieren, sier han.\" alt=\"\" loading=\"lazy\" style=\"\"\/><\/p>\n<p>\n            <b>ROS OG ROSER:<\/b> Tore hyller kona for perlebryllupet de feirer i \u00e5r.\u00a0\u2013 Pia holder ting i orden hjemme, klager aldri og st\u00f8tter meg i karrieren, sier han.\u00a0<br \/>\n            Svein Brimi\n        <\/p>\n<p>\u2013 F\u00f8r var disse arrene ganske lange, men legen sa: \u00abDet kunne vi ikke gj\u00f8re mot deg. Du skal jo st\u00e5 p\u00e5 scenen med \u00e5pen skjorte og synge damene i senk\u00bb, gjenforteller Tore, som kan takke en gris for sitt n\u00e5 bankende hjerte.<\/p>\n<p>\u2013 Det er meg og kong Harald, og legen opplyste at hjerteklaffen min kom fra en fransk gris, ler han.<\/p>\n<p>Elsker frukt<\/p>\n<p>Tores gode helse blir opprettholdt med et sunt kosthold. For \u00absang\u00bb blir det, men lite til \u00abpiker og vin\u00bb n\u00e5r han er p\u00e5 turn\u00e9. Artisten gomler p\u00e5 frukt gjennom dagen, og i jakkelommen hans finner man alltid et reservelager av epler og p\u00e6rer.<\/p>\n<p>                <img decoding=\"async\" src=\"https:\/\/www.europesays.com\/no\/wp-content\/uploads\/2026\/01\/7588250.webp.jpeg\" width=\"480\" height=\"720\" title=\"VIKTIG VALG: I 2021 kuttet Tore bollene og gikk ned over 20 kilo.\" alt=\"\" loading=\"lazy\" style=\"\"\/><\/p>\n<p>\n            <b>VIKTIG VALG:<\/b> I 2021 kuttet Tore bollene og gikk ned over 20 kilo.<br \/>\n            Svein Brimi\n        <\/p>\n<p>\u2013 F\u00f8rst og fremst synes jeg frukt er s\u00e5 godt. Kameratene mine som er med meg p\u00e5 tur, gliser av det: \u00abDu og det eplet ditt!\u00bb<\/p>\n<p>Solgte eneboligen\u00a0<\/p>\n<p>En enklere hverdag ble det ogs\u00e5 da ekteparet valgte \u00e5 selge huset sitt p\u00e5 L\u00f8ten for noen \u00e5r tilbake. Pias smertefulle revmatisme gjorde det vanskelig \u00e5 holde hus og hjem i sjakk. N\u00e5 bor paret i en koselig leilighet sentralt p\u00e5 Hamar, der datteren Tina (31) stadig er p\u00e5 bes\u00f8k.<\/p>\n<p>\u2013 Jeg m\u00e5 rose Pia for alt hun gj\u00f8r. Selv om hun sliter med store smerter, klager hun aldri. Hadde jeg v\u00e6rt halvparten s\u00e5 d\u00e5rlig, hadde jeg ligget med \u00e9n fot i graven. Jeg skj\u00f8nner ikke at hun klarer det. Hun lager mat og holder ting i orden og liker ikke \u00e5 plage andre med sykdommen sin. Hun er utrolig sterk, fastsl\u00e5r Tore.<\/p>\n<p>Les ogs\u00e5:\u00a0<a href=\"https:\/\/www.klikk.no\/underholdning\/christine-koht-jeg-er-redd-for-at-pernille-skal-do-7585928\" rel=\"nofollow noopener\" target=\"_blank\">Christine Koht:\u00a0\u2013 Jeg er redd for at Pernille skal d\u00f8<\/a><\/p>\n<p>Dr\u00f8mte om drap<\/p>\n<p>Pia ber\u00f8mmer p\u00e5 sin side den gode humoren paret har seg imellom. \u00abVi er flinke til \u00e5 le sammen\u00bb, som hun selv sier. Selv det uforskyldte drapsfors\u00f8ket p\u00e5 henne tar de med godt hum\u00f8r i dag.<\/p>\n<p>                <img decoding=\"async\" src=\"https:\/\/www.europesays.com\/no\/wp-content\/uploads\/2026\/01\/7588252.webp.jpeg\" width=\"480\" height=\"552\" title=\"ET SUNT LIV: Tore spiser frukt dagen lang og har alltid med seg litt reserve i jakkelommen.\u00a0\u2013 Livet er blitt s\u00e5 mye bedre etter hjerteoperasjonen, det var som natt og dag, sier han om helsen.\" alt=\"\" loading=\"lazy\" style=\"\"\/><\/p>\n<p>\n            <b>ET SUNT LIV:<\/b> Tore spiser frukt dagen lang og har alltid med seg litt reserve i jakkelommen.\u00a0\u2013 Livet er blitt s\u00e5 mye bedre etter hjerteoperasjonen, det var som natt og dag, sier han om helsen.\u00a0<br \/>\n            Svein Brimi\n        <\/p>\n<p>\u2013 Men jeg fikk \u00abhetta\u00bb der og da, innr\u00f8mmer hun lattermildt.<\/p>\n<p>Pia og Tore satt og s\u00e5 p\u00e5 en voldelig actionfilm en sen kveld. I filmen infiltrerte hovedpersonen en morderisk motorsykkelgjeng. Senere p\u00e5 natten v\u00e5knet Pia av at ektemannen holdt et godt grep rundt halsen hennes med armen og klemte til. I sin dype s\u00f8vn dr\u00f8mte nemlig Tore at han selv skulle f\u00e5 has p\u00e5 mafiosoen i motorsykkelgjengen!<\/p>\n<p>\u2013 Jeg fikk ikke puste og slo og sparket for harde livet. Jeg skj\u00f8nte at han dr\u00f8mte, men det tok litt tid \u00e5 f\u00e5 \u00abliv\u00bb i ham igjen, forteller Pia.<\/p>\n<p>\u2013 Jeg holdt rett og slett p\u00e5 \u00e5 ta livet av henne! Jeg har sp\u00f8kt med at det kanskje er bedre \u00e5 se p\u00e5 pornofilm i stedet, sk\u00f8yer han \u2013 til konas latterkuler.<\/p>\n<p>                <img decoding=\"async\" src=\"https:\/\/www.europesays.com\/no\/wp-content\/uploads\/2026\/01\/7588254.webp.jpeg\" width=\"480\" height=\"321\" title=\"EKSOTISK VIELSE: Paret giftet seg p\u00e5 cruise i Karibia i 1995. Bildet er fra den store dagen for 30 \u00e5r siden.\" alt=\"\" loading=\"lazy\" style=\"\"\/><\/p>\n<p>\n            <b>EKSOTISK VIELSE:<\/b> Paret giftet seg p\u00e5 cruise i Karibia i 1995. Bildet er fra den store dagen for 30 \u00e5r siden.<br \/>\n            Svein Brimi\n        <\/p>\n<p>\u2013 Jeg synes Tore er veldig morsom. Og utrolig snill og t\u00e5lmodig. Og s\u00e5 har vel ekteskapet fungert s\u00e5 bra fordi jeg har en gubbe som fortsatt gj\u00f8r det han elsker, sier Pia.<\/p>\n<p>Og planen er selvsagt \u00e5 holde det g\u00e5ende lengst mulig, b\u00e5de p\u00e5 hjemme- og bortebane.<\/p>\n<p>\u2013 Jeg h\u00e5per jeg slipper \u00e5 bli pensjonist. Jeg synes det er s\u00e5 moro \u00e5 glede andre med musikk. Jeg skal holde p\u00e5 s\u00e5 lenge helsen holder, og vel s\u00e5 det, smiler Tore Halvorsen.<\/p>\n","protected":false},"excerpt":{"rendered":"\u2013 Jeg har aldri hatt det s\u00e5 bra som n\u00e5. Jeg kan bestemme selv n\u00e5r jeg skal reise,&hellip;\n","protected":false},"author":2,"featured_media":130956,"comment_status":"","ping_status":"","sticky":false,"template":"","format":"standard","meta":{"footnotes":""},"categories":[58],"tags":[71,30,28,29,72],"class_list":{"0":"post-130955","1":"post","2":"type-post","3":"status-publish","4":"format-standard","5":"has-post-thumbnail","7":"category-underholdning","8":"tag-entertainment","9":"tag-no","10":"tag-norge","11":"tag-norway","12":"tag-underholdning"},"share_on_mastodon":{"url":"https:\/\/pubeurope.com\/@no\/115853073027420255","error":""},"_links":{"self":[{"href":"https:\/\/www.europesays.com\/no\/wp-json\/wp\/v2\/posts\/130955","targetHints":{"allow":["GET"]}}],"collection":[{"href":"https:\/\/www.europesays.com\/no\/wp-json\/wp\/v2\/posts"}],"about":[{"href":"https:\/\/www.europesays.com\/no\/wp-json\/wp\/v2\/types\/post"}],"author":[{"embeddable":true,"href":"https:\/\/www.europesays.com\/no\/wp-json\/wp\/v2\/users\/2"}],"replies":[{"embeddable":true,"href":"https:\/\/www.europesays.com\/no\/wp-json\/wp\/v2\/comments?post=130955"}],"version-history":[{"count":0,"href":"https:\/\/www.europesays.com\/no\/wp-json\/wp\/v2\/posts\/130955\/revisions"}],"wp:featuredmedia":[{"embeddable":true,"href":"https:\/\/www.europesays.com\/no\/wp-json\/wp\/v2\/media\/130956"}],"wp:attachment":[{"href":"https:\/\/www.europesays.com\/no\/wp-json\/wp\/v2\/media?parent=130955"}],"wp:term":[{"taxonomy":"category","embeddable":true,"href":"https:\/\/www.europesays.com\/no\/wp-json\/wp\/v2\/categories?post=130955"},{"taxonomy":"post_tag","embeddable":true,"href":"https:\/\/www.europesays.com\/no\/wp-json\/wp\/v2\/tags?post=130955"}],"curies":[{"name":"wp","href":"https:\/\/api.w.org\/{rel}","templated":true}]}}