{"id":130969,"date":"2026-01-07T09:39:11","date_gmt":"2026-01-07T09:39:11","guid":{"rendered":"https:\/\/www.europesays.com\/no\/130969\/"},"modified":"2026-01-07T09:39:11","modified_gmt":"2026-01-07T09:39:11","slug":"fotball-arbeidsliv-jonas-enkerud-har-forlenget-kontrakten-med-elverum-fotball","status":"publish","type":"post","link":"https:\/\/www.europesays.com\/no\/130969\/","title":{"rendered":"Fotball, Arbeidsliv | Jonas Enkerud har forlenget kontrakten med Elverum Fotball"},"content":{"rendered":"\n<p>De sikla lenge og de dr\u00f8mte stort.<\/p>\n<p>I lang, lang tid l\u00e5 Elverum Fotball langflate etter \u00e5 f\u00e5 p\u00e5 plass signeringen av Jonas Enkerud.<\/p>\n<p>Etter et kort eventyr p\u00e5 F\u00e6r\u00f8yene klarte klubben til slutt \u00e5 overbevise 35-\u00e5ringen om \u00e5 vende hjem, og i august tok han igjen p\u00e5 seg den hvite drakta.<\/p>\n<p>  <a href=\"https:\/\/www.ostlendingen.no\/80-69-76074\" class=\"related-teaser has-image default-story-teaser article--c-eRUmMG article--c-eRUmMG-jKCPdD-design-default\" rel=\"nofollow noopener\" target=\"_blank\"><\/p>\n<p>    <img decoding=\"async\" loading=\"lazy\"  src=\"https:\/\/www.europesays.com\/no\/wp-content\/uploads\/2026\/01\/Jonas+Enkerud+3.jpg\" alt=\"\" class=\"brick-c-cFOWSL\" style=\"\"\/><\/p>\n<p>\n            Les ogs\u00e5<\/p>\n<p>              R\u00f8rende beskjed til familien. N\u00e5 kommer Jonas (35) hjem: \u2013 Jeg har litt \u00e5 ta igjen\n        <\/p>\n<p>  <\/a><br \/>\n  En ny hverdag<\/p>\n<p>I f\u00f8rste omgang var det snakk om en kontrakt p\u00e5 et halv\u00e5r.<\/p>\n<p>N\u00e5 har Enkerud igjen satt penn til papir og er klar for nok en sesong i klubben har spilte for fra 2015 til 2018.<\/p>\n<p>\u2013 Det er godt \u00e5 f\u00e5 det landa, selv om jeg har hatt en god prat med klubben over tid. Jeg er i en fase av livet hvor det er en del som m\u00e5 tenkes p\u00e5, sier Enkerud, som for f\u00f8rste gang siden han forlot Elverum i 2018 skal kombinere jobb med fotballen.<\/p>\n<p>   <img decoding=\"async\" width=\"1200\" height=\"814\" fetchpriority=\"low\"  loading=\"lazy\"  src=\"https:\/\/www.europesays.com\/no\/wp-content\/uploads\/2026\/01\/Jonas+Enkerud+2.jpg\" alt=\"\" class=\"brick-c-cFOWSL\" style=\"--brick-image-ratio: 1200 \/ 814;\"\/><\/p>\n<p>      FORTSETTER:  \u2013 S\u00e5 lenge kroppen spiller p\u00e5 lag skal det v\u00e6re mulig \u00e5 henge med litt til, sier Enkerud om \u00e5 forlenge med Elverum.<br \/>\n      Foto: Anita H\u00f8iby Gotehus\n    <\/p>\n<p>I h\u00f8st ble Enkerud ansatt i en 60 prosent stilling som fysioterapeut i V\u00e5ler, noe som sammen med familielivet skal g\u00e5 h\u00e5nd i h\u00e5nd med fotballen.<\/p>\n<p>\u2013 Det er en stor overgang. Den h\u00f8sten i fjor var, om ikke brutal, i hvert fall annerledes. Jeg kjente at det t\u00e6rer p\u00e5 mer enn jeg hadde sett for meg, men det er mange som har det s\u00e5nn, p\u00e5peker Enkerud.<\/p>\n<p>\u2013Jeg har kanskje starta litt senere med den tilvenninga, men det er en tid for alt. N\u00e5 er det jo det vanlige arbeidslivet som er hovedinnholdet med familie i tillegg, mens fotballen blir deretter. Selv om n\u00e5r jeg f\u00f8rst er med, s\u00e5 er det all in.<\/p>\n<p>  <a href=\"https:\/\/www.ostlendingen.no\/80-69-131627\" class=\"related-teaser has-image default-story-teaser article--c-eRUmMG article--c-eRUmMG-jKCPdD-design-default\" rel=\"nofollow noopener\" target=\"_blank\"><\/p>\n<p>    <img decoding=\"async\" loading=\"lazy\"  src=\"https:\/\/www.europesays.com\/no\/wp-content\/uploads\/2026\/01\/IMG_6184+(1)_1.JPG\" alt=\"\" class=\"brick-c-cFOWSL\" style=\"\"\/><\/p>\n<p>\n            Les ogs\u00e5<\/p>\n<p>              Jonas (35) p\u00e5 plass i ny jobb, men \u00e8n ting er forel\u00f8pig usikkert\n        <\/p>\n<p>  <\/a><br \/>\n  Bitter etter fjor\u00e5ret<\/p>\n<p>\u2013 Det er naturlig at spillere som Jonas, med den kvaliteten og erfaringen som han besitter, er en vi vil ha med oss videre. Han brer rundt seg med erfaring og er en jeg tror alle i Elverum Fotball ser opp til, sier sportslig leder Vegar Granvold Berntsen.<\/p>\n<p>Enkerud har tidligere spilt i b\u00e5de Nybergsund og Eidsvold Turn, men er aller mest kjent for sine fem sesonger i HamKam.<\/p>\n<p>\u2013 Vi som klubb er selvf\u00f8lgelig meget forn\u00f8yde med \u00e5 ha med oss Jonas videre. Det er viktig for hele spillergruppa og noe vi er veldig glade for, understreker markedssjef Thomas Rydning Furulund.<\/p>\n<p>Mannen med r\u00f8tter p\u00e5 Kjellmyra har if\u00f8lge fotball.no 106 kamper og 42 scoringer for Elverum totalt.<\/p>\n<p>Forrige sesong ble det tre m\u00e5l p\u00e5 de 11 kampene han fikk med seg p\u00e5 slutten av en sesong der Elverum nok en gang ikke klarte \u00e5 n\u00e5 m\u00e5let om opprykk.<\/p>\n<p>   <img decoding=\"async\" width=\"1200\" height=\"800\" fetchpriority=\"low\"  loading=\"lazy\"  src=\"https:\/\/www.europesays.com\/no\/wp-content\/uploads\/2026\/01\/1767778751_624_Jonas+Enkerud+3.jpg\" alt=\"\" class=\"brick-c-cFOWSL\" style=\"--brick-image-ratio: 1200 \/ 800;\"\/><\/p>\n<p>      MISSET OPPRYKKET: Enkerud er klar p\u00e5 at det var tungt \u00e5 avslutte sesongen uten opprykk i fjor.<br \/>\n      Foto: Anita H\u00f8iby Gotehus\n    <\/p>\n<p>\u2013 Jeg var ganske bitter etter at det r\u00f8yk. Den satt i lenge. Vi vet det er en lang veg dit igjen, men jeg trives fortsatt med fotball. Og s\u00e5 lenge kroppen spiller p\u00e5 lag skal det v\u00e6re mulig \u00e5 henge med litt til, sier Enkerud, som har tro p\u00e5 \u00e5 kjempe i toppen ogs\u00e5 i \u00e5r.<\/p>\n<p>\u2013 Vi vet hvor trangt n\u00e5l\u00f8yet er, men det er et m\u00e5l ogs\u00e5 i \u00e5r selvf\u00f8lgelig. Vi kommer til \u00e5 sikte mot det, men det er en solid jobb som m\u00e5 legges ned. Det g\u00e5r ikke av seg selv.<\/p>\n<p>Mye p\u00e5 plass<\/p>\n<p>Resigneringen av Enkerud er den siste av en liste med spillere Berntsen og Elverum Fotball har gjort avtaler med denne vinteren.<\/p>\n<p>Viktige spillere som J\u00f8rgen Fylling, Mikkel Gran Frankmo, Andreas Hippe Fagereng, Fredrik Liberg Berg og er bare noen av spillerne som blir i klubben.<\/p>\n<p>I tillegg er b\u00e5de kaptein Vladimirs Kamess og ikke minst klubbens mestscorende spiller <a href=\"https:\/\/www.ostlendingen.no\/vis\/tema\/nyhetshjulet?p=lc-10683634-7539\" rel=\"Follow nofollow noopener\" target=\"_blank\">Magnus Solum klare for nye sesonger i Elverum.<\/a><\/p>\n<p>\u2013 Grunnstammen har v\u00e6rt viktig for oss \u00e5 beholde, og mange brikker er p\u00e5 plass. Vi er godt i rute og vet hvor vi st\u00e5r, hva vi vil forsterke og hvem vi \u00f8nsker, forteller Berntsen.<\/p>\n<p>Akkurat hvor mange spillere som mangler f\u00f8r en tropp er satt vil ikke Berntsen befeste, men han sier at de \u00f8nsker \u00e5 ha mest mulig p\u00e5 plass i l\u00f8pet av \u00e5rets to f\u00f8rste m\u00e5neder.<\/p>\n<p>\u2013 Vi er forn\u00f8yd med det vi har, samtidig som vi er p\u00e5 utkikk i noen posisjoner. S\u00e5 sp\u00f8rs det p\u00e5 hvem andre vi f\u00e5r med oss videre, sier Berntsen.<\/p>\n<p>\u2013 Er Peder Nersveen en av de som er p\u00e5 blokka?<\/p>\n<p>\u2013 Det er dialog med Peder, men han er p\u00e5 et sted hvor det m\u00e5 bli tatt noen valg. Jeg tror han vil spille, men det er en kabal som m\u00e5 g\u00e5 opp med tanke p\u00e5 jobb og familie. Samtidig er det ikke noe vi stresser med n\u00e5. Vi vet hva han st\u00e5r for og hva vi f\u00e5r uansett n\u00e5r han eventuelt m\u00e5tte bestemme seg.<\/p>\n<p>  <a href=\"https:\/\/www.ostlendingen.no\/80-69-85532\" class=\"related-teaser has-image default-story-teaser article--c-eRUmMG article--c-eRUmMG-jKCPdD-design-default\" rel=\"nofollow noopener\" target=\"_blank\"><\/p>\n<p>    <img decoding=\"async\" loading=\"lazy\"  src=\"https:\/\/www.europesays.com\/no\/wp-content\/uploads\/2026\/01\/d069a71f-3f25-48bf-a2fa-3d55dac15def.jpeg\" alt=\"\" class=\"brick-c-cFOWSL\" style=\"\"\/><\/p>\n<p>\n            Les ogs\u00e5<\/p>\n<p>              Livet til Peder har f\u00e5tt en ny mening: \u2013 Jeg mista det helt\n        <\/p>\n<p>  <\/a><\/p>\n","protected":false},"excerpt":{"rendered":"De sikla lenge og de dr\u00f8mte stort. I lang, lang tid l\u00e5 Elverum Fotball langflate etter \u00e5 f\u00e5&hellip;\n","protected":false},"author":2,"featured_media":130970,"comment_status":"","ping_status":"","sticky":false,"template":"","format":"standard","meta":{"footnotes":""},"categories":[59],"tags":[465,36,1070,5534,92,30,28,29,83,82,1510],"class_list":{"0":"post-130969","1":"post","2":"type-post","3":"status-publish","4":"format-standard","5":"has-post-thumbnail","7":"category-sport","8":"tag-arbeidsliv","9":"tag-art","10":"tag-elverum","11":"tag-elverum-fotball","12":"tag-fotball","13":"tag-no","14":"tag-norge","15":"tag-norway","16":"tag-sport","17":"tag-sports","18":"tag-story"},"share_on_mastodon":{"url":"https:\/\/pubeurope.com\/@no\/115853155874533048","error":""},"_links":{"self":[{"href":"https:\/\/www.europesays.com\/no\/wp-json\/wp\/v2\/posts\/130969","targetHints":{"allow":["GET"]}}],"collection":[{"href":"https:\/\/www.europesays.com\/no\/wp-json\/wp\/v2\/posts"}],"about":[{"href":"https:\/\/www.europesays.com\/no\/wp-json\/wp\/v2\/types\/post"}],"author":[{"embeddable":true,"href":"https:\/\/www.europesays.com\/no\/wp-json\/wp\/v2\/users\/2"}],"replies":[{"embeddable":true,"href":"https:\/\/www.europesays.com\/no\/wp-json\/wp\/v2\/comments?post=130969"}],"version-history":[{"count":0,"href":"https:\/\/www.europesays.com\/no\/wp-json\/wp\/v2\/posts\/130969\/revisions"}],"wp:featuredmedia":[{"embeddable":true,"href":"https:\/\/www.europesays.com\/no\/wp-json\/wp\/v2\/media\/130970"}],"wp:attachment":[{"href":"https:\/\/www.europesays.com\/no\/wp-json\/wp\/v2\/media?parent=130969"}],"wp:term":[{"taxonomy":"category","embeddable":true,"href":"https:\/\/www.europesays.com\/no\/wp-json\/wp\/v2\/categories?post=130969"},{"taxonomy":"post_tag","embeddable":true,"href":"https:\/\/www.europesays.com\/no\/wp-json\/wp\/v2\/tags?post=130969"}],"curies":[{"name":"wp","href":"https:\/\/api.w.org\/{rel}","templated":true}]}}