{"id":130971,"date":"2026-01-07T09:40:09","date_gmt":"2026-01-07T09:40:09","guid":{"rendered":"https:\/\/www.europesays.com\/no\/130971\/"},"modified":"2026-01-07T09:40:09","modified_gmt":"2026-01-07T09:40:09","slug":"peder-braastad-jakten-pa-kjaerligheten","status":"publish","type":"post","link":"https:\/\/www.europesays.com\/no\/130971\/","title":{"rendered":"Peder Braastad, Jakten p\u00e5 kj\u00e6rligheten"},"content":{"rendered":"\n<p>(<a rel=\"Follow nofollow noopener\" href=\"https:\/\/www.ringsaker-blad.no\/na-er-jakten-over-for-peder-fant-lykken-med-susanne\/s\/5-79-975132\" target=\"_blank\">Ringsaker Blad<\/a>\/<a href=\"https:\/\/www.nationen.no\/peder-braastad-i-jakten-pa-kjarligheten-er-klar-for\/s\/5-148-844028\" rel=\"Follow nofollow noopener\" target=\"_blank\">Nationen<\/a>): Det forteller reality-deltaker Peder Braastad fra Ringsaker kommune i Innlandet fylke.<\/p>\n<p>Da han deltok i fjor\u00e5rets sesong av Jakten p\u00e5 kj\u00e6rligheten, var det frieren Mariell \u00d8sthagen som sto igjen til slutt.<\/p>\n<p><b>Les ogs\u00e5: <a rel=\"Follow nofollow noopener\" href=\"https:\/\/www.nettavisen.no\/kjendis\/hemmelig-farmen-kjendis-deltakelse-noye-koordinert\/s\/5-95-2744229\" target=\"_blank\">Skjulte \u00abFarmen kjendis\u00bb-deltakelsen for s\u00f8nnen: \u2013 N\u00f8ye koordinert<\/a><\/b><\/p>\n<p>Det viste seg dog etter kort tid \u00e5 ikke v\u00e6re den store kj\u00e6rligheten, men n\u00e5 kan Simenstad-bonden r\u00f8pe at han ikke lenger er singel. Han har nemlig funnet lykken med Susanne Tjernes fra Sarpsborg.<\/p>\n<p>\u2013 Hadde det ikke v\u00e6rt for \u00abJakten\u00bb, s\u00e5 hadde vi kanskje aldri m\u00f8ttes, erkjenner Braastad, som forteller at de fant hverandre p\u00e5 sosiale medier.<\/p>\n<p>\u2013 Vi begynte f\u00f8lge hverandre p\u00e5 Instagram, og deretter sendte jeg henne en melding der. Siden har det g\u00e5tt slag i slag, forteller den nyforelska rudsh\u00f8gdingen.<\/p>\n<p><b>Les ogs\u00e5: <a href=\"https:\/\/www.nettavisen.no\/kjendis\/disse-flytter-inn-pa-torpet-kjendis\/s\/5-95-2756192\" rel=\"Follow nofollow noopener\" target=\"_blank\">\u00abTorpet kjendis\u00bb: \u2013 Helt naturlig \u00e5 lage et helvete<\/a><\/b><\/p>\n<p>F\u00f8r jul bes\u00f8kte Nationen Braastad p\u00e5 g\u00e5rden p\u00e5 Ringsaker.<\/p>\n<p><b>Les hele reportasjen her: <\/b><\/p>\n<p><a class=\"simple-relation related-teaser article--c-eRUmMG article--c-eRUmMG-fZoQSp-design-nettavisen article--c-eRUmMG-gwthdJ-cv\" href=\"https:\/\/www.nettavisen.no\/for-to-ar-siden-flyttet-peder-inn-i-nybygd-hus-pa-tunet-forst-i-ar-er-det-juletre-bade-inne-og-ute\/f\/5-148-833072\" rel=\"nofollow noopener\" target=\"_blank\">For to \u00e5r siden flyttet Peder inn i nybygd hus p\u00e5 tunet. F\u00f8rst i \u00e5r er det juletre b\u00e5de inne og ute<\/a><\/p>\n<p>Jakten-bonden er ogs\u00e5 h\u00f8yaktuell i en ny runde med reality. 6. januar starter en ny sesong med Farmen kjendis p\u00e5 TV2. Der Braastad er en av deltakerne.<\/p>\n<p>    Vil du se neste video?<\/p>\n<p>    <a href=\"https:\/\/www.nettavisen.no\/nyheter\/ukrainsk-jagerfly-odelegger-for-vladimir-putin-i-pokrovsk\/v\/5-95-2807927\" class=\"recommend-poster\" data-adp-clicklabel=\"video-recommend\" data-adp-clickvalue=\"poster\" rel=\"nofollow noopener\" target=\"_blank\"><br \/>\n      <img decoding=\"async\" width=\"200\" height=\"200\" loading=\"lazy\" src=\"https:\/\/www.europesays.com\/no\/wp-content\/uploads\/2026\/01\/JAGERFLY+BREDDE.jpg\" alt=\"\" class=\"brick-c-cFOWSL\" style=\"--brick-image-ratio: 200 \/ 200;\"\/><\/p>\n<p>Nye bilder: Rammer Putin hardt0:41<\/p>\n<p>    <\/a><\/p>\n<p>Framtidsplaner p\u00e5 g\u00e5rden<\/p>\n<p>   <img decoding=\"async\" width=\"828\" height=\"1104\" fetchpriority=\"low\"  loading=\"lazy\"  src=\"https:\/\/www.europesays.com\/no\/wp-content\/uploads\/2026\/01\/IMG_2704.JPG\" alt=\"\" class=\"brick-c-cFOWSL\" style=\"--brick-image-ratio: 828 \/ 1104;\"\/><\/p>\n<p>      Susanne trives godt p\u00e5 g\u00e5rden p\u00e5 Rudsh\u00f8gda og dr\u00f8mmer om egen familie der i framtiden.<br \/>\n      Foto: Privat\n    <\/p>\n<p>Braastad legger ikke skjul p\u00e5 at han har \u00f8nsket \u00e5 finne noen \u00e5 dele livet med p\u00e5 Simenstad g\u00e5rd. N\u00e5 ser han lyst p\u00e5 framtiden med Susanne.<\/p>\n<p>\u2013 Selv om det er ferskt, har vi allerede snakket mye om framtiden. Susanne er flyttbar, og med tiden er det ikke utenkelig at hun blir en ringsaksokning. Hun har engasjementet og lysten som trengs for \u00e5 v\u00e6re med og skape noe her, smiler han.<\/p>\n<p><b>Les ogs\u00e5: <a href=\"https:\/\/www.nettavisen.no\/kjendis\/eric-dane-kjemper-for-livet-har-sykepleiere-dognet-rundt\/s\/5-95-2803901\" rel=\"Follow nofollow noopener\" target=\"_blank\">Kjemper for livet: Har sykepleiere d\u00f8gnet rundt<\/a><\/b><\/p>\n<p>Susanne er utdannet fris\u00f8r og driver egen fris\u00f8rsalong i hjembyen Sarpsborg.<\/p>\n<p>Lot seg sjarmere<\/p>\n<p>   <img decoding=\"async\" width=\"828\" height=\"1104\" fetchpriority=\"low\"  loading=\"lazy\"  src=\"https:\/\/www.europesays.com\/no\/wp-content\/uploads\/2026\/01\/IMG_2703.JPG\" alt=\"\" class=\"brick-c-cFOWSL\" style=\"--brick-image-ratio: 828 \/ 1104;\"\/><\/p>\n<p>      Paret m\u00f8ttes gjennom sosiale medier og har brukt store deler av h\u00f8sten sammen.<br \/>\n      Foto: Privat\n    <\/p>\n<p>Susanne legger ikke skjul p\u00e5 at det var lett \u00e5 la seg sjarmere av bonden.<\/p>\n<p>\u2013 Han er b\u00e5de initiativrik og spontan, veldig sosial og glad i \u00e5 finne p\u00e5 ting, s\u00e5nn som meg. I tillegg er han snill og omsorgsfull og tar vare p\u00e5 alle rundt seg, og det er egenskaper jeg setter pris p\u00e5, forteller hun.<\/p>\n<p><b>Les ogs\u00e5: <a href=\"https:\/\/www.nettavisen.no\/kjendis\/dette-er-kjendisenes-nyttarsforsetter-lover-a-ikke-vare-utro-i-2026\/s\/5-95-2801615\" rel=\"Follow nofollow noopener\" target=\"_blank\">Kjendisenes nytt\u00e5rsforsetter: \u2013 Lover \u00e5 ikke v\u00e6re utro i 2026<\/a><\/b><\/p>\n<p>Susanne forteller at felles \u00f8nsker for framtiden ogs\u00e5 har v\u00e6rt viktig.<\/p>\n<p>\u2013 N\u00e5r man m\u00f8tes i 30-\u00e5rene, er det viktig \u00e5 f\u00e5 snakket om det tidlig. Vi har et felles \u00f8nske om \u00e5 bygge en familie her p\u00e5 g\u00e5rden. Jeg har alltid dr\u00f8mt om \u00e5 bo p\u00e5 g\u00e5rd, med dyr og spesielt hest. Jeg er oppvokst med \u00e5 ri, s\u00e5 det hadde v\u00e6rt en fantastisk med en hest her i framtiden ogs\u00e5, smiler hun.<\/p>\n<p><a class=\"simple-relation related-teaser article--c-eRUmMG article--c-eRUmMG-fZoQSp-design-nettavisen article--c-eRUmMG-gwthdJ-cv\" href=\"https:\/\/www.nettavisen.no\/enorm-respons-mange-vil-passe-pa-farmen-garden\/s\/5-148-843038\" rel=\"nofollow noopener\" target=\"_blank\">Enorm respons \u2013 mange vil passe p\u00e5 Farmen-g\u00e5rden<\/a><\/p>\n<p>Vist fram Pr\u00f8ysen-land<\/p>\n<p>H\u00f8sten har paret brukt p\u00e5 \u00e5 bli bedre kjent, og Peder har f\u00e5tt vise Susanne litt av hva Ringsaker har \u00e5 by p\u00e5.<\/p>\n<p>\u2013 Hun har v\u00e6rt mest her, og jeg har selvf\u00f8lgelig vist henne litt rundt i Pr\u00f8ysen-land. Vi har ogs\u00e5 v\u00e6rt mye p\u00e5 hytta p\u00e5 G\u00e5l\u00e5 i Gudbrandsdalen, og hun har v\u00e6rt med p\u00e5 selskap og vennelag her p\u00e5 g\u00e5rden, forteller han.<\/p>\n<p>\u2013 N\u00e5 har jeg steppet opp litt og tatt turen et par ganger til Sarpsborg ogs\u00e5, men i jula har vi v\u00e6rt her, forteller bonden.<\/p>\n<p><b>Les ogs\u00e5: <a href=\"https:\/\/www.nettavisen.no\/kjendis\/fryktet-espen-lind-for-hver-gang-vi-motes-sitter-der-og-dommer\/s\/5-95-2803766\" rel=\"Follow nofollow noopener\" target=\"_blank\">Fryktet Espen Lind: \u2013 Sitter der og d\u00f8mmer<\/a><\/b><\/p>\n<p>Susanne forteller at hun har f\u00e5tt et godt inntrykk av Ringsaker.<\/p>\n<p>\u2013 Det er veldig koselig her. Selv om g\u00e5rden ligger litt for seg selv, har man alt man trenger i n\u00e6rheten i Brumunddal og byene rundt. Det setter jeg pris p\u00e5. I tillegg er alle s\u00e5 hyggelige her, forteller hun til RB.<\/p>\n","protected":false},"excerpt":{"rendered":"(Ringsaker Blad\/Nationen): Det forteller reality-deltaker Peder Braastad fra Ringsaker kommune i Innlandet fylke. Da han deltok i fjor\u00e5rets&hellip;\n","protected":false},"author":2,"featured_media":129711,"comment_status":"","ping_status":"","sticky":false,"template":"","format":"standard","meta":{"footnotes":""},"categories":[58],"tags":[71,30,28,29,72],"class_list":{"0":"post-130971","1":"post","2":"type-post","3":"status-publish","4":"format-standard","5":"has-post-thumbnail","7":"category-underholdning","8":"tag-entertainment","9":"tag-no","10":"tag-norge","11":"tag-norway","12":"tag-underholdning"},"share_on_mastodon":{"url":"https:\/\/pubeurope.com\/@no\/115853159623112894","error":""},"_links":{"self":[{"href":"https:\/\/www.europesays.com\/no\/wp-json\/wp\/v2\/posts\/130971","targetHints":{"allow":["GET"]}}],"collection":[{"href":"https:\/\/www.europesays.com\/no\/wp-json\/wp\/v2\/posts"}],"about":[{"href":"https:\/\/www.europesays.com\/no\/wp-json\/wp\/v2\/types\/post"}],"author":[{"embeddable":true,"href":"https:\/\/www.europesays.com\/no\/wp-json\/wp\/v2\/users\/2"}],"replies":[{"embeddable":true,"href":"https:\/\/www.europesays.com\/no\/wp-json\/wp\/v2\/comments?post=130971"}],"version-history":[{"count":0,"href":"https:\/\/www.europesays.com\/no\/wp-json\/wp\/v2\/posts\/130971\/revisions"}],"wp:featuredmedia":[{"embeddable":true,"href":"https:\/\/www.europesays.com\/no\/wp-json\/wp\/v2\/media\/129711"}],"wp:attachment":[{"href":"https:\/\/www.europesays.com\/no\/wp-json\/wp\/v2\/media?parent=130971"}],"wp:term":[{"taxonomy":"category","embeddable":true,"href":"https:\/\/www.europesays.com\/no\/wp-json\/wp\/v2\/categories?post=130971"},{"taxonomy":"post_tag","embeddable":true,"href":"https:\/\/www.europesays.com\/no\/wp-json\/wp\/v2\/tags?post=130971"}],"curies":[{"name":"wp","href":"https:\/\/api.w.org\/{rel}","templated":true}]}}