{"id":130972,"date":"2026-01-07T09:41:40","date_gmt":"2026-01-07T09:41:40","guid":{"rendered":"https:\/\/www.europesays.com\/no\/130972\/"},"modified":"2026-01-07T09:41:40","modified_gmt":"2026-01-07T09:41:40","slug":"cyberpunk-2077-trengte-ikke-en-lengre-prolog-ifolge-utviklerne","status":"publish","type":"post","link":"https:\/\/www.europesays.com\/no\/130972\/","title":{"rendered":"Cyberpunk 2077 trengte ikke en lengre prolog if\u00f8lge utviklerne"},"content":{"rendered":"<p>Igor Sarzynski, som for tiden leder utviklingen av det kommende Cyberpunk 2, har tatt til BlueSky for \u00e5 kommentere et av de mer tilbakevendende sp\u00f8rsm\u00e5lene som vanligvis dukker opp. Nemlig om Cyberpunk 2077 ville ha blitt et bedre spill med en mer utfyllende og ekspansiv prolog. Kort sagt, om spillerne hadde f\u00e5tt tilbringe mer tid sammen med Jackie Welles f\u00f8r han dessverre gikk bort.<\/p>\n<p>Sarzynskis svar? Et rungende nei. Han sammenligner det med \u00e5 tilbringe enda mer tid med Luke som bonde p\u00e5 Tatooine f\u00f8r han drar ut blant stjernene og historien virkelig begynner.<\/p>\n<p>&laquo;Det er som \u00e5 si at vi burde tilbringe mer tid p\u00e5 Tatooine med bonden Luke f\u00f8r han ble involvert i alle disse Jedi-greiene.&raquo;<\/p>\n<p>&laquo;Er det nok tid til \u00e5 knytte b\u00e5nd med Jackie? For noen er det det, for andre ikke. Alt tatt i betraktning tror jeg vi har funnet en god balanse.&raquo;<\/p>\n<p>Mange, inkludert meg selv, skulle gjerne ha sett flere timer med prolog for \u00e5 styrke de emosjonelle b\u00e5ndene til Jackie f\u00f8r den dramatiske hendelsen i forbindelse med kuppet mot Arasaka. Men if\u00f8lge Sarzynski var det aldri utviklernes intensjon \u00e5 trekke ut denne delen. Han hevder at m\u00e5let med f\u00f8rste akt &#8211; \u00e5 introdusere verden &#8211; er perfekt som det er.<\/p>\n<p>Videre p\u00e5peker Sarzynski ogs\u00e5 at montasjen som f\u00f8lger Jackie og Vs f\u00f8rste m\u00f8te ikke er klippet ut, slik spillere har spekulert i, men noe teamet planla fra begynnelsen.<\/p>\n<blockquote class=\"bluesky-embed\" data-bluesky-uri=\"at:\/\/did:plc:nkkdls4c67lfagg735y7ywpq\/app.bsky.feed.post\/3mbokwdsals27\" data-bluesky-cid=\"bafyreifv6rfa5ld57n7bcs76xz3qvtgxvouymheiga6sninoay3s5zuvza\"\/><p><img loading=\"lazy\" decoding=\"async\" id=\"img-1951603-4769053\" data-fullsize=\"\/media\/90\/_4769053b.jpg\" data-lazy=\"\" src=\"https:\/\/www.gamereactor.nohttps:\/\/www.gamereactor.no\/media\/90\/_4769053_650x.jpg\" width=\"650\" onclick=\"if (!window.__cfRLUnblockHandlers) return false; gallery_openmodal('1951603','4769053',false,'7531a93baf5da0105892793cdeaf8cf8');\" height=\"363\" alt=\"Cyberpunk 2077\" class=\"rwd_col_content lazy\" data-cf-modified-739bee326eba8e547578f88e-=\"\"\/><\/p>\n","protected":false},"excerpt":{"rendered":"Igor Sarzynski, som for tiden leder utviklingen av det kommende Cyberpunk 2, har tatt til BlueSky for \u00e5&hellip;\n","protected":false},"author":2,"featured_media":130973,"comment_status":"","ping_status":"","sticky":false,"template":"","format":"standard","meta":{"footnotes":""},"categories":[57],"tags":[30,28,29,65,63,64,66,70,69,67,68],"class_list":{"0":"post-130972","1":"post","2":"type-post","3":"status-publish","4":"format-standard","5":"has-post-thumbnail","7":"category-vitenskap-og-teknologi","8":"tag-no","9":"tag-norge","10":"tag-norway","11":"tag-science","12":"tag-science-and-technology","13":"tag-scienceandtechnology","14":"tag-technology","15":"tag-teknologi","16":"tag-vitenskap","17":"tag-vitenskap-og-teknologi","18":"tag-vitenskapteknologi"},"share_on_mastodon":{"url":"https:\/\/pubeurope.com\/@no\/115853163393966040","error":""},"_links":{"self":[{"href":"https:\/\/www.europesays.com\/no\/wp-json\/wp\/v2\/posts\/130972","targetHints":{"allow":["GET"]}}],"collection":[{"href":"https:\/\/www.europesays.com\/no\/wp-json\/wp\/v2\/posts"}],"about":[{"href":"https:\/\/www.europesays.com\/no\/wp-json\/wp\/v2\/types\/post"}],"author":[{"embeddable":true,"href":"https:\/\/www.europesays.com\/no\/wp-json\/wp\/v2\/users\/2"}],"replies":[{"embeddable":true,"href":"https:\/\/www.europesays.com\/no\/wp-json\/wp\/v2\/comments?post=130972"}],"version-history":[{"count":0,"href":"https:\/\/www.europesays.com\/no\/wp-json\/wp\/v2\/posts\/130972\/revisions"}],"wp:featuredmedia":[{"embeddable":true,"href":"https:\/\/www.europesays.com\/no\/wp-json\/wp\/v2\/media\/130973"}],"wp:attachment":[{"href":"https:\/\/www.europesays.com\/no\/wp-json\/wp\/v2\/media?parent=130972"}],"wp:term":[{"taxonomy":"category","embeddable":true,"href":"https:\/\/www.europesays.com\/no\/wp-json\/wp\/v2\/categories?post=130972"},{"taxonomy":"post_tag","embeddable":true,"href":"https:\/\/www.europesays.com\/no\/wp-json\/wp\/v2\/tags?post=130972"}],"curies":[{"name":"wp","href":"https:\/\/api.w.org\/{rel}","templated":true}]}}