{"id":131015,"date":"2026-01-07T10:37:08","date_gmt":"2026-01-07T10:37:08","guid":{"rendered":"https:\/\/www.europesays.com\/no\/131015\/"},"modified":"2026-01-07T10:37:08","modified_gmt":"2026-01-07T10:37:08","slug":"opplysninger-til-vg-solskjaer-forhandler-om-united-kontrakt","status":"publish","type":"post","link":"https:\/\/www.europesays.com\/no\/131015\/","title":{"rendered":"Opplysninger til VG: Solskj\u00e6r forhandler om United-kontrakt"},"content":{"rendered":"\n<p class=\"_lead_o9xde_2 _lead_xtcu6_50 layout-component text-serif-m layout-normal text-serif-l layout-component layout-wide layout-padded _wide_17hqh_1 layout-padded\">Ole Gunnar Solskj\u00e6r (52) kan, if\u00f8lge VGs opplysninger, signere kontrakt som Manchester United-trener allerede fredag.<\/p>\n<p> <img class=\"_image_qp4xg_65 layout-component layout-wide\" data-fullscreen- data-track-element-type=\"Article image fullscreen\" data-track-name=\"ImageFullscreen\" fetchpriority=\"high\" decoding=\"sync\" loading=\"eager\" height=\"102\" itemprop=\"image\"  src=\"https:\/\/www.europesays.com\/no\/wp-content\/uploads\/2026\/01\/5d418864a3d762179738347426d23dc2.jpg\"  style=\"object-position:50% 50%;aspect-ratio:1.75;height:auto;object-fit:cover;width:100%\" width=\"102\"\/>   Oppdatert onsdag 7. januar kl. 10:21     <\/p>\n<p class=\"_paragraph_o9xde_4 _paragraph_xtcu6_10 layout-component text-serif-m layout-normal text-serif-m layout-padded\">Fotballnettstedet The Athletic og flere medier har omtalt at <a href=\"https:\/\/www.vg.no\/tag\/ole-gunnar-solskjaer?utm_source=vg-article&amp;utm_medium=auto-tagger&amp;utm_campaign=q6Ljy1\" class=\"_link_o9xde_39\" rel=\"nofollow noopener\" target=\"_blank\">Ole Gunnar Solskj\u00e6r<\/a> har hatt samtaler med Manchester United tirsdag. Storklubben st\u00e5r n\u00e5 uten trener etter at Ruben Amorim fikk sparken mandag.<\/p>\n<p class=\"_paragraph_o9xde_4 _paragraph_xtcu6_10 layout-component text-serif-m layout-normal text-serif-m layout-padded\">N\u00e5 f\u00e5r VG opplyst at det forhandles om en avtale om \u00e5 ansette Solskj\u00e6r som United-trener. VG er ikke kjent med hvordan avtalen det forhandles om er innrettet og hvor lang varighet den har.<\/p>\n<p class=\"_paragraph_o9xde_4 _paragraph_xtcu6_10 layout-component text-serif-m layout-normal text-serif-m layout-padded\">Solskj\u00e6r er en spillerlegende i Manchester United og var trener for klubben i perioden 2018 til 2021. I denne perioden tok han klubben til andre og tredjeplass i Premier League, samt en finale i Europa League.<\/p>\n<p class=\"_paragraph_o9xde_4 _paragraph_xtcu6_10 layout-component text-serif-m layout-normal text-serif-m layout-padded\">I januar i fjor ble Solskj\u00e6r ansatt som trener for tyrkiske Besiktas. I august samme \u00e5r var han ferdig i jobben.<\/p>\n<p class=\"_paragraph_o9xde_4 _paragraph_xtcu6_10 layout-component text-serif-m layout-normal text-serif-m layout-padded\">Flere britiske medier har meldt at United \u00f8nsker en midlertidig manager for resten av sesongen og at klubben har snakket med Solskj\u00e6r og Michael Carrick. Sky Sports hevder det er snakk om \u00e5 lede laget sammen med Darren Fletcher, som fikk midlertidig ansvar da Amorim m\u00e5tte g\u00e5.<\/p>\n<p class=\"_paragraph_o9xde_4 _paragraph_xtcu6_10 layout-component text-serif-m layout-normal text-serif-m layout-padded\">Ole Gunnar Solskj\u00e6r har lavest odds hos oddsselskapene, noe som betyr at han regnes som den mest sannsynlige kandidaten til United-jobben.<\/p>\n<p class=\"_paragraph_o9xde_4 _paragraph_xtcu6_10 layout-component text-serif-m layout-normal text-serif-m layout-padded\">If\u00f8lge VGs opplysninger jobbes det n\u00e5 med \u00e5 signere en kontrakt for Solskj\u00e6r f\u00f8rstkommende fredag. Det er ventet at Solskj\u00e6r torsdag vil v\u00e6re i Molde i anledning begravelsen til den norske trenerlegenden \u00c5ge Hareide.<\/p>\n<p class=\"_paragraph_o9xde_4 _paragraph_xtcu6_10 layout-component text-serif-m layout-normal text-serif-m layout-padded\">Manchester United ligger p\u00e5 sjetteplass i engelske Premier League og m\u00f8ter onsdag kveld bunnlaget Burnley p\u00e5 bortebane. Da vil Darren Fletcher lede laget. <a href=\"https:\/\/vglive.vg.no\/fotball\/burnley-manchester-united\/699462\/rapport\" class=\"_link_o9xde_39\" rel=\"nofollow noopener\" target=\"_blank\">F\u00f8lg kampen direkte i VG Live<\/a>.<\/p>\n","protected":false},"excerpt":{"rendered":"Ole Gunnar Solskj\u00e6r (52) kan, if\u00f8lge VGs opplysninger, signere kontrakt som Manchester United-trener allerede fredag. Oppdatert onsdag 7.&hellip;\n","protected":false},"author":2,"featured_media":131016,"comment_status":"","ping_status":"","sticky":false,"template":"","format":"standard","meta":{"footnotes":""},"categories":[59],"tags":[158,30,28,29,505,161,83,82],"class_list":{"0":"post-131015","1":"post","2":"type-post","3":"status-publish","4":"format-standard","5":"has-post-thumbnail","7":"category-sport","8":"tag-manchester-united","9":"tag-no","10":"tag-norge","11":"tag-norway","12":"tag-ole-gunnar-solskjaer","13":"tag-premier-league","14":"tag-sport","15":"tag-sports"},"share_on_mastodon":{"url":"https:\/\/pubeurope.com\/@no\/115853383617304550","error":""},"_links":{"self":[{"href":"https:\/\/www.europesays.com\/no\/wp-json\/wp\/v2\/posts\/131015","targetHints":{"allow":["GET"]}}],"collection":[{"href":"https:\/\/www.europesays.com\/no\/wp-json\/wp\/v2\/posts"}],"about":[{"href":"https:\/\/www.europesays.com\/no\/wp-json\/wp\/v2\/types\/post"}],"author":[{"embeddable":true,"href":"https:\/\/www.europesays.com\/no\/wp-json\/wp\/v2\/users\/2"}],"replies":[{"embeddable":true,"href":"https:\/\/www.europesays.com\/no\/wp-json\/wp\/v2\/comments?post=131015"}],"version-history":[{"count":0,"href":"https:\/\/www.europesays.com\/no\/wp-json\/wp\/v2\/posts\/131015\/revisions"}],"wp:featuredmedia":[{"embeddable":true,"href":"https:\/\/www.europesays.com\/no\/wp-json\/wp\/v2\/media\/131016"}],"wp:attachment":[{"href":"https:\/\/www.europesays.com\/no\/wp-json\/wp\/v2\/media?parent=131015"}],"wp:term":[{"taxonomy":"category","embeddable":true,"href":"https:\/\/www.europesays.com\/no\/wp-json\/wp\/v2\/categories?post=131015"},{"taxonomy":"post_tag","embeddable":true,"href":"https:\/\/www.europesays.com\/no\/wp-json\/wp\/v2\/tags?post=131015"}],"curies":[{"name":"wp","href":"https:\/\/api.w.org\/{rel}","templated":true}]}}