{"id":131033,"date":"2026-01-07T11:00:08","date_gmt":"2026-01-07T11:00:08","guid":{"rendered":"https:\/\/www.europesays.com\/no\/131033\/"},"modified":"2026-01-07T11:00:08","modified_gmt":"2026-01-07T11:00:08","slug":"det-er-alvor-na-jonas","status":"publish","type":"post","link":"https:\/\/www.europesays.com\/no\/131033\/","title":{"rendered":"\u2013 Det er alvor n\u00e5, Jonas"},"content":{"rendered":"\n<p class=\"_paragraph_o9xde_4 _paragraph_xtcu6_10 layout-component text-serif-m layout-normal text-serif-m layout-padded\">Trump-administrasjonens fornyede trusler om \u00e5 ta <a href=\"https:\/\/www.vg.no\/tag\/groenland?utm_source=vg-article&amp;utm_medium=auto-tagger&amp;utm_campaign=M7ROXo\" class=\"_link_o9xde_39\" rel=\"nofollow noopener\" target=\"_blank\">Gr\u00f8nland<\/a> med makt var en sentral del av bakteppet da St\u00f8re onsdag holdt sin tale til NHOs \u00e5rsm\u00f8te.<\/p>\n<p class=\"_paragraph_o9xde_4 _paragraph_xtcu6_10 layout-component text-serif-m layout-normal text-serif-m layout-padded\">St\u00f8re fortalte om hvordan han sammen med Sveriges statsminister, og Finlands president var samlet p\u00e5 kj\u00f8kkenet til Danmarks statsminister Mette Frederiksen i fjor, etter at Trump f\u00f8rst kom med utspill om at USA m\u00e5 ha kontroll over Gr\u00f8nland.<\/p>\n<p class=\"_paragraph_o9xde_4 _paragraph_xtcu6_10 layout-component text-serif-m layout-normal text-serif-m layout-padded\">\u2013 N\u00e5 er det mer alvorlig, sa St\u00f8re.<\/p>\n<p>Mener at USA st\u00e5r alene<\/p>\n<p class=\"_paragraph_o9xde_4 _paragraph_xtcu6_10 layout-component text-serif-m layout-normal text-serif-m layout-padded\">Norge gjentar jevnlig at Gr\u00f8nland er en del av Kongeriket Danmark.<\/p>\n<p class=\"_paragraph_o9xde_4 _paragraph_xtcu6_10 layout-component text-serif-m layout-normal text-serif-m layout-padded\">\u2013 De som bor p\u00e5 Gr\u00f8nland og de som bor i Danmark tar avgj\u00f8relser om hvordan det skal styres videre, sier St\u00f8re til VG. <\/p>\n<p class=\"_paragraph_o9xde_4 _paragraph_xtcu6_10 layout-component text-serif-m layout-normal text-serif-m layout-padded\"><strong class=\"_strong_o9xde_25\">\u2013 Jeg vil anta at 31 av 32 Nato-medlemmer mener det samme. I g\u00e5r var det de syv store EU-landene som gikk ut med en egen uttalelse. Det er kommet til uttrykk p\u00e5 flere m\u00e5ter, sier St\u00f8re. <\/strong><\/p>\n<p class=\"_paragraph_o9xde_4 _paragraph_xtcu6_10 layout-component text-serif-m layout-normal text-serif-m layout-padded\">\u2013 I realiteten sier du at USA er isolert i dette sp\u00f8rsm\u00e5let knyttet til Gr\u00f8nland?\u00a0<\/p>\n<p class=\"_paragraph_o9xde_4 _paragraph_xtcu6_10 layout-component text-serif-m layout-normal text-serif-m layout-padded\">\u2013 Jeg ser ikke noen andre Nato-land som st\u00f8tter USAs ambisjon om \u00e5 ta over en del av et annet Nato-land. Det har jeg ikke sett eksempler p\u00e5. Da tenker jeg at det m\u00e5 v\u00e6re 31, sier han. <\/p>\n<p><img decoding=\"async\" alt=\"Bilde av Mette Frederiksen\" class=\"_image_ygndg_42\" height=\"27\" itemprop=\"image\" loading=\"lazy\"  src=\"https:\/\/www.europesays.com\/no\/wp-content\/uploads\/2026\/01\/86f97d21-e73b-49ee-bf30-e4977ac52600.jpeg\"  width=\"40\"\/><strong class=\"_name_ygndg_51 title-serif-xs\">Mette Frederiksen<\/strong><\/p>\n<p class=\"_paragraph_o9xde_4 text-sans-m _description_ygndg_56\">Statsminister i Danmark<\/p>\n<p class=\"_paragraph_o9xde_4 _paragraph_xtcu6_10 layout-component text-serif-m layout-normal text-serif-m layout-padded\">Frederiksen var blant dem han m\u00f8tte i Paris tirsdag, der Ukrainas allierte landet enighet om sikkerhetsgarantier etter en eventuell v\u00e5penhvile.<\/p>\n<p class=\"_paragraph_o9xde_4 _paragraph_xtcu6_10 layout-component text-serif-m layout-normal text-serif-m layout-padded\"><strong class=\"_strong_o9xde_25\">\u2013 Det siste Mette Frederiksen sa til meg, var \u00e5 si at \u00abdet er alvor n\u00e5, Jonas\u00bb, fortalte St\u00f8re i sin tale til NHOs \u00e5rskonferanse. <\/strong><\/p>\n<p class=\"_paragraph_o9xde_4 _paragraph_xtcu6_10 layout-component text-serif-m layout-normal text-serif-m layout-padded\">Flere har uttrykt bekymring for Natos fremtid om USA gj\u00f8r alvor av truslene, og Frankrikes utenriksminister sier de har startet samtaler med Polen og Tyskland om et eventuelt svar.<\/p>\n<p class=\"_paragraph_o9xde_4 _paragraph_xtcu6_10 layout-component text-serif-m layout-normal text-serif-m layout-padded\">\u2013 Danmark har et reiselivsordtak om at det er deilig \u00e5 v\u00e6re norsk i Danmark, men det ligger ogs\u00e5 en gjensidighet i det, p\u00e5pekte St\u00f8re.<\/p>\n<p class=\"_paragraph_o9xde_4 _paragraph_xtcu6_10 layout-component text-serif-m layout-normal text-serif-m layout-padded\">\u2013 N\u00e5 er det tid for \u00e5 st\u00e5 sammen, la han til. <\/p>\n<p>\u2013 Ulike stemmer<\/p>\n<p class=\"_paragraph_o9xde_4 _paragraph_xtcu6_10 layout-component text-serif-m layout-normal text-serif-m layout-padded\">USAs utenriksminister Marco Rubio skal mandag i et lukket m\u00f8te med kongressmedlemmer sagt at USA \u00f8nsker \u00e5 kj\u00f8pe Gr\u00f8nland, ikke invadere \u00f8ya, skriver New York Times. <\/p>\n<p class=\"_paragraph_o9xde_4 _paragraph_xtcu6_10 layout-component text-serif-m layout-normal text-serif-m layout-padded\">If\u00f8lge Wall Street Journal skal han i det samme m\u00f8tet ha sagt at Trump-administrasjonen bruker retorikk for \u00e5 tvinge Danmark til forhandlingsbordet. <\/p>\n<p class=\"_paragraph_o9xde_4 _paragraph_xtcu6_10 layout-component text-serif-m layout-normal text-serif-m layout-padded\">\u2013 Det interessante med Rubio er at det begynner \u00e5 komme ulike stemmer om temaet. Det er ogs\u00e5 interessant at de engasjerer en litt bredere del av det amerikanske politiske samfunnet i samtalene om dette. Kongressen og Senatet er viktige, sier St\u00f8re. <\/p>\n<p class=\"_paragraph_o9xde_4 _paragraph_xtcu6_10 layout-component text-serif-m layout-normal text-serif-m layout-padded\">\u2013 Jeg er ikke sikker p\u00e5 at det er et bredt omforent amerikansk syn at de skal legge Gr\u00f8nland under seg, sier han. <\/p>\n<p><img alt=\"Foto: G\u00f8ran Bohlin \/ VG\" class=\"_image_qp4xg_65 layout-component layout-normal\" data-fullscreen- data-track-element-type=\"Article image fullscreen\" data-track-name=\"ImageFullscreen\" decoding=\"async\" loading=\"lazy\" height=\"4096\" itemprop=\"image\"  src=\"https:\/\/www.europesays.com\/no\/wp-content\/uploads\/2026\/01\/6bfe0de7-3e21-4adb-8afb-575d42c0eeee.png\"  style=\"object-position:0% 0%\" width=\"6144\"\/>Foto: G\u00f8ran Bohlin \/ VG<\/p>\n<p class=\"_paragraph_o9xde_4 _paragraph_xtcu6_10 layout-component text-serif-m layout-normal text-serif-m layout-padded\">\u2013 USA angriper Venezuela og truer med \u00e5 gj\u00f8re det samme med Gr\u00f8nland. Kan det legitimere at Russland kan presse Norge i kontroll over Svalbard? <\/p>\n<p class=\"_paragraph_o9xde_4 _paragraph_xtcu6_10 layout-component text-serif-m layout-normal text-serif-m layout-padded\">\u2013 Jeg mener at det ikke kan anvendes til det. Det er uakseptabelt. Det er v\u00e5r holdning. Men hver gang folkeretten ikke blir fulgt, s\u00e5 er det ikke bra. Det svekker troverdigheten, sier han. <\/p>\n<p class=\"_paragraph_o9xde_4 _paragraph_xtcu6_10 layout-component text-serif-m layout-normal text-serif-m layout-padded\">St\u00f8re brukte i sin tale under NHOs \u00e5rskonferanse onsdag ordet kidnapping da han beskrev det amerikanerne gjorde da de hentet ut Venezuelas president Nicol\u00e1s Maduro Moros og fraktet ham til USA.<\/p>\n<p class=\"_paragraph_o9xde_4 _paragraph_xtcu6_10 layout-component text-serif-m layout-normal text-serif-m layout-padded\">Han avviser at det var snakk om en arrestasjon. <\/p>\n<p class=\"_paragraph_o9xde_4 _paragraph_xtcu6_10 layout-component text-serif-m layout-normal text-serif-m layout-padded\">\u2013 Han ble bortf\u00f8rt mot sin vilje, sier St\u00f8re.<\/p>\n<p class=\"_paragraph_o9xde_4 _paragraph_xtcu6_10 layout-component text-serif-m layout-normal text-serif-m layout-padded\">\u2013 Du sa i realiteten at han ble kidnappet?<\/p>\n<p class=\"_paragraph_o9xde_4 _paragraph_xtcu6_10 layout-component text-serif-m layout-normal text-serif-m layout-padded\">\u2013 Ja, jeg det ordet kan brukes. Han ble bortf\u00f8rt.<\/p>\n","protected":false},"excerpt":{"rendered":"Trump-administrasjonens fornyede trusler om \u00e5 ta Gr\u00f8nland med makt var en sentral del av bakteppet da St\u00f8re onsdag&hellip;\n","protected":false},"author":2,"featured_media":131034,"comment_status":"","ping_status":"","sticky":false,"template":"","format":"standard","meta":{"footnotes":""},"categories":[5],"tags":[20,21,1524,24,25,2112,15,19,201,22,23,17,18,2030,233,13,30,28,29,14,16,26,27],"class_list":{"0":"post-131033","1":"post","2":"type-post","3":"status-publish","4":"format-standard","5":"has-post-thumbnail","7":"category-overskrifter","8":"tag-breaking-news","9":"tag-breakingnews","10":"tag-danmark","11":"tag-featured-news","12":"tag-featurednews","13":"tag-gronland","14":"tag-headlines","15":"tag-hovedoppslag","16":"tag-jonas-gahr-store","17":"tag-latest-news","18":"tag-latestnews","19":"tag-main-news","20":"tag-mainnews","21":"tag-mette-frederiksen","22":"tag-nato","23":"tag-news","24":"tag-no","25":"tag-norge","26":"tag-norway","27":"tag-nyheter","28":"tag-overskrifter","29":"tag-top-stories","30":"tag-topstories"},"share_on_mastodon":{"url":"https:\/\/pubeurope.com\/@no\/115853474048414950","error":""},"_links":{"self":[{"href":"https:\/\/www.europesays.com\/no\/wp-json\/wp\/v2\/posts\/131033","targetHints":{"allow":["GET"]}}],"collection":[{"href":"https:\/\/www.europesays.com\/no\/wp-json\/wp\/v2\/posts"}],"about":[{"href":"https:\/\/www.europesays.com\/no\/wp-json\/wp\/v2\/types\/post"}],"author":[{"embeddable":true,"href":"https:\/\/www.europesays.com\/no\/wp-json\/wp\/v2\/users\/2"}],"replies":[{"embeddable":true,"href":"https:\/\/www.europesays.com\/no\/wp-json\/wp\/v2\/comments?post=131033"}],"version-history":[{"count":0,"href":"https:\/\/www.europesays.com\/no\/wp-json\/wp\/v2\/posts\/131033\/revisions"}],"wp:featuredmedia":[{"embeddable":true,"href":"https:\/\/www.europesays.com\/no\/wp-json\/wp\/v2\/media\/131034"}],"wp:attachment":[{"href":"https:\/\/www.europesays.com\/no\/wp-json\/wp\/v2\/media?parent=131033"}],"wp:term":[{"taxonomy":"category","embeddable":true,"href":"https:\/\/www.europesays.com\/no\/wp-json\/wp\/v2\/categories?post=131033"},{"taxonomy":"post_tag","embeddable":true,"href":"https:\/\/www.europesays.com\/no\/wp-json\/wp\/v2\/tags?post=131033"}],"curies":[{"name":"wp","href":"https:\/\/api.w.org\/{rel}","templated":true}]}}