{"id":131041,"date":"2026-01-07T11:09:13","date_gmt":"2026-01-07T11:09:13","guid":{"rendered":"https:\/\/www.europesays.com\/no\/131041\/"},"modified":"2026-01-07T11:09:13","modified_gmt":"2026-01-07T11:09:13","slug":"tek-ki-band-av-plakaten-det-skal-vera-ekte-vare-fjuken-no","status":"publish","type":"post","link":"https:\/\/www.europesays.com\/no\/131041\/","title":{"rendered":"Tek KI-band av plakaten: \u2013 Det skal vera ekte vare &#8211; fjuken.no"},"content":{"rendered":"<ol>\n<li><a href=\"https:\/\/news.google.com\/rss\/articles\/CBMikAFBVV95cUxQOEpVN19QcldtX3N6MWxtYTFGbjVtcG5ZcWFmeFV1VlNfVHdJYzQ1LVJQc0xLNHRvWkF2NXIxNXFXS2NVdTZFbXJsYURSOHhsWG9pUHZyNkZEbV9GMkprd0UwVFpjVXhzTnlISUdDMkMtY1ZfaDFvSzduU0xKRmVZS0QxNnRpZ3pQM2VpSHZxUGw?oc=5\" target=\"_blank\" rel=\"nofollow noopener\">Tek KI-band av plakaten: \u2013 Det skal vera ekte vare<\/a>&nbsp;&nbsp;fjuken.no<\/li>\n<li><a href=\"https:\/\/news.google.com\/rss\/articles\/CBMivAFBVV95cUxOZFJYWVJFTWFtX2U2WjV6VEhZM1FzelBoVUlDUHRWYkEyaHRkY3VXN0o5eXBPN2w0a0pPWWFqQzNYd1NTVUZId3ZpbGtUNW82b1FaVGQxWF93aXMwdEtJUVVpNW5EMENyZThPWExDaWY5bTAzV3pPcW5yM29laWhjbk1rODEwZ0ZYQkVhcmNYNDRsVDRhYTRjVGtuT3dPcFpRbFByZTNacTRBRU1YNGhoM1MzbktZWE1sV0pFUQ?oc=5\" target=\"_blank\" rel=\"nofollow noopener\">Musikk | Bandets st\u00f8rste hits er laget med KI: I sommer framf\u00f8res l\u00e5tene p\u00e5 lokale festivaler<\/a>&nbsp;&nbsp;Haugesunds Avis<\/li>\n<li><a href=\"https:\/\/news.google.com\/rss\/articles\/CBMi4gFBVV95cUxPQ2RhMjBldmFkREJjN0RjS25Ib0RuajdjTmtrS1l0T2p6VFRRWjRuUXNxRU1faTAwNWFHendRTnY5WHJEckQyOTB6T2ZjZGt5MHZnTmh1Ukl1cGQtYWRXVnZZQng3ZE1lVzg0VTVJc0hSemZFdGZUQ1JnSGF2OTZYakJtYXkzSXZzSUJUOWl1QXpfbE80bmU0Q1BWaV9XTnFYRUdqdlN0a2U3VWl2VUdVcHRWcV9oRVNTUk82SmRNc0w0RE1vSDlpUmJVdGVBLWFBYlF1cjFfYWtvNXFxTjdrMkRn?oc=5\" target=\"_blank\" rel=\"nofollow noopener\">KI-band \u00f8nsket p\u00e5 norske festivaler: \u2013 Stjeler plassen p\u00e5 plakaten til dem som lager musikken selv<\/a>&nbsp;&nbsp;folkebladet.no<\/li>\n<li><a href=\"https:\/\/news.google.com\/rss\/articles\/CBMiigFBVV95cUxNTGlOWm51RU92dXJaRnBwVWE3dXk3UHRUVUEycnY3MmxnX3V0ZXE3SzF0WEd1NnZkUnMtTnJhaDV4V3FGTHNwenRWT21ETlNkZ2VIQmJOXzBqNWdSSkV6bGJ5d01ZeDJMaXBfWXRUMnctcEpRVnBoWlR5M0NkQjdqeW1qbHB1NzhDbnc?oc=5\" target=\"_blank\" rel=\"nofollow noopener\">(+) Byfjordfestivalen f\u00e5r kritikk for KI-booking<\/a>&nbsp;&nbsp;askoy24<\/li>\n<li><a href=\"https:\/\/news.google.com\/rss\/articles\/CBMiogFBVV95cUxOMGZhTlpKRFZ6UXhERzU2TmZSbGdISllwRnkwQjYwdDZqLThrWnhreHBoUDRKZjc4STljYnNFWGZtR3ZWVUI0cUs0a1FROWlTb3g2N3BDQWtiOE5GVVROWFF2M1pCS181NWJ3M3JGNW0xNHlOWnpwTVJvbXdBdVBic1NmSUFCclBZQmJ6bFhQVi1DRS1LT0FCOWVSRklOUU1sQXc?oc=5\" target=\"_blank\" rel=\"nofollow noopener\">Tar KI-band av plakaten, etter at de skj\u00f8nte hva de booket<\/a>&nbsp;&nbsp;samtiden.no<\/li>\n<\/ol>\n","protected":false},"excerpt":{"rendered":"Tek KI-band av plakaten: \u2013 Det skal vera ekte vare&nbsp;&nbsp;fjuken.no Musikk | Bandets st\u00f8rste hits er laget med&hellip;\n","protected":false},"author":2,"featured_media":131042,"comment_status":"","ping_status":"","sticky":false,"template":"","format":"standard","meta":{"footnotes":""},"categories":[58],"tags":[71,30,28,29,72],"class_list":{"0":"post-131041","1":"post","2":"type-post","3":"status-publish","4":"format-standard","5":"has-post-thumbnail","7":"category-underholdning","8":"tag-entertainment","9":"tag-no","10":"tag-norge","11":"tag-norway","12":"tag-underholdning"},"share_on_mastodon":{"url":"https:\/\/pubeurope.com\/@no\/115853509457211605","error":""},"_links":{"self":[{"href":"https:\/\/www.europesays.com\/no\/wp-json\/wp\/v2\/posts\/131041","targetHints":{"allow":["GET"]}}],"collection":[{"href":"https:\/\/www.europesays.com\/no\/wp-json\/wp\/v2\/posts"}],"about":[{"href":"https:\/\/www.europesays.com\/no\/wp-json\/wp\/v2\/types\/post"}],"author":[{"embeddable":true,"href":"https:\/\/www.europesays.com\/no\/wp-json\/wp\/v2\/users\/2"}],"replies":[{"embeddable":true,"href":"https:\/\/www.europesays.com\/no\/wp-json\/wp\/v2\/comments?post=131041"}],"version-history":[{"count":0,"href":"https:\/\/www.europesays.com\/no\/wp-json\/wp\/v2\/posts\/131041\/revisions"}],"wp:featuredmedia":[{"embeddable":true,"href":"https:\/\/www.europesays.com\/no\/wp-json\/wp\/v2\/media\/131042"}],"wp:attachment":[{"href":"https:\/\/www.europesays.com\/no\/wp-json\/wp\/v2\/media?parent=131041"}],"wp:term":[{"taxonomy":"category","embeddable":true,"href":"https:\/\/www.europesays.com\/no\/wp-json\/wp\/v2\/categories?post=131041"},{"taxonomy":"post_tag","embeddable":true,"href":"https:\/\/www.europesays.com\/no\/wp-json\/wp\/v2\/tags?post=131041"}],"curies":[{"name":"wp","href":"https:\/\/api.w.org\/{rel}","templated":true}]}}