{"id":131053,"date":"2026-01-07T11:23:13","date_gmt":"2026-01-07T11:23:13","guid":{"rendered":"https:\/\/www.europesays.com\/no\/131053\/"},"modified":"2026-01-07T11:23:13","modified_gmt":"2026-01-07T11:23:13","slug":"brann-i-lagerbygning-i-aseral-brant-ned-til-grunnen","status":"publish","type":"post","link":"https:\/\/www.europesays.com\/no\/131053\/","title":{"rendered":"Brann i lagerbygning i \u00c5seral: Brant ned til grunnen"},"content":{"rendered":"\n<p class=\"_lead_o9xde_2 _lead_xtcu6_50 layout-component text-serif-m layout-normal text-serif-l layout-component layout-wide layout-padded _wide_17hqh_1 layout-padded\">En lagerbygning i \u00c5seral kommune i Agder brant ned til grunnen.<\/p>\n<ul aria-hidden=\"true\" class=\"_images_ntbth_112\">\n<li><a class=\"_link_ntbth_117\" href=\"https:\/\/www.vg.no\/forfatter\/jarle-grivi-brenna\" style=\"z-index:2\" title=\"Jarle Grivi Brenna\" rel=\"nofollow noopener\" target=\"_blank\"><img alt=\"Bilde av Jarle Grivi Brenna\" class=\"_image_ntbth_93\" fetchpriority=\"low\" loading=\"lazy\" decoding=\"async\" itemprop=\"image\"  src=\"https:\/\/www.europesays.com\/no\/wp-content\/uploads\/2026\/01\/4c504afa-f58d-49a8-b071-dbd347a6f9c2.jpeg\"  width=\"480\"\/><\/a><\/li>\n<li><a class=\"_link_ntbth_117\" href=\"https:\/\/www.vg.no\/forfatter\/kari-aarstad-aase\" style=\"z-index:1\" title=\"Kari Aarstad Aase\" rel=\"nofollow noopener\" target=\"_blank\"><img alt=\"Bilde av Kari Aarstad Aase\" class=\"_image_ntbth_93\" fetchpriority=\"low\" loading=\"lazy\" decoding=\"async\" itemprop=\"image\"  src=\"https:\/\/www.europesays.com\/no\/wp-content\/uploads\/2026\/01\/1767784991_435_0dbde33e-6d8e-4680-8e4f-e2a64281e2b8.jpeg\"  width=\"480\"\/><\/a><\/li>\n<\/ul>\n<p> Oppdatert onsdag 7. januar kl. 08:44     <\/p>\n<p class=\"_paragraph_o9xde_4 _paragraph_xtcu6_10 layout-component text-serif-m layout-normal text-serif-m layout-padded\">Klokken 05.49 meldte <a href=\"https:\/\/www.vg.no\/tag\/agder?utm_source=vg-article&amp;utm_medium=auto-tagger&amp;utm_campaign=j0d4j9\" class=\"_link_o9xde_39\" rel=\"nofollow noopener\" target=\"_blank\">Agder<\/a> politidistrikt om brann i en lagerbygning p\u00e5 industriomr\u00e5det Austerudsmoen. Det ble satt en sikkerhetssone p\u00e5 50 meter fordi det kunne v\u00e6re gass i bygningen.<\/p>\n<p class=\"_paragraph_o9xde_4 _paragraph_xtcu6_10 layout-component text-serif-m layout-normal text-serif-m layout-padded\">Politiet avsluttet innsatsen p\u00e5 stedet klokken 07.51, mens brannvesenet ble igjen for \u00e5 passe p\u00e5 at  brannen ikke blusset opp igjen.<\/p>\n<p class=\"_paragraph_o9xde_4 _paragraph_xtcu6_10 layout-component text-serif-m layout-normal text-serif-m layout-padded\">Brann\u00e5rsaken er ikke kjent, men politiet har opprettet sak.<\/p>\n<p>    <img decoding=\"async\" alt=\"Tips oss illustrasjon\" src=\"https:\/\/www.europesays.com\/no\/wp-content\/uploads\/2025\/10\/pssst-small.webp.webp\"\/>    <\/p>\n<p class=\"title-serif-s\">Har du tips?<\/p>\n<p class=\"text-sans-m\">Send oss informasjon, bilder eller video.<\/p>\n<p>  <a href=\"https:\/\/www.vg.no\/tips-oss\" rel=\"nofollow noopener\" target=\"_blank\"> Tips oss <\/a>      <\/p>\n","protected":false},"excerpt":{"rendered":"En lagerbygning i \u00c5seral kommune i Agder brant ned til grunnen. Oppdatert onsdag 7. januar kl. 08:44 Klokken&hellip;\n","protected":false},"author":2,"featured_media":131054,"comment_status":"","ping_status":"","sticky":false,"template":"","format":"standard","meta":{"footnotes":""},"categories":[5],"tags":[1309,20,21,24,25,15,19,22,23,17,18,13,30,28,29,14,16,26,27],"class_list":{"0":"post-131053","1":"post","2":"type-post","3":"status-publish","4":"format-standard","5":"has-post-thumbnail","7":"category-overskrifter","8":"tag-agder","9":"tag-breaking-news","10":"tag-breakingnews","11":"tag-featured-news","12":"tag-featurednews","13":"tag-headlines","14":"tag-hovedoppslag","15":"tag-latest-news","16":"tag-latestnews","17":"tag-main-news","18":"tag-mainnews","19":"tag-news","20":"tag-no","21":"tag-norge","22":"tag-norway","23":"tag-nyheter","24":"tag-overskrifter","25":"tag-top-stories","26":"tag-topstories"},"share_on_mastodon":{"url":"https:\/\/pubeurope.com\/@no\/115853564629960636","error":""},"_links":{"self":[{"href":"https:\/\/www.europesays.com\/no\/wp-json\/wp\/v2\/posts\/131053","targetHints":{"allow":["GET"]}}],"collection":[{"href":"https:\/\/www.europesays.com\/no\/wp-json\/wp\/v2\/posts"}],"about":[{"href":"https:\/\/www.europesays.com\/no\/wp-json\/wp\/v2\/types\/post"}],"author":[{"embeddable":true,"href":"https:\/\/www.europesays.com\/no\/wp-json\/wp\/v2\/users\/2"}],"replies":[{"embeddable":true,"href":"https:\/\/www.europesays.com\/no\/wp-json\/wp\/v2\/comments?post=131053"}],"version-history":[{"count":0,"href":"https:\/\/www.europesays.com\/no\/wp-json\/wp\/v2\/posts\/131053\/revisions"}],"wp:featuredmedia":[{"embeddable":true,"href":"https:\/\/www.europesays.com\/no\/wp-json\/wp\/v2\/media\/131054"}],"wp:attachment":[{"href":"https:\/\/www.europesays.com\/no\/wp-json\/wp\/v2\/media?parent=131053"}],"wp:term":[{"taxonomy":"category","embeddable":true,"href":"https:\/\/www.europesays.com\/no\/wp-json\/wp\/v2\/categories?post=131053"},{"taxonomy":"post_tag","embeddable":true,"href":"https:\/\/www.europesays.com\/no\/wp-json\/wp\/v2\/tags?post=131053"}],"curies":[{"name":"wp","href":"https:\/\/api.w.org\/{rel}","templated":true}]}}