{"id":131055,"date":"2026-01-07T11:24:26","date_gmt":"2026-01-07T11:24:26","guid":{"rendered":"https:\/\/www.europesays.com\/no\/131055\/"},"modified":"2026-01-07T11:24:26","modified_gmt":"2026-01-07T11:24:26","slug":"sport-langrenn-na-er-denne-blide-jenta-klar-for-ol","status":"publish","type":"post","link":"https:\/\/www.europesays.com\/no\/131055\/","title":{"rendered":"Sport, Langrenn | N\u00e5 er denne blide jenta klar for OL"},"content":{"rendered":"\n<p>Rollag og Veggli IL-ut\u00f8veren var 14 \u00e5r gammel og hadde akkurat tatt bronsemedaljen i langrenns-KM p\u00e5 Orm\u00e5sen i Vestfossen.<\/p>\n<p>\u2013 Jeg har aldri g\u00e5tt et bedre l\u00f8p, sa hun til undertegnede.<\/p>\n<p>Skriver idrettshistorie<\/p>\n<p>14 \u00e5r seinere er hun klar for OL i Milano\/Cortina og skriver seg ogs\u00e5 inn med gullskrift i Numedals skihistorie, for det er f\u00f8rste gang en langrennsl\u00f8per fra Numedal deltar i et OL.<\/p>\n<p>B\u00f8rre N\u00e6ss fra Eftel\u00f8t, som var p\u00e5 pallen i flere verdenscuprenn i skisprint, manglet det lille ekstra som skulle til for \u00e5 komme til OL.<\/p>\n<p>   <img decoding=\"async\" width=\"4850\" height=\"3233\" fetchpriority=\"low\"  loading=\"lazy\"  src=\"https:\/\/www.europesays.com\/no\/wp-content\/uploads\/2026\/01\/Karo.jpg\" alt=\"Alpe Cermis, Italia 20260104. &#10;Karoline Simpson-Larsen etter siste etappe opp \" monsterbakken=\"\" i=\"\" alpe=\"\" zermis=\"\" val=\"\" di=\"\" fiemme.=\"\" foto:=\"\" terje=\"\" pedersen=\"\" ntb=\"\" class=\"brick-c-cFOWSL\" style=\"--brick-image-ratio: 4850 \/ 3233;\"\/><\/p>\n<p>      KNUSTE KONKURRENTENE:<br \/>\nKaroline Simpson-Larsen etter siste etappe opp &#8216;monsterbakken&#8217; i Alpe Zermis i Val di Fiemme.<br \/>\nFoto: Terje Pedersen \/ NTB<br \/>\n      Foto: Terje Pedersen\n    <\/p>\n<p>  \u2013 Lettet og glad<\/p>\n<p>\u2013 Jeg ble b\u00e5de lettet og glad, sier Rollag-jenta Karoline Simpson-Larsen som tirsdag ble offisielt klar for OL i Italia.<\/p>\n<p>28-\u00e5ringen som s\u00f8ndag sikret seg sin andre verdenscupseier i l\u00f8pet av noen uker og moste konkurrentene i monsterbakken, som avsluttet Tour de ski i Val di Fiemme.<\/p>\n<p>I de samme l\u00f8ypene hun skal kjempe om noen uker.<\/p>\n<p>Hun hadde h\u00e5pet at hun hadde f\u00e5tt klarsignal f\u00f8r jul etter triumfen i Davos, men den gang ikke og hun var veldig i villrede om hva hun skulle gj\u00f8re. Det endte med Tour de ski-deltakelse for ei langrennsjente, som ikke er noen sprinter, men som leverer s\u00e5 det holder p\u00e5 avslutningsdagen i monsterbaken.<\/p>\n<p>   <img decoding=\"async\" width=\"3024\" height=\"1718\" fetchpriority=\"low\"  loading=\"lazy\"  src=\"https:\/\/www.europesays.com\/no\/wp-content\/uploads\/2026\/01\/OL+klare.jpeg\" alt=\"GLEDER SEG: Karoline Simpson-Larsen gleder seg til \u00e5 feire jul i Nord-Italia med kj\u00e6resten Johan-Olav Sm\u00f8rdal Botn. FOTO: PRIVAT\" class=\"brick-c-cFOWSL\" style=\"--brick-image-ratio: 3024 \/ 1718;\"\/><\/p>\n<p>      SAMBOERE TIL OL: Karoline Simpson-Larsen gleder seg til \u00e5 feire jul i Nord-Italia med kj\u00e6resten Johan-Olav Sm\u00f8rdal Botn. FOTO: PRIVAT<br \/>\n      Foto: PRIVAT\n    <\/p>\n<p>  T\u00f8ff periode<\/p>\n<p>Og det etter en kjempet\u00f8ff periode, for lille julaften snudde alt. P\u00e5 h\u00f8ydesamling i Lavaze ble skiskytteren Sivert Guttorm Bakken funnet d\u00f8d. Det var Simpson-Larsens samboer, Johan-Olav Botn, som fant treningskameraten.<\/p>\n<p>\u2013 Lille julaften var en veldig tung dag, sa en tydelig preget Simpson-Larsen da hun m\u00f8tte pressen i forkant av Tour de Ski.<\/p>\n<p>Etter s\u00f8ndagens seier, forteller hun om den siste samtalen med Bakken.<\/p>\n<p>\u2013 Det er rart. Det siste Sivert sa til meg dagen f\u00f8r, var at han hadde trua, og at han burde v\u00e6rt her og sett p\u00e5. Han og Johan, fordi de skulle egentlig v\u00e6re i Lavaze. Det betyr egentlig ganske mye, sier Simpson-Larsen til Viaplay med t\u00e5rer i \u00f8ynene.<\/p>\n<p>Til NRK sier hun:<\/p>\n<p>\u2013 Det har faktisk v\u00e6rt ganske mye tyngre enn jeg trodde, og oppladningen var ikke akkurat helt som planlagt, men jeg er stolt av det jeg har f\u00e5tt til.<\/p>\n<p>   <img decoding=\"async\" width=\"2294\" height=\"1524\" fetchpriority=\"low\"  loading=\"lazy\"  src=\"https:\/\/www.europesays.com\/no\/wp-content\/uploads\/2026\/01\/FotballKARO.jpg\" alt=\"Rollag og Veggli: Foran fra venstre: Karoline Simpson-Larsen, Kristoffer Juvelid, Sander Simpson-Larsen og Hieu Phan. Bak fra venstre: Simen Storemoen, Ole-J\u00f8rgen Nykmark, Knut Erik Bekkjorden, Paul Breivig og Isak Svendsplass. Foto: Bj\u00f8rnIsaksen\" class=\"brick-c-cFOWSL\" style=\"--brick-image-ratio: 2294 \/ 1524;\"\/><\/p>\n<p>      FOTBALL-KARO: Rollag og Veggli: Foran fra venstre: Karoline Simpson-Larsen, Kristoffer Juvelid, Sander Simpson-Larsen og Hieu Phan. Bak fra venstre: Simen Storemoen, Ole-J\u00f8rgen Nykmark, Knut Erik Bekkjorden, Paul Breivig og Isak Svendsplass. Foto: Bj\u00f8rn Isaksen<br \/>\n      Foto: Bj\u00f8rnIsaksen\n    <\/p>\n<p>  Fikk gladmeldingen<\/p>\n<p>\u2013 Jeg fikk beskjed fra landslagsledelsen at jeg var tatt ut til OL f\u00f8r jeg skulle reise fra Italia, forteller \u00abKaro\u00bb.<\/p>\n<p>Det var nettopp det hun trang der og da.<\/p>\n<p>\u2013 Jeg var veldig sliten etter alt det som har skjedd. Det har v\u00e6rt mye styr og ganske hektisk de siste dagene, sier Rollag-jenta, som var hjemme p\u00e5 Lillehammer da vi snakket med henne bare noen minutter etter at OL-uttaket var blitt kjent.<\/p>\n<p>   <img decoding=\"async\" width=\"1321\" height=\"1853\" fetchpriority=\"low\"  loading=\"lazy\"  src=\"https:\/\/www.europesays.com\/no\/wp-content\/uploads\/2026\/01\/karo+sander.jpg\" alt=\"SKIFAMILIE: Pappa Sigurd og barna Karoline og Sander Simpson Larsen gj\u00f8r seg klar til start. (Foto: Ole John Hostvedt).\" class=\"brick-c-cFOWSL\" style=\"--brick-image-ratio: 1321 \/ 1853;\"\/><\/p>\n<p>      SKIFAMILIE: Pappa Sigurd og barna Karoline og Sander Simpson Larsen gj\u00f8r seg klar til start. Foto: Ole John Hostvedt<br \/>\n      Foto: Ole John Hostvedt.\n    <\/p>\n<p>  Kj\u00e6resten tatt ut<\/p>\n<p>Hun kunne glede seg over at samboer og kj\u00e6resten John Olav Botn ogs\u00e5 fikk klarsignal tirsdag.<\/p>\n<p>Skiskytteren, som i likhet med \u00abKaro\u00bb har overrasket stort denne sesongen, og som leder verdenscupen.<\/p>\n<p>N\u00e5 gleder \u00abKaro\u00bb seg selvsagt stort over at begge skal til OL.<\/p>\n<p>\u2013 Det blir stas, sier 28-\u00e5ringen.<\/p>\n<p>   <img decoding=\"async\" width=\"1746\" height=\"2002\" fetchpriority=\"low\"  loading=\"lazy\"  src=\"https:\/\/www.europesays.com\/no\/wp-content\/uploads\/2026\/01\/KARO+somme.jpg\" alt=\"STORTRIVDES:  Moro p\u00e5 sommerskiskole, fastsl\u00e5r (fra venstre) Kathinka og Kristiane Rogstad, Skrim, samt Henriette Bryhn og Karoline Simpson-Larsen fra Rollag og Veggli. Her sammen medOdd-Bj\u00f8rn Hjelmeset. Foto: Jon Wiik.\" class=\"brick-c-cFOWSL\" style=\"--brick-image-ratio: 1746 \/ 2002;\"\/><\/p>\n<p>      P\u00c5 SOMMERSKISKOLE:  Moro p\u00e5 sommerskiskole, fastsl\u00e5r (fra venstre) Kathinka og Kristiane Rogstad, Skrim, samt Henriette Bryhn og Karoline Simpson-Larsen fra Rollag og Veggli. Her sammen med Odd-Bj\u00f8rn Hjelmeset. Foto: Jon Wiik.<br \/>\n      Foto: Jon Wiik.\n    <\/p>\n<p>  Usikker p\u00e5 hva som skjer<\/p>\n<p>\u2013 Vi har ikke f\u00e5tt noen s\u00e6rlig informasjon om programmet fremover, men det kommer nok snart.<\/p>\n<p>\u2013 Hva med Ski-NM i Steinkjer?<\/p>\n<p>\u2013 Jeg kommer til \u00e5 g\u00e5 \u00e9n distanse og det er 20 kilometer med skibytte, sier hun.<\/p>\n<p>Det betyr at hun st\u00e5r over spesial\u00f8velsen 10 kilometer i fri teknikk torsdag 15 og konsentrerer seg om l\u00f8pet l\u00f8rdag 17. januar.<\/p>\n<p>\u2013 Deretter reiser jeg til h\u00f8yden for \u00e5 trene. Det er jeg n\u00f8dt til, men som sagt jeg har fortsatt ikke f\u00e5tt endelig program.<\/p>\n<p>Imponert landslagssjef<\/p>\n<p>\u2013 Karoline har imponert med to seire i World Cup og viser at hun h\u00f8rer hjemme p\u00e5 den st\u00f8rste scenen. Vi ser fram til at hun representerer Norge i OL. Den siste perioden har v\u00e6rt krevende, og vi har stor respekt for hvordan hun har h\u00e5ndtert utfordringene med styrke og fokus, sier landslagssjef Per Elias Kalfoss.<\/p>\n","protected":false},"excerpt":{"rendered":"Rollag og Veggli IL-ut\u00f8veren var 14 \u00e5r gammel og hadde akkurat tatt bronsemedaljen i langrenns-KM p\u00e5 Orm\u00e5sen i&hellip;\n","protected":false},"author":2,"featured_media":131056,"comment_status":"","ping_status":"","sticky":false,"template":"","format":"standard","meta":{"footnotes":""},"categories":[59],"tags":[36,15013,398,30,28,29,15194,83,82,1510,15193],"class_list":{"0":"post-131055","1":"post","2":"type-post","3":"status-publish","4":"format-standard","5":"has-post-thumbnail","7":"category-sport","8":"tag-art","9":"tag-karoline-simpson-larsen","10":"tag-langrenn","11":"tag-no","12":"tag-norge","13":"tag-norway","14":"tag-rollag","15":"tag-sport","16":"tag-sports","17":"tag-story","18":"tag-vinter-ol-2026"},"share_on_mastodon":{"url":"https:\/\/pubeurope.com\/@no\/115853568498660662","error":""},"_links":{"self":[{"href":"https:\/\/www.europesays.com\/no\/wp-json\/wp\/v2\/posts\/131055","targetHints":{"allow":["GET"]}}],"collection":[{"href":"https:\/\/www.europesays.com\/no\/wp-json\/wp\/v2\/posts"}],"about":[{"href":"https:\/\/www.europesays.com\/no\/wp-json\/wp\/v2\/types\/post"}],"author":[{"embeddable":true,"href":"https:\/\/www.europesays.com\/no\/wp-json\/wp\/v2\/users\/2"}],"replies":[{"embeddable":true,"href":"https:\/\/www.europesays.com\/no\/wp-json\/wp\/v2\/comments?post=131055"}],"version-history":[{"count":0,"href":"https:\/\/www.europesays.com\/no\/wp-json\/wp\/v2\/posts\/131055\/revisions"}],"wp:featuredmedia":[{"embeddable":true,"href":"https:\/\/www.europesays.com\/no\/wp-json\/wp\/v2\/media\/131056"}],"wp:attachment":[{"href":"https:\/\/www.europesays.com\/no\/wp-json\/wp\/v2\/media?parent=131055"}],"wp:term":[{"taxonomy":"category","embeddable":true,"href":"https:\/\/www.europesays.com\/no\/wp-json\/wp\/v2\/categories?post=131055"},{"taxonomy":"post_tag","embeddable":true,"href":"https:\/\/www.europesays.com\/no\/wp-json\/wp\/v2\/tags?post=131055"}],"curies":[{"name":"wp","href":"https:\/\/api.w.org\/{rel}","templated":true}]}}