{"id":131059,"date":"2026-01-07T11:34:09","date_gmt":"2026-01-07T11:34:09","guid":{"rendered":"https:\/\/www.europesays.com\/no\/131059\/"},"modified":"2026-01-07T11:34:09","modified_gmt":"2026-01-07T11:34:09","slug":"tilsynsradet-mener-ungdomsenheten-i-bjorgvin-fengsel-bryter-barns-rettigheter","status":"publish","type":"post","link":"https:\/\/www.europesays.com\/no\/131059\/","title":{"rendered":"Tilsynsr\u00e5det mener ungdomsenheten i Bj\u00f8rgvin fengsel bryter barns rettigheter"},"content":{"rendered":"\n<p class=\"_lead_o9xde_2 _lead_xtcu6_50 layout-component text-serif-m layout-normal text-serif-l layout-component layout-wide layout-padded _wide_17hqh_1 layout-padded\">Tilsynsr\u00e5det for kriminalomsorgen mener det er avdekket kritikkverdige forhold ved ungdomsenheten i Bj\u00f8rgvin fengsel.<\/p>\n<p><img alt=\"BEKYMRET: Tilsynsr\u00e5det for kriminalomsorgen mener situasjonen ved ungdomsenheten i Bj\u00f8rgvin fengsel er kritisk. Foto: Marit Hommedal \/ NTB\" class=\"_image_qp4xg_65 layout-component layout-wide\" data-fullscreen- data-track-element-type=\"Article image fullscreen\" data-track-name=\"ImageFullscreen\" fetchpriority=\"high\" decoding=\"sync\" loading=\"eager\" height=\"3525\" itemprop=\"image\"  src=\"https:\/\/www.europesays.com\/no\/wp-content\/uploads\/2026\/01\/d452b152-6403-47d0-a4d1-72e08f2c6c6e.jpeg\"  style=\"object-position:0% 0%\" width=\"5292\"\/>BEKYMRET: Tilsynsr\u00e5det for kriminalomsorgen mener situasjonen ved ungdomsenheten i Bj\u00f8rgvin fengsel er kritisk. Foto: Marit Hommedal \/ NTB<\/p>\n<ul aria-hidden=\"true\" class=\"_images_ntbth_112\">\n<li><a class=\"_link_ntbth_117\" href=\"https:\/\/www.vg.no\/forfatter\/jarle-grivi-brenna\" style=\"z-index:1\" title=\"Jarle Grivi Brenna\" rel=\"nofollow noopener\" target=\"_blank\"><img alt=\"Bilde av Jarle Grivi Brenna\" class=\"_image_ntbth_93\" fetchpriority=\"low\" loading=\"lazy\" decoding=\"async\" itemprop=\"image\"  src=\"https:\/\/www.europesays.com\/no\/wp-content\/uploads\/2026\/01\/1767785648_201_4c504afa-f58d-49a8-b071-dbd347a6f9c2.jpeg\"  width=\"480\"\/><\/a><\/li>\n<\/ul>\n<p> Oppdatert onsdag 7. januar kl. 11:26     <\/p>\n<p class=\"_paragraph_o9xde_4 _paragraph_xtcu6_10 layout-component text-serif-m layout-normal text-serif-m layout-padded\">Ungdomsenheten har fire plasser og tar imot gutter og jenter mellom 15 og 18 \u00e5r fra hele landet. Tilsynet mener det er h\u00f8y risiko for brudd p\u00e5 barns rettigheter.<\/p>\n<p class=\"_paragraph_o9xde_4 _paragraph_xtcu6_10 layout-component text-serif-m layout-normal text-serif-m layout-padded\">\u2013 Kriminalomsorgen har et s\u00e6rlig ansvar for barn som er fratatt friheten. Presset \u00f8konomi kan aldri begrunne at barns rettigheter svekkes, sier leder Verna Rege Nilssen.<\/p>\n<p class=\"_paragraph_o9xde_4 _paragraph_xtcu6_10 layout-component text-serif-m layout-normal text-serif-m layout-padded\">Tilsynsr\u00e5det peker p\u00e5 flere kritikkverdige forhold. Blant annet er det h\u00f8y risiko for ulovlig bruk av sikkerhetscelle og for umenneskelig behandling av barn.<\/p>\n<p class=\"_paragraph_o9xde_4 _paragraph_xtcu6_10 layout-component text-serif-m layout-normal text-serif-m layout-padded\">Rapporten beskriver en arbeidshverdag preget av h\u00f8yt konfliktniv\u00e5, vold og trusler. Sykefrav\u00e6ret har i perioder v\u00e6rt opp mot 20 prosent.<\/p>\n<p class=\"_paragraph_o9xde_4 _paragraph_xtcu6_10 layout-component text-serif-m layout-normal text-serif-m layout-padded\">\u2013 N\u00e5r ansatte over tid st\u00e5r i en arbeidssituasjon preget av h\u00f8y belastning og utrygghet, f\u00e5r det direkte konsekvenser for ungdommene, sier Rege Nilssen.<\/p>\n<p class=\"_paragraph_o9xde_4 _paragraph_xtcu6_10 layout-component text-serif-m layout-normal text-serif-m layout-padded\"><strong class=\"_strong_o9xde_25\">Les ogs\u00e5:<\/strong> <a href=\"https:\/\/www.vg.no\/nyheter\/i\/73X5dW\/sivilombudet-ungdom-i-sikkerhetscelle-i-14-timer-uten-klaer\" data-track-element-type=\"Link\" data-track-id=\"link:73X5dW\" class=\"_link_o9xde_39\" rel=\"nofollow noopener\" target=\"_blank\">Skrekk\u00adrapport fra barne\u00adfengsel: Satt naken p\u00e5 betong\u00adgulv<\/a><\/p>\n<p class=\"_paragraph_o9xde_4 _paragraph_xtcu6_10 layout-component text-serif-m layout-normal text-serif-m layout-padded\">Tilsynsr\u00e5det er s\u00e6rlig bekymret for \u00f8kt bruk av isolasjon og sikkerhetscelle. De viser til at Sivilombudet i 2025 avdekket kritikkverdige forhold ved bruken av slike tiltak.<\/p>\n<p class=\"_paragraph_o9xde_4 _paragraph_xtcu6_10 layout-component text-serif-m layout-normal text-serif-m layout-padded\">Ungdomsenheten mangler kroppsskanner, noe som f\u00f8rer til \u00f8kt bruk av kroppsvisitasjon av mindre\u00e5rige.<\/p>\n<p class=\"_paragraph_o9xde_4 _paragraph_xtcu6_10 layout-component text-serif-m layout-normal text-serif-m layout-padded\">\u2013 Kroppsvisitasjon er et s\u00e6rlig inngripende tiltak for barn, sier Rege Nilssen.<\/p>\n<p>   <img decoding=\"async\" alt=\"Tips oss illustrasjon\" src=\"https:\/\/www.europesays.com\/no\/wp-content\/uploads\/2025\/10\/pssst-small.webp.webp\"\/>    <\/p>\n<p class=\"title-serif-s\">Har du tips?<\/p>\n<p class=\"text-sans-m\">Send oss informasjon, bilder eller video.<\/p>\n<p>  <a href=\"https:\/\/www.vg.no\/tips-oss\" rel=\"nofollow noopener\" target=\"_blank\"> Tips oss <\/a>   <\/p>\n<p class=\"_paragraph_o9xde_4 _paragraph_xtcu6_10 layout-component text-serif-m layout-normal text-serif-m layout-padded\">Tilsynsr\u00e5det er ogs\u00e5 bekymret for at ungdommenes rett til skolegang ikke ivaretas godt nok. Undervisningen best\u00e5r hovedsakelig av teoretiske fag, og enheten mangler tilbud om praktisk oppl\u00e6ring.<\/p>\n<p class=\"_paragraph_o9xde_4 _paragraph_xtcu6_10 layout-component text-serif-m layout-normal text-serif-m layout-padded\"><strong class=\"_strong_o9xde_25\">Kriminalomsorgen svarer p\u00e5 kritikken:<\/strong> <a href=\"https:\/\/www.vg.no\/nyheter\/i\/5Emzo1\/ei-alvorleg-utvikling\" data-track-element-type=\"Link\" data-track-id=\"link:5Emzo1\" class=\"_link_o9xde_39\" rel=\"nofollow noopener\" target=\"_blank\">Ei alvorleg utvikling<\/a><\/p>\n","protected":false},"excerpt":{"rendered":"Tilsynsr\u00e5det for kriminalomsorgen mener det er avdekket kritikkverdige forhold ved ungdomsenheten i Bj\u00f8rgvin fengsel. BEKYMRET: Tilsynsr\u00e5det for kriminalomsorgen&hellip;\n","protected":false},"author":2,"featured_media":131060,"comment_status":"","ping_status":"","sticky":false,"template":"","format":"standard","meta":{"footnotes":""},"categories":[10],"tags":[20,21,24,25,2507,15,22,23,13,30,28,29,14,16,26,27,3813],"class_list":{"0":"post-131059","1":"post","2":"type-post","3":"status-publish","4":"format-standard","5":"has-post-thumbnail","7":"category-norge","8":"tag-breaking-news","9":"tag-breakingnews","10":"tag-featured-news","11":"tag-featurednews","12":"tag-fengsel","13":"tag-headlines","14":"tag-latest-news","15":"tag-latestnews","16":"tag-news","17":"tag-no","18":"tag-norge","19":"tag-norway","20":"tag-nyheter","21":"tag-overskrifter","22":"tag-top-stories","23":"tag-topstories","24":"tag-ungdomskriminalitet"},"share_on_mastodon":{"url":"https:\/\/pubeurope.com\/@no\/115853607798676098","error":""},"_links":{"self":[{"href":"https:\/\/www.europesays.com\/no\/wp-json\/wp\/v2\/posts\/131059","targetHints":{"allow":["GET"]}}],"collection":[{"href":"https:\/\/www.europesays.com\/no\/wp-json\/wp\/v2\/posts"}],"about":[{"href":"https:\/\/www.europesays.com\/no\/wp-json\/wp\/v2\/types\/post"}],"author":[{"embeddable":true,"href":"https:\/\/www.europesays.com\/no\/wp-json\/wp\/v2\/users\/2"}],"replies":[{"embeddable":true,"href":"https:\/\/www.europesays.com\/no\/wp-json\/wp\/v2\/comments?post=131059"}],"version-history":[{"count":0,"href":"https:\/\/www.europesays.com\/no\/wp-json\/wp\/v2\/posts\/131059\/revisions"}],"wp:featuredmedia":[{"embeddable":true,"href":"https:\/\/www.europesays.com\/no\/wp-json\/wp\/v2\/media\/131060"}],"wp:attachment":[{"href":"https:\/\/www.europesays.com\/no\/wp-json\/wp\/v2\/media?parent=131059"}],"wp:term":[{"taxonomy":"category","embeddable":true,"href":"https:\/\/www.europesays.com\/no\/wp-json\/wp\/v2\/categories?post=131059"},{"taxonomy":"post_tag","embeddable":true,"href":"https:\/\/www.europesays.com\/no\/wp-json\/wp\/v2\/tags?post=131059"}],"curies":[{"name":"wp","href":"https:\/\/api.w.org\/{rel}","templated":true}]}}