{"id":131068,"date":"2026-01-07T11:54:08","date_gmt":"2026-01-07T11:54:08","guid":{"rendered":"https:\/\/www.europesays.com\/no\/131068\/"},"modified":"2026-01-07T11:54:08","modified_gmt":"2026-01-07T11:54:08","slug":"modo-bryter-med-norges-landslagsback","status":"publish","type":"post","link":"https:\/\/www.europesays.com\/no\/131068\/","title":{"rendered":"Modo bryter med Norges landslagsback"},"content":{"rendered":"\n<p class=\"_lead_o9xde_2 _lead_xtcu6_50 layout-component text-serif-m layout-normal text-serif-l layout-component layout-wide layout-padded _wide_17hqh_1 layout-padded\">Hockeyklubben Modo har brutt kontrakten med Sverre R\u00f8nningen, og 24-\u00e5ringen har allerede forlatt Sverige.<\/p>\n<p><img alt=\"Storhamars Sverre R\u00f8nningen f\u00f8r eliteseriekampen i ishockey mot Comet sist februar.  Foto: Beate Oma Dahle \/ NTB.\" class=\"_image_qp4xg_65 layout-component layout-wide\" data-fullscreen- data-track-element-type=\"Article image fullscreen\" data-track-name=\"ImageFullscreen\" fetchpriority=\"high\" decoding=\"sync\" loading=\"eager\" height=\"5760\" itemprop=\"image\"  src=\"https:\/\/www.europesays.com\/no\/wp-content\/uploads\/2026\/01\/99fd93e8-6ee0-42db-81c1-1ff745144d4c.png\"  style=\"object-position:0% 0%\" width=\"8640\"\/>Storhamars Sverre R\u00f8nningen f\u00f8r eliteseriekampen i ishockey mot Comet sist februar.  Foto: Beate Oma Dahle \/ NTB.<\/p>\n<ul aria-hidden=\"true\" class=\"_images_ntbth_112\">\n<li><a class=\"_link_ntbth_117\" href=\"https:\/\/www.vg.no\/forfatter\/ntb\" style=\"z-index:1\" title=\"NTB\" rel=\"nofollow noopener\" target=\"_blank\"><img alt=\"Bilde av NTB\" class=\"_image_ntbth_93\" fetchpriority=\"low\" loading=\"lazy\" decoding=\"async\" itemprop=\"image\"  src=\"https:\/\/www.europesays.com\/no\/wp-content\/uploads\/2026\/01\/1767786848_349_c33980b0-5d07-4027-84a1-813f90a7c8d6.png\"  width=\"480\"\/><\/a><\/li>\n<\/ul>\n<p> Oppdatert onsdag 7. januar kl. 12:06     <\/p>\n<p class=\"_paragraph_o9xde_4 _paragraph_xtcu6_10 layout-component text-serif-m layout-normal text-serif-m layout-padded\"> \u2013 Det er en beslutning som er tatt i samspill mellom begge parter, sier sportssjef Henrik Gradin i klubben fra \u00d6rnsk\u00f6ldsvik til <a href=\"https:\/\/www.expressen.se\/sport\/hockey\/hockeyallsvenskan\/modo-bryter-kontraktet-med-sverre-ronningen\/\" class=\"_link_o9xde_39\" rel=\"nofollow noopener\" target=\"_blank\">Expressen.<\/a><\/p>\n<p class=\"_paragraph_o9xde_4 _paragraph_xtcu6_10 layout-component text-serif-m layout-normal text-serif-m layout-padded\">Det var stilt forventninger til R\u00f8nningen da han ble hentet til Modo fra Storhamar f\u00f8r denne sesongen, men oppholdet er ikke blitt som klubben og spilleren hadde sett for seg.<\/p>\n<p class=\"_paragraph_o9xde_4 _paragraph_xtcu6_10 layout-component text-serif-m layout-normal text-serif-m layout-padded\">R\u00f8nningen spilte sin siste kamp 28. november. I desember dro han hjem til Norge og meddelte at han var sykmeldt p\u00e5 ubestemt tid.<\/p>\n<p class=\"_paragraph_o9xde_4 _paragraph_xtcu6_10 layout-component text-serif-m layout-normal text-serif-m layout-padded\">Backen hadde kontrakt ut 2026\/2027-sesongen, men han kommer ikke til \u00e5 returnere til Sverige.<\/p>\n<p class=\"_paragraph_o9xde_4 _paragraph_xtcu6_10 layout-component text-serif-m layout-normal text-serif-m layout-padded\">R\u00f8nningen var i den norske landslagstroppen i november.<\/p>\n","protected":false},"excerpt":{"rendered":"Hockeyklubben Modo har brutt kontrakten med Sverre R\u00f8nningen, og 24-\u00e5ringen har allerede forlatt Sverige. Storhamars Sverre R\u00f8nningen f\u00f8r&hellip;\n","protected":false},"author":2,"featured_media":131069,"comment_status":"","ping_status":"","sticky":false,"template":"","format":"standard","meta":{"footnotes":""},"categories":[12],"tags":[20,21,24,25,15,977,22,23,13,30,28,29,14,16,26,27,42,43,44,45],"class_list":{"0":"post-131068","1":"post","2":"type-post","3":"status-publish","4":"format-standard","5":"has-post-thumbnail","7":"category-verden","8":"tag-breaking-news","9":"tag-breakingnews","10":"tag-featured-news","11":"tag-featurednews","12":"tag-headlines","13":"tag-ishockey","14":"tag-latest-news","15":"tag-latestnews","16":"tag-news","17":"tag-no","18":"tag-norge","19":"tag-norway","20":"tag-nyheter","21":"tag-overskrifter","22":"tag-top-stories","23":"tag-topstories","24":"tag-verden","25":"tag-world","26":"tag-world-news","27":"tag-worldnews"},"share_on_mastodon":{"url":"https:\/\/pubeurope.com\/@no\/115853686389094118","error":""},"_links":{"self":[{"href":"https:\/\/www.europesays.com\/no\/wp-json\/wp\/v2\/posts\/131068","targetHints":{"allow":["GET"]}}],"collection":[{"href":"https:\/\/www.europesays.com\/no\/wp-json\/wp\/v2\/posts"}],"about":[{"href":"https:\/\/www.europesays.com\/no\/wp-json\/wp\/v2\/types\/post"}],"author":[{"embeddable":true,"href":"https:\/\/www.europesays.com\/no\/wp-json\/wp\/v2\/users\/2"}],"replies":[{"embeddable":true,"href":"https:\/\/www.europesays.com\/no\/wp-json\/wp\/v2\/comments?post=131068"}],"version-history":[{"count":0,"href":"https:\/\/www.europesays.com\/no\/wp-json\/wp\/v2\/posts\/131068\/revisions"}],"wp:featuredmedia":[{"embeddable":true,"href":"https:\/\/www.europesays.com\/no\/wp-json\/wp\/v2\/media\/131069"}],"wp:attachment":[{"href":"https:\/\/www.europesays.com\/no\/wp-json\/wp\/v2\/media?parent=131068"}],"wp:term":[{"taxonomy":"category","embeddable":true,"href":"https:\/\/www.europesays.com\/no\/wp-json\/wp\/v2\/categories?post=131068"},{"taxonomy":"post_tag","embeddable":true,"href":"https:\/\/www.europesays.com\/no\/wp-json\/wp\/v2\/tags?post=131068"}],"curies":[{"name":"wp","href":"https:\/\/api.w.org\/{rel}","templated":true}]}}