{"id":131074,"date":"2026-01-07T12:11:07","date_gmt":"2026-01-07T12:11:07","guid":{"rendered":"https:\/\/www.europesays.com\/no\/131074\/"},"modified":"2026-01-07T12:11:07","modified_gmt":"2026-01-07T12:11:07","slug":"askoy-kleppesto-arbeidsuhell-pa-askoy-blodde-neseblod","status":"publish","type":"post","link":"https:\/\/www.europesays.com\/no\/131074\/","title":{"rendered":"Ask\u00f8y, Kleppest\u00f8 | Arbeidsuhell p\u00e5 Ask\u00f8y: \u2013 Bl\u00f8dde neseblod"},"content":{"rendered":"\n<p>Politiet fikk onsdag formiddag melding om et arbeidsuhell p\u00e5 Storebotn p\u00e5 Ask\u00f8y.<\/p>\n<p>\u2013 En mann i 40-\u00e5rene har v\u00e6rt utsatt for et mindre arbeidsuhell. Arbeidet ved en maskin, hvor han skulle tre noe st\u00e5l inn i en maskin, opplyser operasjonsleder Frode Kolltveit.<\/p>\n<p>\u2013 Dette slo tilbake og p\u00e5f\u00f8rte forn\u00e6rmede et slag\/kutt over nesen. Bl\u00f8dde neseblod.<\/p>\n<p>Ambulanse har ikke blitt tilkalt til stedet. Mannen skal selv opps\u00f8ke lege, melder Kolltveit.<\/p>\n<p>Politiet unders\u00f8ker hendelsen og oppretter sak.<\/p>\n<p>Arbeidstilsynet er rutinemessig varslet.<\/p>\n","protected":false},"excerpt":{"rendered":"Politiet fikk onsdag formiddag melding om et arbeidsuhell p\u00e5 Storebotn p\u00e5 Ask\u00f8y. \u2013 En mann i 40-\u00e5rene har&hellip;\n","protected":false},"author":2,"featured_media":1615,"comment_status":"","ping_status":"","sticky":false,"template":"","format":"standard","meta":{"footnotes":""},"categories":[10],"tags":[15195,36,2271,20,21,24,25,15,2272,22,23,13,30,28,29,14,16,1510,26,27],"class_list":{"0":"post-131074","1":"post","2":"type-post","3":"status-publish","4":"format-standard","5":"has-post-thumbnail","7":"category-norge","8":"tag-arbeidsuhell","9":"tag-art","10":"tag-askoy","11":"tag-breaking-news","12":"tag-breakingnews","13":"tag-featured-news","14":"tag-featurednews","15":"tag-headlines","16":"tag-kleppesto","17":"tag-latest-news","18":"tag-latestnews","19":"tag-news","20":"tag-no","21":"tag-norge","22":"tag-norway","23":"tag-nyheter","24":"tag-overskrifter","25":"tag-story","26":"tag-top-stories","27":"tag-topstories"},"share_on_mastodon":{"url":"https:\/\/pubeurope.com\/@no\/115853753246529630","error":""},"_links":{"self":[{"href":"https:\/\/www.europesays.com\/no\/wp-json\/wp\/v2\/posts\/131074","targetHints":{"allow":["GET"]}}],"collection":[{"href":"https:\/\/www.europesays.com\/no\/wp-json\/wp\/v2\/posts"}],"about":[{"href":"https:\/\/www.europesays.com\/no\/wp-json\/wp\/v2\/types\/post"}],"author":[{"embeddable":true,"href":"https:\/\/www.europesays.com\/no\/wp-json\/wp\/v2\/users\/2"}],"replies":[{"embeddable":true,"href":"https:\/\/www.europesays.com\/no\/wp-json\/wp\/v2\/comments?post=131074"}],"version-history":[{"count":0,"href":"https:\/\/www.europesays.com\/no\/wp-json\/wp\/v2\/posts\/131074\/revisions"}],"wp:featuredmedia":[{"embeddable":true,"href":"https:\/\/www.europesays.com\/no\/wp-json\/wp\/v2\/media\/1615"}],"wp:attachment":[{"href":"https:\/\/www.europesays.com\/no\/wp-json\/wp\/v2\/media?parent=131074"}],"wp:term":[{"taxonomy":"category","embeddable":true,"href":"https:\/\/www.europesays.com\/no\/wp-json\/wp\/v2\/categories?post=131074"},{"taxonomy":"post_tag","embeddable":true,"href":"https:\/\/www.europesays.com\/no\/wp-json\/wp\/v2\/tags?post=131074"}],"curies":[{"name":"wp","href":"https:\/\/api.w.org\/{rel}","templated":true}]}}