{"id":131081,"date":"2026-01-07T12:19:09","date_gmt":"2026-01-07T12:19:09","guid":{"rendered":"https:\/\/www.europesays.com\/no\/131081\/"},"modified":"2026-01-07T12:19:09","modified_gmt":"2026-01-07T12:19:09","slug":"arthur-arntzen-bisattes-i-ishavskatedralen-i-tromso","status":"publish","type":"post","link":"https:\/\/www.europesays.com\/no\/131081\/","title":{"rendered":"Arthur Arntzen bisattes i Ishavskatedralen i Troms\u00f8"},"content":{"rendered":"\n<ul class=\"_list_o9xde_3 _list_64s2r_85 _unordered_o9xde_106 text-sans-m\">\n<li class=\"_item_o9xde_30\">Skuespilleren og komikeren Arthur Arntzen ble bisatt fra Ishavskatedralen i Troms\u00f8.<\/li>\n<li class=\"_item_o9xde_30\">Arntzen d\u00f8de 19. desember, 88 \u00e5r gammel, med familien rundt seg.<\/li>\n<li class=\"_item_o9xde_30\">Hans datter beskrev ham som en familiemann som elsket storfamilien.<\/li>\n<li class=\"_item_o9xde_30\">Statsminister Jonas Gahr St\u00f8re hyllet Arntzens mange bidrag, spesielt gjennom karakteren Oluf.<\/li>\n<li class=\"_item_o9xde_30\">Arntzen har blitt utnevnt som professor ved UiT og har f\u00e5tt en vei oppkalt etter seg i Tromsdalen.<\/li>\n<\/ul>\n<p>Vis mer <\/p>\n<p class=\"_paragraph_o9xde_4 _paragraph_xtcu6_10 layout-component text-serif-m layout-normal text-serif-m layout-padded\">Arthur Arntzen <a href=\"https:\/\/cms.schibsted.media\/workbench_next\/gk7Qvk;newsroom=vg\" class=\"_link_o9xde_39\" rel=\"nofollow noopener\" target=\"_blank\"> d\u00f8de<\/a> 19. desember, med familien rundt seg. Han ble 88 \u00e5r gammel.<\/p>\n<p class=\"_paragraph_o9xde_4 _paragraph_xtcu6_10 layout-component text-serif-m layout-normal text-serif-m layout-padded\">\u2013 Dere sa han d\u00f8de med et smil om munnen, sa biskop Stig L\u00e6gdene under bisettelsen og henviste til familiens siste tid sammen med Arntzen.<\/p>\n<p class=\"_paragraph_o9xde_4 _paragraph_xtcu6_10 layout-component text-serif-m layout-normal text-serif-m layout-padded\">Komikeren, kanskje mest kjent som rollefiguren Oluf, sovnet inn p\u00e5 Otium sykehjem, der han bodde de siste to \u00e5rene. <\/p>\n<p><img alt=\"Foto: Therese Alice Sanne \/ VG\" class=\"_image_qp4xg_65 layout-component layout-normal\" data-fullscreen- data-track-element-type=\"Article image fullscreen\" data-track-name=\"ImageFullscreen\" decoding=\"async\" loading=\"lazy\" height=\"6720\" itemprop=\"image\"  src=\"https:\/\/www.europesays.com\/no\/wp-content\/uploads\/2026\/01\/21836a33-35e2-4f1b-a4b8-8acb7a28f9f3.jpeg\"  style=\"object-position:0% 0%\" width=\"4480\"\/>Foto: Therese Alice Sanne \/ VG<\/p>\n<p class=\"_paragraph_o9xde_4 _paragraph_xtcu6_10 layout-component text-serif-m layout-normal text-serif-m layout-padded\">\u2013 Jeg tror hele Troms\u00f8 by ble r\u00f8rt da vi p\u00e5 nytt\u00e5rsaften s\u00e5 opp mot Fjellheisen og s\u00e5 at Oluf ble skrevet i lys p\u00e5 fjellsiden, sa L\u00e6gdene.<\/p>\n<p class=\"_paragraph_o9xde_4 _paragraph_xtcu6_10 layout-component text-serif-m layout-normal text-serif-m layout-padded\">Arntzen etterlot seg kone, tre barn, \u00e5tte barnebarn og fire oldebarn.<\/p>\n<p class=\"_paragraph_o9xde_4 _paragraph_xtcu6_10 layout-component text-serif-m layout-normal text-serif-m layout-padded\">I bisettelsen beskrev datteren Cathrine Arntzen faren som et sammensatt menneske. Og i aller h\u00f8yeste grad var en familiemann som elsket storfamilien.<\/p>\n<p class=\"_paragraph_o9xde_4 _paragraph_xtcu6_10 layout-component text-serif-m layout-normal text-serif-m layout-padded\">\u2013 Han l\u00e6rte oss \u00e5 v\u00e6re snill, sa hun.<\/p>\n<p><img alt=\"Far og datter Arntzen i 2018.  Foto: Therese Alice Sanne \/ VG\" class=\"_image_qp4xg_65 layout-component layout-normal\" data-fullscreen- data-track-element-type=\"Article image fullscreen\" data-track-name=\"ImageFullscreen\" decoding=\"async\" loading=\"lazy\" height=\"4316\" itemprop=\"image\"  src=\"https:\/\/www.europesays.com\/no\/wp-content\/uploads\/2026\/01\/e7c1690b-d38c-4348-956f-3ef429a90844.png\"  style=\"object-position:0% 0%\" width=\"6473\"\/>Far og datter Arntzen i 2018.  Foto: Therese Alice Sanne \/ VG<\/p>\n<p class=\"_paragraph_o9xde_4 _paragraph_xtcu6_10 layout-component text-serif-m layout-normal text-serif-m layout-padded\">I 2018 ble det kjent at Arntzen var rammet av demens.<\/p>\n<p class=\"_paragraph_o9xde_4 _paragraph_xtcu6_10 layout-component text-serif-m layout-normal text-serif-m layout-padded\">Datteren, som er professor ved universitetet i Troms\u00f8 og har forsket p\u00e5 demens, har v\u00e6rt opptatt av samle minner fra farens liv, selv om demensen tok fra ham stadig flere av dem.<\/p>\n<p class=\"_paragraph_o9xde_4 _paragraph_xtcu6_10 layout-component text-serif-m layout-normal text-serif-m layout-padded\"> I et intervju med VG i 2018 fortalte hun om da hun startet prosessen med \u00e5 ta opptak av samtaler med sin far. Der snakket hun med Arntzen om hvordan det var \u00e5 leve med <a href=\"https:\/\/www.vg.no\/nyheter\/i\/Rxew08\/arthur-oluf-arntzen-om-demenssykdommen-enkelte-dager-husker-jeg-ingenting\" data-track-element-type=\"Link\" data-track-id=\"link:Rxew08\" class=\"_link_o9xde_39\" rel=\"nofollow noopener\" target=\"_blank\">hukommelsessvikt, <\/a>og hva ved livet som var blitt annerledes.<\/p>\n<p><img alt=\"Den gamle kompisgjengen til Arthur henter ham hver dag klokken 11 og tok ham med p\u00e5 kafe.  Foto: Therese Alice Sanne \/ VG\" class=\"_image_qp4xg_65 layout-component layout-normal\" data-fullscreen- data-track-element-type=\"Article image fullscreen\" data-track-name=\"ImageFullscreen\" decoding=\"async\" loading=\"lazy\" height=\"4349\" itemprop=\"image\"  src=\"https:\/\/www.europesays.com\/no\/wp-content\/uploads\/2026\/01\/0a5a116e-6fdb-4220-8aaf-700d7d898adc.jpeg\"  style=\"object-position:0% 0%\" width=\"6523\"\/>Den gamle kompisgjengen til Arthur henter ham hver dag klokken 11 og tok ham med p\u00e5 kafe.  Foto: Therese Alice Sanne \/ VG<\/p>\n<p class=\"_paragraph_o9xde_4 _paragraph_xtcu6_10 layout-component text-serif-m layout-normal text-serif-m layout-padded\">Statsminister Jonas Gahr St\u00f8re (Ap) var blant de mange som hyllet den prisbel\u00f8nte kulturpersonligheten da han gikk bort.<\/p>\n<p class=\"_paragraph_o9xde_4 _paragraph_xtcu6_10 layout-component text-serif-m layout-normal text-serif-m layout-padded\">\u2013 Som kunstner var han allsidig: forfatter, musiker og journalist, men det er nok som karakteren Oluf han f\u00f8rst og fremst vil minnes. I hele sitt virke var han b\u00e5de skarp og observant, alltid med dyp omtanke for folket og kulturen i Nord-Norge, sa St\u00f8re om Arntzen etter gans bortgang.<\/p>\n<p class=\"_paragraph_o9xde_4 _paragraph_xtcu6_10 layout-component text-serif-m layout-normal text-serif-m layout-padded\">I over 50 \u00e5r var Oluf Rallkattli manifestasjonen p\u00e5 den munnrappe nordnorske bondetypen som tar en grusom hevn over det urbane og det tilgjorte. Oluf-figuren var et nordnorsk ikon som med et ramsalt spr\u00e5k fikk hele Norge til \u00e5 le.<\/p>\n<p class=\"_paragraph_o9xde_4 _paragraph_xtcu6_10 layout-component text-serif-m layout-normal text-serif-m layout-padded\">Gjennom et langt liv og virke sanket Arthur Arntzen en rekke priser, fra Spellemannpris til Alf Pr\u00f8ysens \u00e6respris, og han ble sl\u00e5tt til ridder av f\u00f8rste klasse av St. Olavs Orden.<\/p>\n<p class=\"_paragraph_o9xde_4 _paragraph_xtcu6_10 layout-component text-serif-m layout-normal text-serif-m layout-padded\">\u2013 Pappa var en av de rauseste personene som vi har opplevd. Han betydde noe for alle p\u00e5 alle plan, og hadde en kapasitet som ingen andre, sa s\u00f8nnen til<a href=\"https:\/\/www.vg.no\/rampelys\/i\/16nnPM\/arthur-oluf-arntzen-er-doed\" data-track-element-type=\"Link\" data-track-id=\"link:16nnPM\" class=\"_link_o9xde_39\" rel=\"nofollow noopener\" target=\"_blank\"> VG<\/a> f\u00f8r jul.<\/p>\n<p><img alt=\"Arthur Antzen som \u00abOluf\u00bb i Harstad kulturhus i 1999  Foto: Morten Holm \/ NTB\" class=\"_image_qp4xg_65 layout-component layout-normal\" data-fullscreen- data-track-element-type=\"Article image fullscreen\" data-track-name=\"ImageFullscreen\" decoding=\"async\" loading=\"lazy\" height=\"3600\" itemprop=\"image\"  src=\"https:\/\/www.europesays.com\/no\/wp-content\/uploads\/2026\/01\/fcfd1dd4-e3a2-478a-8633-0d9109903b2e.png\"  style=\"object-position:0% 0%\" width=\"4318\"\/>Arthur Antzen som \u00abOluf\u00bb i Harstad kulturhus i 1999  Foto: Morten Holm \/ NTB<\/p>\n<p class=\"_paragraph_o9xde_4 _paragraph_xtcu6_10 layout-component text-serif-m layout-normal text-serif-m layout-padded\">Arntzen, som senere skulle bli best kjent for humorkarakteren Oluf fra Rallkattlia, ble f\u00f8dt i et hus ved Holtveien p\u00e5 Troms\u00f8ya 10. mai 1937. Arntzen var nummer tre av fire s\u00f8sken, og foreldrene livn\u00e6rte seg av dagarbeid og vaskejobber. I selvbiografien \u00abSm\u00e5karer under frostm\u00e5ne\u00bb forteller han om en oppvekst i materiell fattigdom \u2013 preget av humor.<\/p>\n<p class=\"_paragraph_o9xde_4 _paragraph_xtcu6_10 layout-component text-serif-m layout-normal text-serif-m layout-padded\">Da Arntzen ble 17 \u00e5r d\u00f8de faren og han m\u00e5tte ta str\u00f8jobber. Etter hvert fikk han jobb som journalist i Bladet Troms\u00f8.<\/p>\n<p class=\"_paragraph_o9xde_4 _paragraph_xtcu6_10 layout-component text-serif-m layout-normal text-serif-m layout-padded\">\u2013 Han jobba som journalist om dagen og opptr\u00e5dte om kvelden. En eventyrlig karriere var i gang, forteller L\u00e6gdene under seremonien.<\/p>\n<p><img alt=\"Arhur Arntzen sa han byr mer p\u00e5 de m\u00f8rke og ukjente sidene ved seg selv i boka &quot;Eventyr, t\u00e5rer og latter&quot; som ble lansert i Troms\u00f8 i 2007.  Foto: Jan-Morten Bj\u00f8rnbakk \/ NTB\" class=\"_image_qp4xg_65 layout-component layout-normal\" data-fullscreen- data-track-element-type=\"Article image fullscreen\" data-track-name=\"ImageFullscreen\" decoding=\"async\" loading=\"lazy\" height=\"2443\" itemprop=\"image\"  src=\"https:\/\/www.europesays.com\/no\/wp-content\/uploads\/2026\/01\/f7d16771-2879-4b64-aed8-1adf17701f31.jpeg\"  style=\"object-position:0% 0%\" width=\"2608\"\/>Arhur Arntzen sa han byr mer p\u00e5 de m\u00f8rke og ukjente sidene ved seg selv i boka &laquo;Eventyr, t\u00e5rer og latter&raquo; som ble lansert i Troms\u00f8 i 2007.  Foto: Jan-Morten Bj\u00f8rnbakk \/ NTB<\/p>\n<p class=\"_paragraph_o9xde_4 _paragraph_xtcu6_10 layout-component text-serif-m layout-normal text-serif-m layout-padded\">I 1967 ga han ut sin f\u00f8rste Oluf-bok, siden fulgte \u00e5tte andre b\u00f8ker om fyren fra Rallkattlia. I 1989 ble b\u00f8kene omarbeidet til teater for H\u00e5logaland Teater. Det ble teatrets st\u00f8rste suksessforestilling noensinne. I senere tid har Arntzen blitt utnevnt som professor i flirologi ved UiT, han er blitt til en byste som st\u00e5r utenfor Kulturhuset i Troms\u00f8, og har f\u00e5tt en vei i Tromsdalen oppkalt etter seg, blant annet.  <\/p>\n","protected":false},"excerpt":{"rendered":"Skuespilleren og komikeren Arthur Arntzen ble bisatt fra Ishavskatedralen i Troms\u00f8. Arntzen d\u00f8de 19. desember, 88 \u00e5r gammel,&hellip;\n","protected":false},"author":2,"featured_media":131082,"comment_status":"","ping_status":"","sticky":false,"template":"","format":"standard","meta":{"footnotes":""},"categories":[5],"tags":[14133,294,20,21,24,25,15,19,15196,22,23,17,18,13,30,28,29,14,16,26,27],"class_list":{"0":"post-131081","1":"post","2":"type-post","3":"status-publish","4":"format-standard","5":"has-post-thumbnail","7":"category-overskrifter","8":"tag-arthur-arntzen","9":"tag-begravelse","10":"tag-breaking-news","11":"tag-breakingnews","12":"tag-featured-news","13":"tag-featurednews","14":"tag-headlines","15":"tag-hovedoppslag","16":"tag-ishavskatedralen","17":"tag-latest-news","18":"tag-latestnews","19":"tag-main-news","20":"tag-mainnews","21":"tag-news","22":"tag-no","23":"tag-norge","24":"tag-norway","25":"tag-nyheter","26":"tag-overskrifter","27":"tag-top-stories","28":"tag-topstories"},"share_on_mastodon":{"url":"https:\/\/pubeurope.com\/@no\/115853784713819142","error":""},"_links":{"self":[{"href":"https:\/\/www.europesays.com\/no\/wp-json\/wp\/v2\/posts\/131081","targetHints":{"allow":["GET"]}}],"collection":[{"href":"https:\/\/www.europesays.com\/no\/wp-json\/wp\/v2\/posts"}],"about":[{"href":"https:\/\/www.europesays.com\/no\/wp-json\/wp\/v2\/types\/post"}],"author":[{"embeddable":true,"href":"https:\/\/www.europesays.com\/no\/wp-json\/wp\/v2\/users\/2"}],"replies":[{"embeddable":true,"href":"https:\/\/www.europesays.com\/no\/wp-json\/wp\/v2\/comments?post=131081"}],"version-history":[{"count":0,"href":"https:\/\/www.europesays.com\/no\/wp-json\/wp\/v2\/posts\/131081\/revisions"}],"wp:featuredmedia":[{"embeddable":true,"href":"https:\/\/www.europesays.com\/no\/wp-json\/wp\/v2\/media\/131082"}],"wp:attachment":[{"href":"https:\/\/www.europesays.com\/no\/wp-json\/wp\/v2\/media?parent=131081"}],"wp:term":[{"taxonomy":"category","embeddable":true,"href":"https:\/\/www.europesays.com\/no\/wp-json\/wp\/v2\/categories?post=131081"},{"taxonomy":"post_tag","embeddable":true,"href":"https:\/\/www.europesays.com\/no\/wp-json\/wp\/v2\/tags?post=131081"}],"curies":[{"name":"wp","href":"https:\/\/api.w.org\/{rel}","templated":true}]}}