{"id":131085,"date":"2026-01-07T12:25:06","date_gmt":"2026-01-07T12:25:06","guid":{"rendered":"https:\/\/www.europesays.com\/no\/131085\/"},"modified":"2026-01-07T12:25:06","modified_gmt":"2026-01-07T12:25:06","slug":"siste-e18-stengt-ved-tonsberg-etter-ulykke-vg","status":"publish","type":"post","link":"https:\/\/www.europesays.com\/no\/131085\/","title":{"rendered":"siste: E18 stengt ved T\u00f8nsberg etter ulykke &#8211; VG"},"content":{"rendered":"<ol>\n<li><a href=\"https:\/\/news.google.com\/rss\/articles\/CBMifEFVX3lxTE03X2ZhNHFGZDVUZTE3MGs4bnVBa2NEazkyWkpGckdIVVRFcTdjd2dDT1hUUERHeUstdE94ZFZxVVZ2WVkxc2xYTW9FWkFvc0pnQUNETGpETm1feGRxdlRrUHhvc1dlS1VCelctemV3Y3hlc1hjQV9YY1JjWkE?oc=5\" target=\"_blank\" rel=\"nofollow noopener\">siste: E18 stengt ved T\u00f8nsberg etter ulykke<\/a>&nbsp;&nbsp;VG<\/li>\n<li><a href=\"https:\/\/news.google.com\/rss\/articles\/CBMiowFBVV95cUxOOTB4aU1OSDItZ091Sll3ZTdzZ01iekR2UG1jVDFOZ2dTdHgwY3FqRl8wX2QtZnE5SkNFYUZwM3BiNGZtUmkwbzRuT2tjNkllSnV6WUJxWWxOU1JFNUw4aDA3amZhLTcwcG81T1kxM21hbU9xZFV2amRYeFl2aDNMTFJGTFNBNmhzYXcweU1pcVhvYmVqaFhwQXZVbHZLVUZCS2FZ?oc=5\" target=\"_blank\" rel=\"nofollow noopener\">Ulykke p\u00e5 E18 i T\u00f8nsberg \u2013 trafikken er helt sperret<\/a>&nbsp;&nbsp;NRK<\/li>\n<li><a href=\"https:\/\/news.google.com\/rss\/articles\/CBMijwFBVV95cUxOQkxnT0syd3RQSlF6aFQ5dkVFUGZCa1psVXRZeFN5NlpjTjNybkM2Q3B2UUZ6RC1IQUVZUi05S3lyQWs4NXQ5dXhBYVY2LUpTMVpMaXcwWHl2OUNabklpZ2E3eFBib3dJVW5rUW9NWmI3bE9WckQ1VUdFZjR2ZE14R0FFNUxKYkVxR1dJXzBqZw?oc=5\" target=\"_blank\" rel=\"nofollow noopener\">E18, Vestfold | Kollisjon p\u00e5 E18 \u2013 sperret i begge retninger i T\u00f8nsberg<\/a>&nbsp;&nbsp;Sandefjords Blad<\/li>\n<li><a href=\"https:\/\/news.google.com\/rss\/articles\/CBMinwFBVV95cUxQYkM3RHBPRnRIQzhhVURyelFETFBNZXRoUHpMQ1pJSnFLcmZxOW1HV2dmRjZqb2ZyN0hpcnA3dVN5QUlxcFNQc29makZvWnVnclJ3STBhOHFPcjVTTzB1MVdyakxFaEFPZzFKVGFWVDBXRzVKVTdxWW5uMjJLOGhwNXlCMGEwRHlza0VEWjI3VmwyQ2lCMEE3MmFGaHMtaUE?oc=5\" target=\"_blank\" rel=\"nofollow noopener\">E18, Trafikk | E18 ble stengt i n\u00e6rmere tre timer etter ulykke: \u2013 Helt uakseptabelt<\/a>&nbsp;&nbsp;\u00d8stlands-Posten<\/li>\n<li><a href=\"https:\/\/news.google.com\/rss\/articles\/CBMingFBVV95cUxQNnZBMXpVYTJEUHRkQU1xQnlGZjdOOWVGYlpLdGUtcWlfdkkwNnNDbFJpcHJLYm9wY1NJbkxFUVhSVkUzcE9ZdXZpRFZ6bkpUYjJGRnpldUk3Q1J0MmdnaEV2OEE0VFBuSUU0MzBkMGIyMVNmamJpMy1hRjhXX0lnX093RW51NnV3bnBmY1NWX1phRHdwclIwSjdLQ2hyZw?oc=5\" target=\"_blank\" rel=\"nofollow noopener\">E18, Ulykker og hendelser | Irene fikk sjokk da hun s\u00e5 hva de andre bilistene gjorde: \u2013 Galskap<\/a>&nbsp;&nbsp;T\u00f8nsbergs Blad<\/li>\n<\/ol>\n","protected":false},"excerpt":{"rendered":"siste: E18 stengt ved T\u00f8nsberg etter ulykke&nbsp;&nbsp;VG Ulykke p\u00e5 E18 i T\u00f8nsberg \u2013 trafikken er helt sperret&nbsp;&nbsp;NRK E18,&hellip;\n","protected":false},"author":2,"featured_media":131086,"comment_status":"","ping_status":"","sticky":false,"template":"","format":"standard","meta":{"footnotes":""},"categories":[10],"tags":[31,20,21,940,24,25,15,22,23,13,30,28,29,14,16,26,27,431,1100],"class_list":{"0":"post-131085","1":"post","2":"type-post","3":"status-publish","4":"format-standard","5":"has-post-thumbnail","7":"category-norge","8":"tag-breaking","9":"tag-breaking-news","10":"tag-breakingnews","11":"tag-e18","12":"tag-featured-news","13":"tag-featurednews","14":"tag-headlines","15":"tag-latest-news","16":"tag-latestnews","17":"tag-news","18":"tag-no","19":"tag-norge","20":"tag-norway","21":"tag-nyheter","22":"tag-overskrifter","23":"tag-top-stories","24":"tag-topstories","25":"tag-tonsberg","26":"tag-trafikkulykker"},"share_on_mastodon":{"url":"https:\/\/pubeurope.com\/@no\/115853808436074544","error":""},"_links":{"self":[{"href":"https:\/\/www.europesays.com\/no\/wp-json\/wp\/v2\/posts\/131085","targetHints":{"allow":["GET"]}}],"collection":[{"href":"https:\/\/www.europesays.com\/no\/wp-json\/wp\/v2\/posts"}],"about":[{"href":"https:\/\/www.europesays.com\/no\/wp-json\/wp\/v2\/types\/post"}],"author":[{"embeddable":true,"href":"https:\/\/www.europesays.com\/no\/wp-json\/wp\/v2\/users\/2"}],"replies":[{"embeddable":true,"href":"https:\/\/www.europesays.com\/no\/wp-json\/wp\/v2\/comments?post=131085"}],"version-history":[{"count":0,"href":"https:\/\/www.europesays.com\/no\/wp-json\/wp\/v2\/posts\/131085\/revisions"}],"wp:featuredmedia":[{"embeddable":true,"href":"https:\/\/www.europesays.com\/no\/wp-json\/wp\/v2\/media\/131086"}],"wp:attachment":[{"href":"https:\/\/www.europesays.com\/no\/wp-json\/wp\/v2\/media?parent=131085"}],"wp:term":[{"taxonomy":"category","embeddable":true,"href":"https:\/\/www.europesays.com\/no\/wp-json\/wp\/v2\/categories?post=131085"},{"taxonomy":"post_tag","embeddable":true,"href":"https:\/\/www.europesays.com\/no\/wp-json\/wp\/v2\/tags?post=131085"}],"curies":[{"name":"wp","href":"https:\/\/api.w.org\/{rel}","templated":true}]}}