{"id":131088,"date":"2026-01-07T12:28:10","date_gmt":"2026-01-07T12:28:10","guid":{"rendered":"https:\/\/www.europesays.com\/no\/131088\/"},"modified":"2026-01-07T12:28:10","modified_gmt":"2026-01-07T12:28:10","slug":"lillian-muller-blir-renate-reinsves-mamma-i-filmen-butterfly","status":"publish","type":"post","link":"https:\/\/www.europesays.com\/no\/131088\/","title":{"rendered":"Lillian M\u00fcller blir Renate Reinsves mamma i filmen \u00abButterfly\u00bb"},"content":{"rendered":"\n<ul class=\"_list_o9xde_3 _list_64s2r_85 _unordered_o9xde_106 text-sans-m\">\n<li class=\"_item_o9xde_30\">Den tidligere Playboy-modellen Lillian M\u00fcller (74) har f\u00e5tt en betydelig rolle i den nye filmen \u00abButterfly\u00bb.<\/li>\n<li class=\"_item_o9xde_30\">M\u00fcller spiller den avd\u00f8de moren til Renate Reinsves karakter.<\/li>\n<li class=\"_item_o9xde_30\">Regiss\u00f8r Itonje S\u00f8imer Guttormsen roser M\u00fcllers innsats og kaller det et lykketreff.<\/li>\n<li class=\"_item_o9xde_30\">Filmen har premiere p\u00e5 Rotterdam filmfestival og skal konkurrere p\u00e5 G\u00f6teborg filmfestival.<\/li>\n<\/ul>\n<p>Vis mer <\/p>\n<p class=\"_paragraph_o9xde_4 _paragraph_xtcu6_10 layout-component text-serif-m layout-normal text-serif-m layout-padded\">\u2013 Fy s\u00f8ren! Jeg ble helt vill da jeg fikk beskjeden. Det var fantastisk, sier en begeistret Lillian M\u00fcller til VG p\u00e5 tr\u00e5den fra Los Angeles, hvor hun bor. <\/p>\n<p class=\"_paragraph_o9xde_4 _paragraph_xtcu6_10 layout-component text-serif-m layout-normal text-serif-m layout-padded\">P\u00e5 70-tallet overlot s\u00f8rlendingen lite til lesernes fantasi, da hun smykket b\u00e5de forsider og midtsider i herremagasinet \u00ab<a href=\"https:\/\/www.vg.no\/tag\/playboy?utm_source=vg-article&amp;utm_medium=auto-tagger&amp;utm_campaign=d4OVMq\" class=\"_link_o9xde_39\" rel=\"nofollow noopener\" target=\"_blank\">Playboy<\/a>\u00bb. <\/p>\n<ul class=\"_gallery_1qa3s_23\" tabindex=\"0\">\n<li class=\"_item_1qa3s_37\" data-index=\"0\"><img decoding=\"async\" class=\"_image_foru8_23 _articleGallery_foru8_39\" data-fullscreen- width=\"3214\" height=\"4385\" itemprop=\"image\" loading=\"lazy\"  src=\"https:\/\/www.europesays.com\/no\/wp-content\/uploads\/2026\/01\/803de5ad-d7ac-4bc5-b2d8-d878ba3fdf8c.jpeg\"  style=\"object-position:50% 50%;aspect-ratio:var(--gallery-aspect-ratio, 16 \/ 9)\"\/>Lillian M\u00fcller p\u00e5 forsiden av herremagasinet Playboy.  Foto: Playboy<\/li>\n<li class=\"_item_1qa3s_37\" data-index=\"1\"><img decoding=\"async\" class=\"_image_foru8_23 _articleGallery_foru8_39\" data-fullscreen- width=\"537\" height=\"720\" itemprop=\"image\" loading=\"lazy\"  src=\"https:\/\/www.europesays.com\/no\/wp-content\/uploads\/2026\/01\/1616b212-25c0-497c-816b-8a0ab6417aea.jpeg\"  style=\"object-position:50% 50%;aspect-ratio:var(--gallery-aspect-ratio, 16 \/ 9)\"\/>Lillian M\u00fcller p\u00e5 forsiden av herremagasinet Playboy.  Foto: Playboy<\/li>\n<li class=\"_item_1qa3s_37\" data-index=\"2\"><img decoding=\"async\" class=\"_image_foru8_23 _articleGallery_foru8_39\" data-fullscreen- width=\"3207\" height=\"4315\" itemprop=\"image\" loading=\"lazy\"  src=\"https:\/\/www.europesays.com\/no\/wp-content\/uploads\/2026\/01\/cb92fa99-ef10-4718-8d43-e6bd06c633ee.png\"  style=\"object-position:50% 50%;aspect-ratio:var(--gallery-aspect-ratio, 16 \/ 9)\"\/>Lillian M\u00fcller p\u00e5 forsiden av herremagasinet Playboy.  Foto: Playboy<\/li>\n<li class=\"_item_1qa3s_37\" data-index=\"3\"><img decoding=\"async\" class=\"_image_foru8_23 _articleGallery_foru8_39\" data-fullscreen- width=\"3258\" height=\"4385\" itemprop=\"image\" loading=\"lazy\"  src=\"https:\/\/www.europesays.com\/no\/wp-content\/uploads\/2026\/01\/60b0fc83-d9e4-400b-be59-2f9cce71eeb7.png\"  style=\"object-position:50% 50%;aspect-ratio:var(--gallery-aspect-ratio, 16 \/ 9)\"\/>Lillian M\u00fcller p\u00e5 forsiden av herremagasinet Playboy.  Foto: Playboy<\/li>\n<\/ul>\n<p>Lillian M\u00fcller p\u00e5 forsiden av herremagasinet Playboy.  Foto: Playboy<\/p>\n<p class=\"_paragraph_o9xde_4 _paragraph_xtcu6_10 layout-component text-serif-m layout-normal text-serif-m layout-padded\">N\u00e5, i 2026, er det derimot skuespill som gjelder.<\/p>\n<p class=\"_paragraph_o9xde_4 _paragraph_xtcu6_10 layout-component text-serif-m layout-normal text-serif-m layout-padded\">Den mest fotograferte \u00abPlaymate of the Year\u00bb-modellen noensinne spiller moren til Renate Reinsve og Helene Bj\u00f8rnebys karakterer i regiss\u00f8r Itonje S\u00f8imer Guttormsens nye film \u00abButterfly\u00bb. <\/p>\n<p class=\"_paragraph_o9xde_4 _paragraph_xtcu6_10 layout-component text-serif-m layout-normal text-serif-m layout-padded\">\u2013 Jeg er s\u00e5 takknemlig for at jeg fikk denne rollen og at de ga meg en ny sjanse og en ny begynnelse i voksen alder. Jeg er jo blitt en gammel kjerring, sier M\u00fcller lattermildt. <\/p>\n<p><img alt=\"FAMILIE: Renate Reinsve, Lillian Mu\u0308ller, og Helene Bj\u00f8rneby i rollene som Lily, Vera og Diana i \u00abButterfly\u00bb  Foto: Mer Film \/ Rob Bake Ashton\" class=\"_image_qp4xg_65 layout-component layout-normal\" data-fullscreen- data-track-element-type=\"Article image fullscreen\" data-track-name=\"ImageFullscreen\" decoding=\"async\" loading=\"lazy\" height=\"2560\" itemprop=\"image\"  src=\"https:\/\/www.europesays.com\/no\/wp-content\/uploads\/2026\/01\/a5f2384a-d83e-4881-b558-c1934ae96b4c.jpeg\"  style=\"object-position:0% 0%\" width=\"3840\"\/>FAMILIE: Renate Reinsve, Lillian Mu\u0308ller, og Helene Bj\u00f8rneby i rollene som Lily, Vera og Diana i \u00abButterfly\u00bb  Foto: Mer Film \/ Rob Bake Ashton<\/p>\n<p class=\"_paragraph_o9xde_4 _paragraph_xtcu6_10 layout-component text-serif-m layout-normal text-serif-m layout-padded\">Filmen f\u00f8lger halvs\u00f8strene Diana og Lily, som vokste opp p\u00e5 en charterresort p\u00e5 Gran Canaria, der deres grensel\u00f8se mor Vera (Lillian M\u00fcller) jobbet som reiseleder i 25 \u00e5r. <\/p>\n<p class=\"_paragraph_o9xde_4 _paragraph_xtcu6_10 layout-component text-serif-m layout-normal text-serif-m layout-padded\">N\u00e5r moren plutselig d\u00f8r, m\u00e5 de returnere til \u00f8ya og konfrontere fortiden og hverandre. <\/p>\n<p class=\"_paragraph_o9xde_4 _paragraph_xtcu6_10 layout-component text-serif-m layout-normal layout-padded\"><strong class=\"_strong_o9xde_25\">Les ogs\u00e5:<\/strong> <a href=\"https:\/\/www.vg.no\/i\/Exo8PG\" data-track-element-type=\"Link\" data-track-id=\"link:Exo8PG\" class=\"_link_o9xde_39\" rel=\"nofollow noopener\" target=\"_blank\">Slik har du aldri sett den norske stjernen<\/a><\/p>\n<p><img alt=\"REINSVE (IS): Renate Reinsve (foran) med er ugjenkjennelig i \u00abButterfly\u00bb.  Foto: Mer Film\" class=\"_image_qp4xg_65 layout-component layout-normal\" data-fullscreen- data-track-element-type=\"Article image fullscreen\" data-track-name=\"ImageFullscreen\" decoding=\"async\" loading=\"lazy\" height=\"1716\" itemprop=\"image\"  src=\"https:\/\/www.europesays.com\/no\/wp-content\/uploads\/2026\/01\/9bd20c00-1cb1-4d09-a4af-ffe4c60408e6.jpeg\"  style=\"object-position:0% 0%\" width=\"2948\"\/>REINSVE (IS): Renate Reinsve (foran) med er ugjenkjennelig i \u00abButterfly\u00bb.  Foto: Mer Film<\/p>\n<p class=\"_paragraph_o9xde_4 _paragraph_xtcu6_10 layout-component text-serif-m layout-normal text-serif-m layout-padded\">Det var ren og skj\u00e6r tilfeldighet som gjorde at eksmodellen endte i filmen. Hun og manageren hennes, Boye Nythun, var p\u00e5 rusletur i Oslo da de s\u00e5 et skilt om \u00e5pen casting.<\/p>\n<p class=\"_paragraph_o9xde_4 _paragraph_xtcu6_10 layout-component text-serif-m layout-normal text-serif-m layout-padded\">\u2013 Det h\u00f8rtes interessant ut og jeg var i godt hum\u00f8r den dagen, s\u00e5 vi gikk inn. De tok bilder av meg og sa de skulle gi beskjed dersom det dukket opp noe som kunne passe for meg. De tok meg seri\u00f8st, men hadde jo helt sikkert h\u00f8rt om meg fra Playboy, forteller hun. <\/p>\n<p class=\"_paragraph_o9xde_4 _paragraph_xtcu6_10 layout-component text-serif-m layout-normal layout-padded\"><strong class=\"_strong_o9xde_25\">Les ogs\u00e5:<\/strong> <a href=\"https:\/\/www.vg.no\/i\/B3POGw\" data-track-element-type=\"Link\" data-track-id=\"link:B3POGw\" class=\"_link_o9xde_39\" rel=\"nofollow noopener\" target=\"_blank\">Livets lotteri<\/a><\/p>\n<p><img alt=\"FERSK MODELL: Fotograf Dagfinn Tranberg tok bilder av Lillian M\u00fcller helt i begynnelsen av karrieren hennes.   Foto: Dagfinn Tranberg\" class=\"_image_qp4xg_65 layout-component layout-normal\" data-fullscreen- data-track-element-type=\"Article image fullscreen\" data-track-name=\"ImageFullscreen\" decoding=\"async\" loading=\"lazy\" height=\"5129\" itemprop=\"image\"  src=\"https:\/\/www.europesays.com\/no\/wp-content\/uploads\/2026\/01\/009569f9-7e6d-40af-b70b-78c4237091e1.jpeg\"  style=\"object-position:0% 0%\" width=\"4111\"\/>FERSK MODELL: Fotograf Dagfinn Tranberg tok bilder av Lillian M\u00fcller helt i begynnelsen av karrieren hennes.   Foto: Dagfinn Tranberg<\/p>\n<p class=\"_paragraph_o9xde_4 _paragraph_xtcu6_10 layout-component text-serif-m layout-normal text-serif-m layout-padded\">Spol tiden fram noen m\u00e5neder, og Lillian blir invitert p\u00e5 audition for en rolle i filmen \u00abButterfly\u00bb. Hun kaster seg p\u00e5 f\u00f8rste fly til Oslo og \u00absl\u00e5r seg skikkelig l\u00f8s\u00bb foran castingsjefen. Etter to t\u00f8ffe runder med pr\u00f8vespill ble Grimstad-kvinnen tilbudt rollen. <\/p>\n<p class=\"_paragraph_o9xde_4 _paragraph_xtcu6_10 layout-component text-serif-m layout-normal text-serif-m layout-padded\">\u2013 Jeg var s\u00e5 nerv\u00f8s da jeg ventet p\u00e5 svar at jeg klarte nesten ikke \u00e5 spise. Da telefonen endelig kom, var jeg p\u00e5 kj\u00f8pesenter med min n\u00e5 avd\u00f8de mor, og jeg pilte opp p\u00e5 toalettet i 3. etasje for \u00e5 ta den i ro. Etterp\u00e5 l\u00f8p jeg ned igjen og ropte \u00abMamma, jeg har f\u00e5tt filmrolle!\u00bb. <\/p>\n<p><img alt=\"I KJENT STIL: Lillian M\u00fcller slik mange husker henne, i lettkledd positur.   Foto: Rinaldi, Maurice\" class=\"_image_qp4xg_65 layout-component layout-normal\" data-fullscreen- data-track-element-type=\"Article image fullscreen\" data-track-name=\"ImageFullscreen\" decoding=\"async\" loading=\"lazy\" height=\"1839\" itemprop=\"image\"  src=\"https:\/\/www.europesays.com\/no\/wp-content\/uploads\/2026\/01\/292a19b5-6522-43f6-a2b3-9c201bfab26e.jpeg\"  style=\"object-position:0% 0%\" width=\"3083\"\/>I KJENT STIL: Lillian M\u00fcller slik mange husker henne, i lettkledd positur.   Foto: Rinaldi, Maurice<\/p>\n<p class=\"_paragraph_o9xde_4 _paragraph_xtcu6_10 layout-component text-serif-m layout-normal text-serif-m layout-padded\">74-\u00e5ringen synes det var ekstra stas \u00e5 spille mot den <a href=\"https:\/\/www.vg.no\/rampelys\/i\/QM16wR\/affeksjonsverdi-aktuelle-renate-reinsve-37-man-ble-litt-mobbet\" data-track-element-type=\"Link\" data-track-id=\"link:QM16wR\" class=\"_link_o9xde_39\" rel=\"nofollow noopener\" target=\"_blank\">\u00abAffeksjonsverdi\u00bb-aktuelle Renate Reinsve<\/a>.<\/p>\n<p class=\"_paragraph_o9xde_4 _paragraph_xtcu6_10 layout-component text-serif-m layout-normal text-serif-m layout-padded\">\u2013 Hun er jo en kjempestjerne n\u00e5! Renate er nydelig. B\u00e5de hun og Helene. <\/p>\n<p class=\"_paragraph_o9xde_4 _paragraph_xtcu6_10 layout-component text-serif-m layout-normal text-serif-m layout-padded\">Rollen kommer 50 \u00e5r etter at M\u00fcller debuterte som skuespiller i 1976-filmen \u00abRosemaries Tochter\u00bb. P\u00e5 80-tallet hadde hun flere sm\u00e5roller i filmer og serier. <\/p>\n<p class=\"_paragraph_o9xde_4 _paragraph_xtcu6_10 layout-component text-serif-m layout-normal text-serif-m layout-padded\">Hun gjestet ogs\u00e5 \u00abKarl &amp; Co\u00bb i 1999 og var med p\u00e5 konkurranseprogrammet \u00abSistemann ut\u00bb n\u00e5 i vinter. <\/p>\n<p><img alt=\"GJESTEOPPTREDEN: Slik s\u00e5 det ut da Lillian M\u00fcller blottet seg for Karl og Ulf i \u00abKarl &amp; Co\u00bb i 1999.  Foto: TV 2\" class=\"_image_qp4xg_65 layout-component layout-normal\" data-fullscreen- data-track-element-type=\"Article image fullscreen\" data-track-name=\"ImageFullscreen\" decoding=\"async\" loading=\"lazy\" height=\"1646\" itemprop=\"image\"  src=\"https:\/\/www.europesays.com\/no\/wp-content\/uploads\/2026\/01\/5a05604b-de65-4606-b3e9-cf5fc0fdfeea.jpeg\"  style=\"object-position:0% 0%\" width=\"2924\"\/>GJESTEOPPTREDEN: Slik s\u00e5 det ut da Lillian M\u00fcller blottet seg for Karl og Ulf i \u00abKarl &amp; Co\u00bb i 1999.  Foto: TV 2<\/p>\n<p class=\"_paragraph_o9xde_4 _paragraph_xtcu6_10 layout-component text-serif-m layout-normal text-serif-m layout-padded\">\u2013 Men jeg fikk angst og taklet ikke film og skuespill noe s\u00e6rlig. Som sexsymbol trengte jeg ikke tro p\u00e5 meg selv, da kroppen talte for seg. Med skuespill m\u00e5tte man ha en selvtillit som jeg manglet. <\/p>\n<p class=\"_paragraph_o9xde_4 _paragraph_xtcu6_10 layout-component text-serif-m layout-normal text-serif-m layout-padded\">Det har hun riktignok tenkt til \u00e5 gj\u00f8re noe med n\u00e5. Fremover satser hun for fullt p\u00e5 skuespillerkarrieren, og ser for seg roller som m\u00f8dre, bestem\u00f8dre, tanter og advokater. <\/p>\n<p class=\"_paragraph_o9xde_4 _paragraph_xtcu6_10 layout-component text-serif-m layout-normal text-serif-m layout-padded\">\u2013 De neste 25 \u00e5rene blir de beste i livet mitt noen gang. Da skal jeg sette mitt merke. Jeg skal ikke d\u00f8 med Playboy p\u00e5 gravsteinen! \u00abNo thank you. That\u00b4s not what I came her to do\u00bb, understreker M\u00fcller \u2013 d\u00f8nn alvorlig. <\/p>\n<p><img alt=\"MINNEVERDIG DUO: Lillian M\u00fcller og Playboy-h\u00f8vdingen Hugh Hefner. Sistnevnte gikk bort i 2017.   Foto: Maurice Rinaldi\" class=\"_image_qp4xg_65 layout-component layout-normal\" data-fullscreen- data-track-element-type=\"Article image fullscreen\" data-track-name=\"ImageFullscreen\" decoding=\"async\" loading=\"lazy\" height=\"484\" itemprop=\"image\"  src=\"https:\/\/www.europesays.com\/no\/wp-content\/uploads\/2026\/01\/4d1de5be-e21d-4d67-b82e-fe6c50734e43.jpeg\"  style=\"object-position:0% 0%\" width=\"729\"\/>MINNEVERDIG DUO: Lillian M\u00fcller og Playboy-h\u00f8vdingen Hugh Hefner. Sistnevnte gikk bort i 2017.   Foto: Maurice Rinaldi<\/p>\n<p class=\"_paragraph_o9xde_4 _paragraph_xtcu6_10 layout-component text-serif-m layout-normal text-serif-m layout-padded\">Regiss\u00f8r og manusforfatter S\u00f8imer Guttormsen er like begeistret, hun. <\/p>\n<p class=\"_paragraph_o9xde_4 _paragraph_xtcu6_10 layout-component text-serif-m layout-normal text-serif-m layout-padded\">\u2013 Det har v\u00e6rt et sant eventyr \u00e5 jobbe med Lillian M\u00fcller, og en stor berikelse \u00e5 bli kjent med denne ekstraordin\u00e6re, imponerende og modige kvinnen, sier regiss\u00f8r Itonje S\u00f8imer Guttormsen i en pressemelding. <\/p>\n<p><img alt=\"Filmskaper Itonje S\u00f8imer Guttormsen.  Foto: Ingrid Eggen\" class=\"_image_qp4xg_65 layout-component layout-normal\" data-fullscreen- data-track-element-type=\"Article image fullscreen\" data-track-name=\"ImageFullscreen\" decoding=\"async\" loading=\"lazy\" height=\"4675\" itemprop=\"image\"  src=\"https:\/\/www.europesays.com\/no\/wp-content\/uploads\/2026\/01\/0e54ec40-b688-4b88-9b7c-2fa4fc52021b.jpeg\"  style=\"object-position:0% 0%\" width=\"4467\"\/>Filmskaper Itonje S\u00f8imer Guttormsen.  Foto: Ingrid Eggen<\/p>\n<p class=\"_paragraph_o9xde_4 _paragraph_xtcu6_10 layout-component text-serif-m layout-normal text-serif-m layout-padded\">Selv om mor Vera d\u00f8r tidlig i filmen, er M\u00fcllers rolle i \u00abButterfly\u00bb betydelig. <\/p>\n<p class=\"_paragraph_o9xde_4 _paragraph_xtcu6_10 layout-component text-serif-m layout-normal text-serif-m layout-padded\">\u2013 Lillians helt unike og unorske livsreise ble en styrke for fortellingen om den frimodige moren i filmen, og hennes tolkning av Vera var gjennomgripende. Den siste, avgj\u00f8rende brikken falt p\u00e5 plass da vi fant frem til Lillian \u2013 et lykketreff! sier Guttormsen.<\/p>\n<p class=\"_paragraph_o9xde_4 _paragraph_xtcu6_10 layout-component text-serif-m layout-normal text-serif-m layout-padded\">Tidligere har VG omtalt at <a href=\"https:\/\/www.vg.no\/rampelys\/i\/Exo8PG\/butterfly-slik-har-du-aldri-sett-renate-reinsve\" data-track-element-type=\"Link\" data-track-id=\"link:Exo8PG\" class=\"_link_o9xde_39\" rel=\"nofollow noopener\" target=\"_blank\">filmen har verdenspremiere<\/a> p\u00e5 den prestisjefylte Rotterdam filmfestival. N\u00e5 er det klart at \u00abButterfly\u00bb ogs\u00e5 skal konkurrere om Dragon Award i konkurranseprogrammet til G\u00f6teborg filmfestivalen. <\/p>\n<p class=\"_paragraph_o9xde_4 _paragraph_xtcu6_10 layout-component text-serif-m layout-normal text-serif-m layout-padded\">\u2013 Jeg har v\u00e6rt gjest p\u00e5 festivalen som publikum siden 2002 og hatt skjellsettende opplevelser p\u00e5 de mange vakre kinoene i den byen, sier S\u00f8imer Guttormsen i pressemeldingen. <\/p>\n<p><img alt=\"DEBUT: Skuespiller Birgitte Larsen i Itonje S\u00f8imer Guttormsen f\u00f8rste spillefilm \u00abGritt\u00bb.  Foto: Mer Film\" class=\"_image_qp4xg_65 layout-component layout-normal\" data-fullscreen- data-track-element-type=\"Article image fullscreen\" data-track-name=\"ImageFullscreen\" decoding=\"async\" loading=\"lazy\" height=\"693\" itemprop=\"image\"  src=\"https:\/\/www.europesays.com\/no\/wp-content\/uploads\/2026\/01\/9641a6a4-5318-4217-80f5-9ddf18f73c9b.png\"  style=\"object-position:0% 0%\" width=\"1034\"\/>DEBUT: Skuespiller Birgitte Larsen i Itonje S\u00f8imer Guttormsen f\u00f8rste spillefilm \u00abGritt\u00bb.  Foto: Mer Film<\/p>\n<p class=\"_paragraph_o9xde_4 _paragraph_xtcu6_10 layout-component text-serif-m layout-normal text-serif-m layout-padded\">Det er ikke f\u00f8rste gang filmskaperen gjester den svenske filmmarkeringen. <\/p>\n<p class=\"_paragraph_o9xde_4 _paragraph_xtcu6_10 layout-component text-serif-m layout-normal text-serif-m layout-padded\">\u2013 Da jeg endelig fikk egen film (\u00abGritt\u00bb) med i 2021, var festivalen digital, s\u00e5 n\u00e5 gleder jeg meg dobbelt til \u00e5 f\u00e5 dele film med v\u00e5re nordiske kollegaer og med publikum. <\/p>\n<p class=\"_paragraph_o9xde_4 _paragraph_xtcu6_10 layout-component text-serif-m layout-normal text-serif-m layout-padded\">Begge festivalene finner sted i slutten av januar. Filmen har norsk kinopremiere 4. september i \u00e5r. <\/p>\n<p class=\"_paragraph_o9xde_4 _paragraph_xtcu6_10 layout-component text-serif-m layout-normal text-serif-m layout-padded\"><strong class=\"_strong_o9xde_25\">Se flere saker fra film- og serieverdenen: <\/strong><\/p>\n","protected":false},"excerpt":{"rendered":"Den tidligere Playboy-modellen Lillian M\u00fcller (74) har f\u00e5tt en betydelig rolle i den nye filmen \u00abButterfly\u00bb. M\u00fcller spiller&hellip;\n","protected":false},"author":2,"featured_media":131089,"comment_status":"","ping_status":"","sticky":false,"template":"","format":"standard","meta":{"footnotes":""},"categories":[58],"tags":[71,460,4655,30,28,29,5889,3243,72],"class_list":{"0":"post-131088","1":"post","2":"type-post","3":"status-publish","4":"format-standard","5":"has-post-thumbnail","7":"category-underholdning","8":"tag-entertainment","9":"tag-film","10":"tag-filmfestival","11":"tag-no","12":"tag-norge","13":"tag-norway","14":"tag-playboy","15":"tag-renate-reinsve","16":"tag-underholdning"},"share_on_mastodon":{"url":"https:\/\/pubeurope.com\/@no\/115853820213741006","error":""},"_links":{"self":[{"href":"https:\/\/www.europesays.com\/no\/wp-json\/wp\/v2\/posts\/131088","targetHints":{"allow":["GET"]}}],"collection":[{"href":"https:\/\/www.europesays.com\/no\/wp-json\/wp\/v2\/posts"}],"about":[{"href":"https:\/\/www.europesays.com\/no\/wp-json\/wp\/v2\/types\/post"}],"author":[{"embeddable":true,"href":"https:\/\/www.europesays.com\/no\/wp-json\/wp\/v2\/users\/2"}],"replies":[{"embeddable":true,"href":"https:\/\/www.europesays.com\/no\/wp-json\/wp\/v2\/comments?post=131088"}],"version-history":[{"count":0,"href":"https:\/\/www.europesays.com\/no\/wp-json\/wp\/v2\/posts\/131088\/revisions"}],"wp:featuredmedia":[{"embeddable":true,"href":"https:\/\/www.europesays.com\/no\/wp-json\/wp\/v2\/media\/131089"}],"wp:attachment":[{"href":"https:\/\/www.europesays.com\/no\/wp-json\/wp\/v2\/media?parent=131088"}],"wp:term":[{"taxonomy":"category","embeddable":true,"href":"https:\/\/www.europesays.com\/no\/wp-json\/wp\/v2\/categories?post=131088"},{"taxonomy":"post_tag","embeddable":true,"href":"https:\/\/www.europesays.com\/no\/wp-json\/wp\/v2\/tags?post=131088"}],"curies":[{"name":"wp","href":"https:\/\/api.w.org\/{rel}","templated":true}]}}