{"id":131092,"date":"2026-01-07T12:34:07","date_gmt":"2026-01-07T12:34:07","guid":{"rendered":"https:\/\/www.europesays.com\/no\/131092\/"},"modified":"2026-01-07T12:34:07","modified_gmt":"2026-01-07T12:34:07","slug":"danske-stjerner-deltar-i-hareides-bisettelse","status":"publish","type":"post","link":"https:\/\/www.europesays.com\/no\/131092\/","title":{"rendered":"Danske stjerner deltar i Hareides bisettelse"},"content":{"rendered":"<p>Torsdag 8. januar bisettes \u00c5ge Hareide fra Molde domkirke.<\/p>\n<p>Det er ventet et stort oppm\u00f8te og TV 2 f\u00e5r onsdag bekreftet fra Det danske fotballforbundet at Christian Eriksen og Simon Kj\u00e6r er ventet \u00e5 v\u00e6re til stede.<\/p>\n<p>Det samme er Jon Dahl Tomasson, som var Hareides assistent p\u00e5 det danske landslaget. En delegasjon fra Det danske fotballforbundet vil ogs\u00e5 v\u00e6re til stede, blant annet fotballdirekt\u00f8r Peter M\u00f8ller.<\/p>\n<p>Trenerlegenden hadde stor suksess med Danmark fra 2016-2020 og gjorde seg sv\u00e6rt bemerket b\u00e5de blant innbyggerne og spillerne.<\/p>\n<p>Norges Fotballforbund opplyser at Lise Klaveness, Karl-Petter L\u00f8ken og St\u00e5le Solbakken vil v\u00e6re til stede.<\/p>\n<p>Trenerlegenden d\u00f8de 18. desember i fjor etter kort tids sykdom.<\/p>\n<p><a href=\"https:\/\/www.tv2.no\/sport\/age-hareides-bisettelse-sendes-direkte\/18434348\/\" target=\"_blank\" rel=\"nofollow noopener\">Bisettelsen kan du se p\u00e5<\/a> TV2.no, Play og TV 2 Nyheter fra klokken 11.00. Begravelsen starter 12.00.<\/p>\n<p>Mandag denne uken kom \u00c5ge Hareides s\u00f8nn, Bendik Hareide, med en\u00a0<a href=\"https:\/\/www.tv2.no\/sport\/age-hareides-bisettelse-sendes-direkte\/18434348\/\" target=\"_blank\" rel=\"nofollow noopener\">uttalelse<\/a>:<\/p>\n<p>Der skrev han at det er reservert plasser til inviterte gjester, men at de resterende plassene i kirken vil v\u00e6re tilgjengelig for allmennheten.<\/p>\n<p>Han skrev ogs\u00e5 at det etter bisettelsen vil bli holdt en privat minnestund p\u00e5 Aker Stadion for inviterte gjester.<\/p>\n<p> \u00abVi er dypt r\u00f8rte over den overveldende mengden av fine ord, kondolanser og hilsener som har kommet fra hele Skandinavia og fotballverdenen for \u00f8vrig. Den varmen og kj\u00e6rligheten som vises pappa og oss, betyr uendelig mye og er til stor tr\u00f8st i en vanskelig tid.\u00bb Skrev Bendik Hareide.<\/p>\n","protected":false},"excerpt":{"rendered":"Torsdag 8. januar bisettes \u00c5ge Hareide fra Molde domkirke. Det er ventet et stort oppm\u00f8te og TV 2&hellip;\n","protected":false},"author":2,"featured_media":131093,"comment_status":"","ping_status":"","sticky":false,"template":"","format":"standard","meta":{"footnotes":""},"categories":[59],"tags":[30,28,29,83,82],"class_list":{"0":"post-131092","1":"post","2":"type-post","3":"status-publish","4":"format-standard","5":"has-post-thumbnail","7":"category-sport","8":"tag-no","9":"tag-norge","10":"tag-norway","11":"tag-sport","12":"tag-sports"},"share_on_mastodon":{"url":"https:\/\/pubeurope.com\/@no\/115853843898837547","error":""},"_links":{"self":[{"href":"https:\/\/www.europesays.com\/no\/wp-json\/wp\/v2\/posts\/131092","targetHints":{"allow":["GET"]}}],"collection":[{"href":"https:\/\/www.europesays.com\/no\/wp-json\/wp\/v2\/posts"}],"about":[{"href":"https:\/\/www.europesays.com\/no\/wp-json\/wp\/v2\/types\/post"}],"author":[{"embeddable":true,"href":"https:\/\/www.europesays.com\/no\/wp-json\/wp\/v2\/users\/2"}],"replies":[{"embeddable":true,"href":"https:\/\/www.europesays.com\/no\/wp-json\/wp\/v2\/comments?post=131092"}],"version-history":[{"count":0,"href":"https:\/\/www.europesays.com\/no\/wp-json\/wp\/v2\/posts\/131092\/revisions"}],"wp:featuredmedia":[{"embeddable":true,"href":"https:\/\/www.europesays.com\/no\/wp-json\/wp\/v2\/media\/131093"}],"wp:attachment":[{"href":"https:\/\/www.europesays.com\/no\/wp-json\/wp\/v2\/media?parent=131092"}],"wp:term":[{"taxonomy":"category","embeddable":true,"href":"https:\/\/www.europesays.com\/no\/wp-json\/wp\/v2\/categories?post=131092"},{"taxonomy":"post_tag","embeddable":true,"href":"https:\/\/www.europesays.com\/no\/wp-json\/wp\/v2\/tags?post=131092"}],"curies":[{"name":"wp","href":"https:\/\/api.w.org\/{rel}","templated":true}]}}