{"id":131116,"date":"2026-01-07T12:55:08","date_gmt":"2026-01-07T12:55:08","guid":{"rendered":"https:\/\/www.europesays.com\/no\/131116\/"},"modified":"2026-01-07T12:55:08","modified_gmt":"2026-01-07T12:55:08","slug":"roper-dodsarsaken","status":"publish","type":"post","link":"https:\/\/www.europesays.com\/no\/131116\/","title":{"rendered":"R\u00f8per d\u00f8ds\u00e5rsaken"},"content":{"rendered":"<p>  Mens bergingsbilene jobbet p\u00e5 spreng over hele Innlandet, tok Senterpartiet-lederen saken i egne hender: &#8211; Det var koselig.<\/p>\n<p>\n    F\u00d8RST P\u00c5 STEDET: Trygve Slagsvold Vedum rakk \u00e5 ta en selfie i refleksjakka f\u00f8r han kj\u00f8rte den uheldige kvinnen hjem. Hun kom unna utforkj\u00f8ringen uten skader. Foto: Privat\n  <\/p>\n<p>    Kort fortalt<\/p>\n<ul lang=\"nb-NO\">\n<li>Sn\u00f8kaos rammet \u00d8stlandet tirsdag, med flere trafikkulykker og utforkj\u00f8ringer.<\/li>\n<li>Senterpartiet-leder Trygve Slagsvold Vedum stoppet for \u00e5 hjelpe en bilist som hadde kj\u00f8rt av veien.<\/li>\n<li>Vedum hjalp kvinnen ut av bilen og tilb\u00f8d henne skyss hjem, da bergingsselskapene var opptatt.<\/li>\n<li>Vedum minner om viktigheten av \u00e5 sjekke biler ved ulykker, da det kan v\u00e6re personer som trenger hjelp.<\/li>\n<\/ul>\n<p class=\"italic ai-disclaimer\" data-lab-italic=\"italic\">Sammendraget er laget av ChatGPT og godkjent av Dagbladet.<\/p>\n<p>      Vis mer<br \/>\n      Vis mindre<\/p>\n<p>Tirsdag rant det meldinger inn til <a href=\"https:\/\/www.politiet.no\/politiloggen\/hendelse\/268w7d\/innlandet-politidistrikt-trafikk-innlandet-politidistrikt\" rel=\"nofollow noopener\" target=\"_blank\">Innlandet politidistrikt<\/a> om trafikkulykker og utforkj\u00f8ringer, da <a href=\"https:\/\/www.dagbladet.no\/nyheter\/alt-av-broytemannskaper-er-ute\/84060130\" rel=\"nofollow noopener\" target=\"_blank\">hele \u00d8stlandet ble rammet<\/a> av b\u00e5de sn\u00f8kaos og lave temperaturer.\u00a0<\/p>\n<p class=\"font-weight-bold m-font-weight-bold\" data-lab-font_weight=\"font-weight-bold\">Henvendelsene ble s\u00e5 mange at n\u00f8detatene m\u00e5tte ta harde prioriteringer p\u00e5 hvilke ulykker de rykket ut p\u00e5.\u00a0<\/p>\n<p>Ute p\u00e5 de glatte veiene rullet Senterpartiet-leder Trygve Slagsvold Vedum (47) hjemover fra et oppdrag i Gj\u00f8vik.\u00a0<\/p>\n<p class=\"italic m-italic\" data-lab-italic=\"italic\"> <a href=\"https:\/\/www.ostlendingen.no\/vedum-forstemann-pa-ulykke-tilbod-a-kjore-henne-hjem\/s\/80-69-173883\" rel=\"nofollow noopener\" target=\"_blank\">\u00d8stlendingen<\/a>\u00a0omtalte saken f\u00f8rst. <\/p>\n<p>    <a itemprop=\"url\" href=\"https:\/\/www.dagbladet.no\/nyheter\/alt-av-broytemannskaper-er-ute\/84060130\" rel=\"nofollow noopener\" target=\"_blank\"><\/p>\n<p>        <img loading=\"lazy\" decoding=\"async\" src=\"https:\/\/www.europesays.com\/no\/wp-content\/uploads\/2026\/01\/84060163.webp.webp\" width=\"147\" height=\"98\" title=\"- Alt av br\u00f8ytemannskaper er ute\" alt=\"\" class=\"lazyload\" style=\"--aspect-ratio-image: 1.50; \"\/><\/p>\n<p>        &#8211; Alt av br\u00f8ytemannskaper er ute<\/p>\n<p>    <\/a><\/p>\n<p>Volvoen var godt skodd med splitter nye vinterdekk og hadde godt feste p\u00e5 veien, if\u00f8lge ham selv.\u00a0<\/p>\n<p>Vedum beskriver likevel fylkesveien p\u00e5 vestsida av Mj\u00f8sa som sv\u00e6rt kronglete, og kan bekrefte at det var ordentlig glatt f\u00f8re.\u00a0<\/p>\n<p>Det fikk en annen bilist langs samme strekning ogs\u00e5 kjenne p\u00e5, og kj\u00f8rte uheldigvis ut av veien.\u00a0<\/p>\n<p>Flaks var det at partilederen kom kj\u00f8rende forbi og var raskt til unnsetning.\u00a0<\/p>\n<p>En annen bil skal ha kj\u00f8rt forbi uten \u00e5 stoppe, men Vedum ville sjekke om det satt noen i kj\u00f8ret\u00f8yet.\u00a0<\/p>\n<p>&#8211; Og det gjorde det. Det er viktig \u00e5 huske p\u00e5, da det er lett \u00e5 tenke at noen andre allerede har sjekket. Stopp og kast et blikk inn i bilen, sier Vedum da Dagbladet sl\u00e5r p\u00e5 tr\u00e5den.\u00a0<\/p>\n<p>&#8211; Fullstendig kaos<\/p>\n<p>Heldigvis kom kvinnen unna ulykka uten en skramme. Det samme gjaldt bilen.<\/p>\n<p>Vedum hjalp henne ut av bilen og plasserte en varseltrekant langs veien.\u00a0<\/p>\n<p>Tilfeldigvis hadde han ogs\u00e5 en knallgul refleksjakke liggende i bilen, s\u00e5 det hele gikk trygt og rolig for seg.\u00a0<\/p>\n<p>        Vinterv\u00e6ret kan skape kaos i trafikken, men du som reisende har krav p\u00e5 b\u00e5de informasjon, refusjon og hjelp fra transportselskapene, if\u00f8lge Forbrukerr\u00e5det. Video: NTB \/ Storyblocks. Reporter: Silja Furset<\/p>\n<p>Ettersom bergingsselskapene var opptatt i hele distriktet, ville det ta en stund \u00e5 f\u00e5 veihjelp.\u00a0<\/p>\n<p class=\"font-weight-bold m-font-weight-bold\" data-lab-font_weight=\"font-weight-bold\">&#8211; Det var fullstendig kaos i g\u00e5r, p\u00e5peker Vedum, som hyller redningsarbeiderne som jobber p\u00e5 veiene gjennom vinteren.\u00a0<\/p>\n<p>Kvinnen bodde omtrent \u00e9n mil unna ulykkesstedet, og det var surt og kaldt i lufta. 47-\u00e5ringen tok derfor saken i egne hender, og tilb\u00f8d henne skyss hjem.\u00a0<\/p>\n<p>    <a itemprop=\"url\" href=\"https:\/\/www.dagbladet.no\/nyheter\/derfor-er-du-syk-na\/84058231\" rel=\"nofollow noopener\" target=\"_blank\"><\/p>\n<p>        <img loading=\"lazy\" decoding=\"async\" src=\"https:\/\/www.europesays.com\/no\/wp-content\/uploads\/2026\/01\/84058264.webp.webp\" width=\"147\" height=\"98\" title=\"Derfor er du syk n\u00e5\" alt=\"\" class=\"lazyload\" style=\"--aspect-ratio-image: 1.50; \"\/><\/p>\n<p>        Derfor er du syk n\u00e5<\/p>\n<p>    <\/a><\/p>\n<p data-lab-font_weight=\"\">Partilederen beskriver kvinnen som\u00a0\u00abveldig hyggelig\u00bb.\u00a0<\/p>\n<p class=\"font-weight-bold m-font-weight-bold\" data-lab-font_weight=\"font-weight-bold\">&#8211; Det hele ble en veldig koselig opplevelse, og vi fikk en hyggelig prat i bilen.\u00a0<\/p>\n<p>Onsdag ringte Vedum til kvinnen som skal ha sagt at bilen etter hvert ble hentet, og skal p\u00e5 verksted for en sjekk torsdag.\u00a0<\/p>\n<p>R\u00f8per eget uhell<\/p>\n<p>Vedum kommer med en viktig p\u00e5minnelse om \u00e5 stoppe og sjekke bilen, dersom du skulle til \u00e5 komme over en ulykke langs veien.\u00a0<\/p>\n<p>&#8211; Den lille sjekken er viktig, det kan v\u00e6re en person som har f\u00e5tt et illebefinnende i bilen.\u00a0<\/p>\n<p>Han p\u00e5peker at slike uhell kan skje alle, og at en bulk i bilen er ubetydelig s\u00e5 lenge det ikke er personskade.\u00a0<\/p>\n<p class=\"font-weight-bold m-font-weight-bold\" data-lab-font_weight=\"font-weight-bold\">Partilederen r\u00f8per at han selv har kj\u00f8rt ut av veien i l\u00f8pet av sin tid bak rattet.\u00a0<\/p>\n<p>Da var han 19 \u00e5r gammel, og hadde l\u00e5nt bilen til foreldrene:\u00a0<\/p>\n<p>&#8211; Jeg var en typisk ung gutt som kj\u00f8rte for fort p\u00e5 vintervei. Det var ikke lurt, men den st\u00f8rste skaden ble p\u00e5 stoltheten til 19-\u00e5ringen som trodde han var verdensmester p\u00e5 veien, innr\u00f8mmer Vedum.\u00a0<\/p>\n","protected":false},"excerpt":{"rendered":"Mens bergingsbilene jobbet p\u00e5 spreng over hele Innlandet, tok Senterpartiet-lederen saken i egne hender: &#8211; Det var koselig.&hellip;\n","protected":false},"author":2,"featured_media":131117,"comment_status":"","ping_status":"","sticky":false,"template":"","format":"standard","meta":{"footnotes":""},"categories":[5],"tags":[20,21,9775,24,25,15,19,479,22,23,17,18,13,30,28,29,14,16,26,27],"class_list":{"0":"post-131116","1":"post","2":"type-post","3":"status-publish","4":"format-standard","5":"has-post-thumbnail","7":"category-overskrifter","8":"tag-breaking-news","9":"tag-breakingnews","10":"tag-brigitte-bardot","11":"tag-featured-news","12":"tag-featurednews","13":"tag-headlines","14":"tag-hovedoppslag","15":"tag-kjendis","16":"tag-latest-news","17":"tag-latestnews","18":"tag-main-news","19":"tag-mainnews","20":"tag-news","21":"tag-no","22":"tag-norge","23":"tag-norway","24":"tag-nyheter","25":"tag-overskrifter","26":"tag-top-stories","27":"tag-topstories"},"share_on_mastodon":{"url":"https:\/\/pubeurope.com\/@no\/115853926265396098","error":""},"_links":{"self":[{"href":"https:\/\/www.europesays.com\/no\/wp-json\/wp\/v2\/posts\/131116","targetHints":{"allow":["GET"]}}],"collection":[{"href":"https:\/\/www.europesays.com\/no\/wp-json\/wp\/v2\/posts"}],"about":[{"href":"https:\/\/www.europesays.com\/no\/wp-json\/wp\/v2\/types\/post"}],"author":[{"embeddable":true,"href":"https:\/\/www.europesays.com\/no\/wp-json\/wp\/v2\/users\/2"}],"replies":[{"embeddable":true,"href":"https:\/\/www.europesays.com\/no\/wp-json\/wp\/v2\/comments?post=131116"}],"version-history":[{"count":0,"href":"https:\/\/www.europesays.com\/no\/wp-json\/wp\/v2\/posts\/131116\/revisions"}],"wp:featuredmedia":[{"embeddable":true,"href":"https:\/\/www.europesays.com\/no\/wp-json\/wp\/v2\/media\/131117"}],"wp:attachment":[{"href":"https:\/\/www.europesays.com\/no\/wp-json\/wp\/v2\/media?parent=131116"}],"wp:term":[{"taxonomy":"category","embeddable":true,"href":"https:\/\/www.europesays.com\/no\/wp-json\/wp\/v2\/categories?post=131116"},{"taxonomy":"post_tag","embeddable":true,"href":"https:\/\/www.europesays.com\/no\/wp-json\/wp\/v2\/tags?post=131116"}],"curies":[{"name":"wp","href":"https:\/\/api.w.org\/{rel}","templated":true}]}}