{"id":131129,"date":"2026-01-07T13:17:09","date_gmt":"2026-01-07T13:17:09","guid":{"rendered":"https:\/\/www.europesays.com\/no\/131129\/"},"modified":"2026-01-07T13:17:09","modified_gmt":"2026-01-07T13:17:09","slug":"la-trump-fa-gronland","status":"publish","type":"post","link":"https:\/\/www.europesays.com\/no\/131129\/","title":{"rendered":"\u2013 La Trump f\u00e5 Gr\u00f8nland"},"content":{"rendered":"\n<p class=\"_paragraph_o9xde_4 _paragraph_xtcu6_10 layout-component text-serif-m layout-normal text-serif-m layout-padded\">Etter <a href=\"https:\/\/www.vg.no\/nyheter\/i\/2pGxzG\/maduro-har-landet-i-new-york\" data-track-element-type=\"Link\" data-track-id=\"link:2pGxzG\" class=\"_link_o9xde_39\" rel=\"nofollow noopener\" target=\"_blank\">bortf\u00f8ringen<\/a> av Venezuelas diktator og hans kone, har president Trump igjen vist at han ikke respekterer internasjonale lover eller normer. <\/p>\n<p class=\"_paragraph_o9xde_4 _paragraph_xtcu6_10 layout-component text-serif-m layout-normal text-serif-m layout-padded\">Han respekterer kun makt og forhandlingsevne. <\/p>\n<p class=\"_paragraph_o9xde_4 _paragraph_xtcu6_10 layout-component text-serif-m layout-normal text-serif-m layout-padded\"><strong class=\"_strong_o9xde_25\">Danmark har ingen reell makt, og m\u00e5 derfor forhandle.<\/strong><\/p>\n<p class=\"_paragraph_o9xde_4 _paragraph_xtcu6_10 layout-component text-serif-m layout-normal text-serif-m layout-padded\">K\u00f8benhavn m\u00e5 vurdere hvilke strategiske fordeler som kan oppn\u00e5s gjennom en avtale om \u00e5 dele eller overf\u00f8re <a href=\"https:\/\/www.vg.no\/tag\/groenland?utm_source=vg-article&amp;utm_medium=auto-tagger&amp;utm_campaign=e789jK\" class=\"_link_o9xde_39\" rel=\"nofollow noopener\" target=\"_blank\">Gr\u00f8nland<\/a> til USA. <\/p>\n<p class=\"_paragraph_o9xde_4 _paragraph_xtcu6_10 layout-component text-serif-m layout-normal text-serif-m layout-padded\">Et kontrollert forhandlingsutfall som holder Donald Trump til konkrete forpliktelser, kan endre sikkerhets\u00adsituasjonen i Europa. <\/p>\n<p class=\"_paragraph_o9xde_4 _paragraph_xtcu6_10 layout-component text-serif-m layout-normal text-serif-m layout-padded\"><strong class=\"_strong_o9xde_25\">Derimot blir en intern NATO-konflikt sv\u00e6rt alvorlig.<\/strong><\/p>\n<p class=\"_paragraph_o9xde_4 _paragraph_xtcu6_10 layout-component text-serif-m layout-normal text-serif-m layout-padded\">Gjennom historien har stater byttet territorier mot sikkerhet, penger eller andre politiske fordeler. <\/p>\n<p class=\"_paragraph_o9xde_4 _paragraph_xtcu6_10 layout-component text-serif-m layout-normal text-serif-m layout-padded\">Forestillingen om at dette ikke lenger skjer, bygger p\u00e5 en id\u00e9 om at verden har lagt maktpolitikken bak seg. <\/p>\n<p class=\"_paragraph_o9xde_4 _paragraph_xtcu6_10 layout-component text-serif-m layout-normal text-serif-m layout-padded\"><strong class=\"_strong_o9xde_25\">Det stemmer ikke. <\/strong><\/p>\n<p><img alt=\"OMSTRIDT BES\u00d8K: USAs visepresident JD Vance bes\u00f8kte det amerikanske milit\u00e6rets Pituffik Space Base p\u00e5 Gr\u00f8nland 28. mars 2025. Trump har uttalt at han vil ta kontroll over Gr\u00f8nland, noe som \u00f8ker spenningen mellom USA og Europa. Danmark har advart om at dette kan \u00f8delegge NATO-alliansen.   Foto: JIM WATSON \/ AFP \/ NTB\" class=\"_image_qp4xg_65 layout-component layout-normal\" data-fullscreen- data-track-element-type=\"Article image fullscreen\" data-track-name=\"ImageFullscreen\" decoding=\"async\" loading=\"lazy\" height=\"3480\" itemprop=\"image\"  src=\"https:\/\/www.europesays.com\/no\/wp-content\/uploads\/2026\/01\/ecd38fee-5295-47ee-a181-9f067218c51d.jpeg\"  style=\"object-position:0% 0%\" width=\"5528\"\/>OMSTRIDT BES\u00d8K: USAs visepresident JD Vance bes\u00f8kte det amerikanske milit\u00e6rets Pituffik Space Base p\u00e5 Gr\u00f8nland 28. mars 2025. Trump har uttalt at han vil ta kontroll over Gr\u00f8nland, noe som \u00f8ker spenningen mellom USA og Europa. Danmark har advart om at dette kan \u00f8delegge NATO-alliansen.   Foto: JIM WATSON \/ AFP \/ NTB<\/p>\n<p class=\"_paragraph_o9xde_4 _paragraph_xtcu6_10 layout-component text-serif-m layout-normal text-serif-m layout-padded\"><strong class=\"_strong_o9xde_25\">Det er ingen naturlov som tilsier at Gr\u00f8nland skal fortsette under dansk styre. <\/strong><\/p>\n<p class=\"_paragraph_o9xde_4 _paragraph_xtcu6_10 layout-component text-serif-m layout-normal text-serif-m layout-padded\">Europeiske ledere uttalte seg samlet tidligere denne uken og sa at det er <a href=\"https:\/\/e24.no\/internasjonal-oekonomi\/i\/bO5Vxv\/europeiske-ledere-groenland-tilhoerer-sitt-folk\" class=\"_link_o9xde_39\" rel=\"nofollow noopener\" target=\"_blank\">opp til Gr\u00f8nlands innbyggere<\/a> hva som skjer med \u00f8ya, men det er \u00f8nsketenkning. <\/p>\n<p class=\"_paragraph_o9xde_4 _paragraph_xtcu6_10 layout-component text-serif-m layout-normal text-serif-m layout-padded\">Selv i dagens siviliserte internasjonale system er det mange eksempler p\u00e5 at mangel p\u00e5 makt blir synonymt med mangel p\u00e5 selvhevdelse. <\/p>\n<p class=\"_paragraph_o9xde_4 _paragraph_xtcu6_10 layout-component text-serif-m layout-normal layout-padded\"><strong class=\"_strong_o9xde_25\">Les ogs\u00e5:<\/strong> <a href=\"https:\/\/www.vg.no\/i\/K83mEy\" data-track-element-type=\"Link\" data-track-id=\"link:K83mEy\" class=\"_link_o9xde_39\" rel=\"nofollow noopener\" target=\"_blank\">Tidligere Trump-medarbeider postet bilde av Gr\u00f8nland med amerikansk flagg<\/a><\/p>\n<p class=\"_paragraph_o9xde_4 _paragraph_xtcu6_10 layout-component text-serif-m layout-normal text-serif-m layout-padded\">Noen vil hevde at dette bryter med prinsippene i dagens verdensorden, at stater ikke lenger bytter territorier.<\/p>\n<p class=\"_paragraph_o9xde_4 _paragraph_xtcu6_10 layout-component text-serif-m layout-normal text-serif-m layout-padded\"><strong class=\"_strong_o9xde_25\">Men virkeligheten viser noe annet. <\/strong><\/p>\n<p class=\"_paragraph_o9xde_4 _paragraph_xtcu6_10 layout-component text-serif-m layout-normal text-serif-m layout-padded\">Russlands krig mot Ukraina handler om territorium, makt og kontroll. Det er et moderne fors\u00f8k p\u00e5 gammeldags imperialistisk erobring. <\/p>\n<p class=\"_paragraph_o9xde_4 _paragraph_xtcu6_10 layout-component text-serif-m layout-normal text-serif-m layout-padded\">Europeiske etterretningssjefer advarer stadig om at dersom Ukraina taper, vil enten baltiske land eller Romania bli neste offer. <\/p>\n<p class=\"_paragraph_o9xde_4 _paragraph_xtcu6_10 layout-component text-serif-m layout-normal text-serif-m layout-padded\">\u00c5rsaken er ideene til den russiske filosofen Aleksandr Dugin, som hevder at alle omr\u00e5der som en gang har v\u00e6rt del av den \u00abrussiske verden\u00bb (Russkij mir), for alltid vil v\u00e6re rettmessig russiske. <\/p>\n<p><img alt=\"\u00abMaktpolitikk og imperialisme tilh\u00f8rer ikke historien\u00bb, skriver Brekke.   Foto: NILS MEILVANG \/ AFP \/ NTB\" class=\"_image_qp4xg_65 layout-component layout-normal\" data-fullscreen- data-track-element-type=\"Article image fullscreen\" data-track-name=\"ImageFullscreen\" decoding=\"async\" loading=\"lazy\" height=\"4000\" itemprop=\"image\"  src=\"https:\/\/www.europesays.com\/no\/wp-content\/uploads\/2026\/01\/f2ff128c-64e9-404c-bab0-ca8c62ff50ad.png\"  style=\"object-position:0% 0%\" width=\"6000\"\/>\u00abMaktpolitikk og imperialisme tilh\u00f8rer ikke historien\u00bb, skriver Brekke.   Foto: NILS MEILVANG \/ AFP \/ NTB<\/p>\n<p class=\"_paragraph_o9xde_4 _paragraph_xtcu6_10 layout-component text-serif-m layout-normal text-serif-m layout-padded\">Trump \u00f8nsker Gr\u00f8nland. Det har han gjort tydelig. <\/p>\n<p class=\"_paragraph_o9xde_4 _paragraph_xtcu6_10 layout-component text-serif-m layout-normal text-serif-m layout-padded\">\u00d8nsket bygger p\u00e5 en feilaktig forestilling om at USA trenger \u00f8ya av hensyn til egen sikkerhet. <\/p>\n<p class=\"_paragraph_o9xde_4 _paragraph_xtcu6_10 layout-component text-serif-m layout-normal text-serif-m layout-padded\">Dette er paradoksalt, da USA allerede har milit\u00e6rbaser, luftforsvars\u00adinstallasjoner og en plikt til \u00e5 forsvare Gr\u00f8nland. <\/p>\n<p><img alt=\"Norges utenriksminister Espen Barth Eide med Danmarks utenriksminister Lars L\u00f8kke Rasmussen.   Foto: Johan Nilsson\/TT \/ NTB\" class=\"_image_qp4xg_65 layout-component layout-normal\" data-fullscreen- data-track-element-type=\"Article image fullscreen\" data-track-name=\"ImageFullscreen\" decoding=\"async\" loading=\"lazy\" height=\"4128\" itemprop=\"image\"  src=\"https:\/\/www.europesays.com\/no\/wp-content\/uploads\/2026\/01\/dc2cf8cb-5c2e-4027-9c26-f5013eafed87.png\"  style=\"object-position:0% 0%\" width=\"6192\"\/>Norges utenriksminister Espen Barth Eide med Danmarks utenriksminister Lars L\u00f8kke Rasmussen.   Foto: Johan Nilsson\/TT \/ NTB<\/p>\n<p class=\"_paragraph_o9xde_4 _paragraph_xtcu6_10 layout-component text-serif-m layout-normal text-serif-m layout-padded\">Samtidig har Trump gjort det klart at han ser p\u00e5 Gr\u00f8nland som et sikkerhetspolitisk sp\u00f8rsm\u00e5l.<\/p>\n<p class=\"_paragraph_o9xde_4 _paragraph_xtcu6_10 layout-component text-serif-m layout-normal text-serif-m layout-padded\">Dersom det er viktig for ham \u00e5 f\u00e5 suveren kontroll over \u00f8ya, er det rimelig \u00e5 anta at han vil v\u00e6re villig til \u00e5 gi sikkerhetspolitiske konsesjoner som del av en overf\u00f8rings- eller delingsavtale.<\/p>\n<p class=\"_paragraph_o9xde_4 _paragraph_xtcu6_10 layout-component text-serif-m layout-normal layout-padded\"><strong class=\"_strong_o9xde_25\">Les ogs\u00e5:<\/strong> <a href=\"https:\/\/www.vg.no\/i\/bO5AMd\" data-track-element-type=\"Link\" data-track-id=\"link:bO5AMd\" class=\"_link_o9xde_39\" rel=\"nofollow noopener\" target=\"_blank\">Et dypt, dansk alvor<\/a><\/p>\n<p class=\"_paragraph_o9xde_4 _paragraph_xtcu6_10 layout-component text-serif-m layout-normal text-serif-m layout-padded\">USA kunne tatt Gr\u00f8nland med makt, men alt Trump har gjort tyder p\u00e5 at han \u00f8nsker \u00e5 oppn\u00e5 sine m\u00e5l gjennom forhandlinger. <\/p>\n<p class=\"_paragraph_o9xde_4 _paragraph_xtcu6_10 layout-component text-serif-m layout-normal text-serif-m layout-padded\"><strong class=\"_strong_o9xde_25\">Det gj\u00f8r at K\u00f8benhavn kan stille krav som kunne styrket dansk og europeisk sikkerhet vesentlig.<\/strong><\/p>\n<p class=\"_paragraph_o9xde_4 _paragraph_xtcu6_10 layout-component text-serif-m layout-normal text-serif-m layout-padded\">En gjennomarbeidet avtale, som ivaretar interessene til Gr\u00f8nlands befolkning gjennom ordninger som dobbelt statsborgerskap og permanente visumavtaler, ville neppe endret livet p\u00e5 Gr\u00f8nland. <\/p>\n<p class=\"_paragraph_o9xde_4 _paragraph_xtcu6_10 layout-component text-serif-m layout-normal text-serif-m layout-padded\">For Danmark vil ikke tapet v\u00e6re \u00f8konomisk eller sikkerhetspolitisk avgj\u00f8rende.<\/p>\n<p class=\"_paragraph_o9xde_4 _paragraph_xtcu6_10 layout-component text-serif-m layout-normal text-serif-m layout-padded\">K\u00f8benhavn kunne krevd amerikanske forpliktelser for \u00e5 sikre ukrainsk NATO-medlemskap.<\/p>\n<p class=\"_paragraph_o9xde_4 _paragraph_xtcu6_10 layout-component text-serif-m layout-normal text-serif-m layout-padded\">Man kunne krevd at USA fjerner restriksjoner p\u00e5 salg av v\u00e5pensystemer til Ukraina. <\/p>\n<p class=\"_paragraph_o9xde_4 _paragraph_xtcu6_10 layout-component text-serif-m layout-normal text-serif-m layout-padded\">Dette ville styrket de transatlantiske relasjonene.<\/p>\n<p class=\"_paragraph_o9xde_4 _paragraph_xtcu6_10 layout-component text-serif-m layout-normal text-serif-m layout-padded\">Den st\u00f8rste trusselen er \u00e5 la Gr\u00f8nland utvikle seg til en konflikt som svekker samholdet i NATO. <\/p>\n<p class=\"_paragraph_o9xde_4 _paragraph_xtcu6_10 layout-component text-serif-m layout-normal text-serif-m layout-padded\">Akkurat n\u00e5 risikerer K\u00f8benhavn \u00e5 miste Gr\u00f8nland uten \u00e5 f\u00e5 noe tilbake, dette scenarioet kan \u00f8delegge alliansen. <\/p>\n<blockquote class=\"_blockquote_1la86_1 layout-component layout-normal layout-padded\">\n<p class=\"_quote_1la86_14 text-serif-l\">\u00abDet farligste er ikke \u00e5 miste Gr\u00f8nland, det er \u00e5 la Gr\u00f8nland splitte NATO\u00bb<\/p>\n<\/blockquote>\n<p><img alt=\"Danmark m\u00e5 se p\u00e5 \u00f8ya som et forhandlingskort, mener Kristian Brekke.\" class=\"_image_qp4xg_65 layout-component layout-normal\" data-fullscreen- data-track-element-type=\"Article image fullscreen\" data-track-name=\"ImageFullscreen\" decoding=\"async\" loading=\"lazy\" height=\"1390\" itemprop=\"image\"  src=\"https:\/\/www.europesays.com\/no\/wp-content\/uploads\/2026\/01\/60eae9d5-fbb9-417e-8f8d-eff5b827cacb.png\"  style=\"object-position:0% 0%\" width=\"1477\"\/>Danmark m\u00e5 se p\u00e5 \u00f8ya som et forhandlingskort, mener Kristian Brekke.<\/p>\n<p class=\"_paragraph_o9xde_4 _paragraph_xtcu6_10 layout-component text-serif-m layout-normal text-serif-m layout-padded\">En intern NATO-konflikt om Gr\u00f8nland, ville gitt Moskva muligheten til \u00e5 angripe NATO uten amerikansk st\u00f8tte. <\/p>\n<p class=\"_paragraph_o9xde_4 _paragraph_xtcu6_10 layout-component text-serif-m layout-normal text-serif-m layout-padded\">Hvis USA mister st\u00f8tte blant sine partnere, f\u00e5r Beijing st\u00f8rre handlingsrom i S\u00f8r-Kinahavet og Taiwan.<\/p>\n<p class=\"_paragraph_o9xde_4 _paragraph_xtcu6_10 layout-component text-serif-m layout-normal layout-padded\"><strong class=\"_strong_o9xde_25\">Les ogs\u00e5:<\/strong> <a href=\"https:\/\/www.vg.no\/i\/zOGBz9\" data-track-element-type=\"Link\" data-track-id=\"link:zOGBz9\" class=\"_link_o9xde_39\" rel=\"nofollow noopener\" target=\"_blank\">N\u00e5 m\u00e5 vi snakke om EU<\/a><\/p>\n<p class=\"_paragraph_o9xde_4 _paragraph_xtcu6_10 layout-component text-serif-m layout-normal text-serif-m layout-padded\">Historien har l\u00e6rt oss at man m\u00e5 st\u00e5 opp mot b\u00f8ller. <\/p>\n<p class=\"_paragraph_o9xde_4 _paragraph_xtcu6_10 layout-component text-serif-m layout-normal text-serif-m layout-padded\">Dessverre mangler Europa en grunnleggende avskrekkingsevne uavhengig av USA. <\/p>\n<p class=\"_paragraph_o9xde_4 _paragraph_xtcu6_10 layout-component text-serif-m layout-normal text-serif-m layout-padded\">N\u00e5r konflikter oppst\u00e5r, st\u00e5r Europa igjen med kun diplomatiske og politiske virkemidler. <\/p>\n<p class=\"_paragraph_o9xde_4 _paragraph_xtcu6_10 layout-component text-serif-m layout-normal text-serif-m layout-padded\">Det er lite sannsynlig at sterke ford\u00f8mmelser vil endre Donald Trumps vurderinger. Da gjenst\u00e5r forhandlinger og avtaler som det eneste alternativet. <\/p>\n<p class=\"_paragraph_o9xde_4 _paragraph_xtcu6_10 layout-component text-serif-m layout-normal text-serif-m layout-padded\"><strong class=\"_strong_o9xde_25\">Danmark m\u00e5 derfor se p\u00e5 \u00f8ya som et forhandlingskort. <\/strong><\/p>\n<p class=\"_paragraph_o9xde_4 _paragraph_xtcu6_10 layout-component text-serif-m layout-normal text-serif-m layout-padded\">Den kan bidra til \u00e5 styrke transatlantiske forhold og sikre Europas og Ukrainas sikkerhetspolitiske fremtid. Alternativet kan v\u00e6re katastrofalt.<\/p>\n<p class=\"_paragraph_o9xde_4 _paragraph_xtcu6_10 layout-component text-serif-m layout-normal text-serif-m layout-padded\">Brekke er formelt ansatt i PR-byr\u00e5et Rud Pedersen, men har det siste \u00e5ret v\u00e6rt i studiepermisjon og ikke hatt noen aktiv rolle i virksomheten.<\/p>\n<p>Les ogs\u00e5<br \/>\n   Dette er en kronikk. Kronikken gir uttrykk for skribentens holdning. Du kan sende inn kronikker og debattinnlegg til <a class=\"_link_jv5ak_10\" href=\"https:\/\/www.vg.no\/nyheter\/i\/e789jK\/mailto:debatt@vg.no\" rel=\"nofollow noopener\" target=\"_blank\">debatt@vg.no<\/a>. <\/p>\n","protected":false},"excerpt":{"rendered":"Etter bortf\u00f8ringen av Venezuelas diktator og hans kone, har president Trump igjen vist at han ikke respekterer internasjonale&hellip;\n","protected":false},"author":2,"featured_media":131130,"comment_status":"","ping_status":"","sticky":false,"template":"","format":"standard","meta":{"footnotes":""},"categories":[12],"tags":[20,21,55,274,24,25,2112,15,22,23,233,13,30,28,29,14,16,26,27,42,103,43,44,45],"class_list":{"0":"post-131129","1":"post","2":"type-post","3":"status-publish","4":"format-standard","5":"has-post-thumbnail","7":"category-verden","8":"tag-breaking-news","9":"tag-breakingnews","10":"tag-donald-trump","11":"tag-europa","12":"tag-featured-news","13":"tag-featurednews","14":"tag-gronland","15":"tag-headlines","16":"tag-latest-news","17":"tag-latestnews","18":"tag-nato","19":"tag-news","20":"tag-no","21":"tag-norge","22":"tag-norway","23":"tag-nyheter","24":"tag-overskrifter","25":"tag-top-stories","26":"tag-topstories","27":"tag-verden","28":"tag-vgmeninger","29":"tag-world","30":"tag-world-news","31":"tag-worldnews"},"share_on_mastodon":{"url":"https:\/\/pubeurope.com\/@no\/115854012871313537","error":""},"_links":{"self":[{"href":"https:\/\/www.europesays.com\/no\/wp-json\/wp\/v2\/posts\/131129","targetHints":{"allow":["GET"]}}],"collection":[{"href":"https:\/\/www.europesays.com\/no\/wp-json\/wp\/v2\/posts"}],"about":[{"href":"https:\/\/www.europesays.com\/no\/wp-json\/wp\/v2\/types\/post"}],"author":[{"embeddable":true,"href":"https:\/\/www.europesays.com\/no\/wp-json\/wp\/v2\/users\/2"}],"replies":[{"embeddable":true,"href":"https:\/\/www.europesays.com\/no\/wp-json\/wp\/v2\/comments?post=131129"}],"version-history":[{"count":0,"href":"https:\/\/www.europesays.com\/no\/wp-json\/wp\/v2\/posts\/131129\/revisions"}],"wp:featuredmedia":[{"embeddable":true,"href":"https:\/\/www.europesays.com\/no\/wp-json\/wp\/v2\/media\/131130"}],"wp:attachment":[{"href":"https:\/\/www.europesays.com\/no\/wp-json\/wp\/v2\/media?parent=131129"}],"wp:term":[{"taxonomy":"category","embeddable":true,"href":"https:\/\/www.europesays.com\/no\/wp-json\/wp\/v2\/categories?post=131129"},{"taxonomy":"post_tag","embeddable":true,"href":"https:\/\/www.europesays.com\/no\/wp-json\/wp\/v2\/tags?post=131129"}],"curies":[{"name":"wp","href":"https:\/\/api.w.org\/{rel}","templated":true}]}}