{"id":131141,"date":"2026-01-07T13:33:37","date_gmt":"2026-01-07T13:33:37","guid":{"rendered":"https:\/\/www.europesays.com\/no\/131141\/"},"modified":"2026-01-07T13:33:37","modified_gmt":"2026-01-07T13:33:37","slug":"oslo-lufthavn-gardemoen-strommen-er-tilbake-pa-oslo-lufthavn","status":"publish","type":"post","link":"https:\/\/www.europesays.com\/no\/131141\/","title":{"rendered":"Oslo lufthavn, Gardemoen | Str\u00f8mmen er tilbake p\u00e5 Oslo lufthavn"},"content":{"rendered":"\n<p>Avinors pressevakt bekrefter overfor NTB like etter klokka 18.30 at str\u00f8mmen er tilbake igjen. Da hadde det g\u00e5tt nesten to timer siden de f\u00f8rste meldingene kom om at str\u00f8mbruddet rammet Oslo lufthavn.<\/p>\n<p>\u2013 Vi jobber med \u00e5 komme tilbake i normal drift, sier Cathrine Fuglesang Framholt, pressevakt i Avinor, til NTB.<\/p>\n<p>F\u00f8rste melding om str\u00f8mbruddet kom klokken 16.50, og feilen ble rettet klokken 18.10, if\u00f8lge henne.<\/p>\n<p>\u2013 N\u00e5 jobber vi for \u00e5 komme tilbake i normal drift. Det som kan ta tid, er \u00e5 f\u00e5 de tekniske systemene opp igjen, sier pressevakten.<\/p>\n<p>Hun ber reisende v\u00e6re t\u00e5lmodige og f\u00f8lge med p\u00e5 informasjon fra flyselskapene.<\/p>\n<p>Opp mot 34.000 husstander p\u00e5 Romerike har v\u00e6rt str\u00f8ml\u00f8se tirsdag ettermiddag som f\u00f8lge av en brann i en mast som if\u00f8lge Elvia ble for\u00e5rsaket av en jordfeil. Like etter klokka 18.30 var antallet nede i 2148.<\/p>\n","protected":false},"excerpt":{"rendered":"Avinors pressevakt bekrefter overfor NTB like etter klokka 18.30 at str\u00f8mmen er tilbake igjen. Da hadde det g\u00e5tt&hellip;\n","protected":false},"author":2,"featured_media":7393,"comment_status":"","ping_status":"","sticky":false,"template":"","format":"standard","meta":{"footnotes":""},"categories":[10],"tags":[36,20,21,24,25,15203,15,22,23,13,30,28,29,14,2371,16,1510,2245,26,27],"class_list":{"0":"post-131141","1":"post","2":"type-post","3":"status-publish","4":"format-standard","5":"has-post-thumbnail","7":"category-norge","8":"tag-art","9":"tag-breaking-news","10":"tag-breakingnews","11":"tag-featured-news","12":"tag-featurednews","13":"tag-gardemoen","14":"tag-headlines","15":"tag-latest-news","16":"tag-latestnews","17":"tag-news","18":"tag-no","19":"tag-norge","20":"tag-norway","21":"tag-nyheter","22":"tag-oslo-lufthavn","23":"tag-overskrifter","24":"tag-story","25":"tag-strombrudd","26":"tag-top-stories","27":"tag-topstories"},"share_on_mastodon":{"url":"https:\/\/pubeurope.com\/@no\/115854075662366729","error":""},"_links":{"self":[{"href":"https:\/\/www.europesays.com\/no\/wp-json\/wp\/v2\/posts\/131141","targetHints":{"allow":["GET"]}}],"collection":[{"href":"https:\/\/www.europesays.com\/no\/wp-json\/wp\/v2\/posts"}],"about":[{"href":"https:\/\/www.europesays.com\/no\/wp-json\/wp\/v2\/types\/post"}],"author":[{"embeddable":true,"href":"https:\/\/www.europesays.com\/no\/wp-json\/wp\/v2\/users\/2"}],"replies":[{"embeddable":true,"href":"https:\/\/www.europesays.com\/no\/wp-json\/wp\/v2\/comments?post=131141"}],"version-history":[{"count":0,"href":"https:\/\/www.europesays.com\/no\/wp-json\/wp\/v2\/posts\/131141\/revisions"}],"wp:featuredmedia":[{"embeddable":true,"href":"https:\/\/www.europesays.com\/no\/wp-json\/wp\/v2\/media\/7393"}],"wp:attachment":[{"href":"https:\/\/www.europesays.com\/no\/wp-json\/wp\/v2\/media?parent=131141"}],"wp:term":[{"taxonomy":"category","embeddable":true,"href":"https:\/\/www.europesays.com\/no\/wp-json\/wp\/v2\/categories?post=131141"},{"taxonomy":"post_tag","embeddable":true,"href":"https:\/\/www.europesays.com\/no\/wp-json\/wp\/v2\/tags?post=131141"}],"curies":[{"name":"wp","href":"https:\/\/api.w.org\/{rel}","templated":true}]}}