{"id":131142,"date":"2026-01-07T13:36:09","date_gmt":"2026-01-07T13:36:09","guid":{"rendered":"https:\/\/www.europesays.com\/no\/131142\/"},"modified":"2026-01-07T13:36:09","modified_gmt":"2026-01-07T13:36:09","slug":"abbas-bjorn-ulvaeus-ekskone-lena-er-dod","status":"publish","type":"post","link":"https:\/\/www.europesays.com\/no\/131142\/","title":{"rendered":"ABBAs Bj\u00f6rn Ulvaeus\u2019 ekskone Lena er d\u00f8d"},"content":{"rendered":"\n<p class=\"_paragraph_o9xde_4 _paragraph_xtcu6_10 layout-component text-serif-m layout-normal text-serif-m layout-padded\">Det melder <a href=\"https:\/\/www.expressen.se\/noje\/lena-ulvaeus-ar-dod\/\" class=\"_link_o9xde_39\" rel=\"nofollow noopener\" target=\"_blank\">Expressen<\/a> og <a href=\"https:\/\/www.svenskdam.se\/noje\/abba-bjorns-exfru-lena-ulvaeus-dod-blev-76-ar-gammal\/11215578\" class=\"_link_o9xde_39\" rel=\"nofollow noopener\" target=\"_blank\">Svensk Dam<\/a>.<\/p>\n<p class=\"_paragraph_o9xde_4 _paragraph_xtcu6_10 layout-component text-serif-m layout-normal text-serif-m layout-padded\">D\u00f8dsfallet bekreftes av Ulvaeus&#8217; agent G\u00f6rel Hanser.<\/p>\n<p class=\"_paragraph_o9xde_4 _paragraph_xtcu6_10 layout-component text-serif-m layout-normal text-serif-m layout-padded\">Lena og Bj\u00f6rn Ulvaeus m\u00f8ttes p\u00e5 en nytt\u00e5rsfest hos ABBA-medlemmene Benny Andersson og Anni-Frid Lyngstad. Paret var gift i 41 \u00e5r, fra 1981 til 2022, og fikk to barn sammen.<\/p>\n<p class=\"_paragraph_o9xde_4 _paragraph_xtcu6_10 layout-component text-serif-m layout-normal text-serif-m layout-padded\">\u2013 Vi ble virkelig lynforelsket med en gang, sa Ulvaeus i 2020 til <a href=\"https:\/\/www.dn.se\/kultur-noje\/bjorn-ulvaeus-vi-litar-fortfarande-pa-varandra-till-hundra-procent\/\" class=\"_link_o9xde_39\" rel=\"nofollow noopener\" target=\"_blank\">Dagens Nyheter<\/a>.<\/p>\n<p><img alt=\"Bj\u00f6rn Ulvaeus og Lena hadde med barnebarnet Hedvig p\u00e5 pressetreff ved Slottsholmen i 2021.  Foto: Adam Ihse\/TT \/ TT Nyhetsbyr\u00e5n \/ NTB\" class=\"_image_qp4xg_65 layout-component layout-normal\" data-fullscreen- data-track-element-type=\"Article image fullscreen\" data-track-name=\"ImageFullscreen\" decoding=\"async\" loading=\"lazy\" height=\"3479\" itemprop=\"image\"  src=\"https:\/\/www.europesays.com\/no\/wp-content\/uploads\/2026\/01\/5911570f-1686-41ac-9ffd-2bb67adceb32.jpeg\"  style=\"object-position:0% 0%\" width=\"5119\"\/>Bj\u00f6rn Ulvaeus og Lena hadde med barnebarnet Hedvig p\u00e5 pressetreff ved Slottsholmen i 2021.  Foto: Adam Ihse\/TT \/ TT Nyhetsbyr\u00e5n \/ NTB<\/p>\n<p class=\"_paragraph_o9xde_4 _paragraph_xtcu6_10 layout-component text-serif-m layout-normal text-serif-m layout-padded\">I 2003 fikk Lena Ulvaeus diagnosen kronisk lymfatisk leukemi etter at hun oppdaget knuter i halsen. Sykdommen var uhelbredelig.<\/p>\n<p class=\"_paragraph_o9xde_4 _paragraph_xtcu6_10 layout-component text-serif-m layout-normal text-serif-m layout-padded\">Etter skilsmissen i 2022 sa paret at de ville forbli n\u00e6re venner.<\/p>\n<p class=\"_paragraph_o9xde_4 _paragraph_xtcu6_10 layout-component text-serif-m layout-normal text-serif-m layout-padded\">Bj\u00f6rn Ulvaeus er n\u00e5 gift med Christina Sas (54).<\/p>\n<p class=\"_paragraph_o9xde_4 _paragraph_xtcu6_10 layout-component text-serif-m layout-normal text-serif-m layout-padded\">ABBA forblir en av tidenes st\u00f8rste popgrupper. If\u00f8lge Spotifys daglig oppdaterte <a href=\"https:\/\/charts.spotify.com\/charts\/view\/regional-no-daily\/2025-12-31\" class=\"_link_o9xde_39\" rel=\"nofollow noopener\" target=\"_blank\">hitliste<\/a> var deres l\u00e5t \u00abHappy New Year\u00bb den mest spilte i Norge sist nytt\u00e5rsaften.<\/p>\n<p>       <img decoding=\"async\" alt=\"Tips oss illustrasjon\" src=\"https:\/\/www.europesays.com\/no\/wp-content\/uploads\/2025\/10\/pssst-small.webp.webp\"\/>    <\/p>\n<p class=\"title-serif-s\">Har du tips?<\/p>\n<p class=\"text-sans-m\">Send oss informasjon, bilder eller video.<\/p>\n<p>  <a href=\"https:\/\/www.vg.no\/tips-oss\" rel=\"nofollow noopener\" target=\"_blank\"> Tips oss <\/a>      <\/p>\n","protected":false},"excerpt":{"rendered":"Det melder Expressen og Svensk Dam. D\u00f8dsfallet bekreftes av Ulvaeus&#8217; agent G\u00f6rel Hanser. Lena og Bj\u00f6rn Ulvaeus m\u00f8ttes&hellip;\n","protected":false},"author":2,"featured_media":131143,"comment_status":"","ping_status":"","sticky":false,"template":"","format":"standard","meta":{"footnotes":""},"categories":[58],"tags":[31,71,30,28,29,72],"class_list":{"0":"post-131142","1":"post","2":"type-post","3":"status-publish","4":"format-standard","5":"has-post-thumbnail","7":"category-underholdning","8":"tag-breaking","9":"tag-entertainment","10":"tag-no","11":"tag-norge","12":"tag-norway","13":"tag-underholdning"},"share_on_mastodon":{"url":"https:\/\/pubeurope.com\/@no\/115854087500499490","error":""},"_links":{"self":[{"href":"https:\/\/www.europesays.com\/no\/wp-json\/wp\/v2\/posts\/131142","targetHints":{"allow":["GET"]}}],"collection":[{"href":"https:\/\/www.europesays.com\/no\/wp-json\/wp\/v2\/posts"}],"about":[{"href":"https:\/\/www.europesays.com\/no\/wp-json\/wp\/v2\/types\/post"}],"author":[{"embeddable":true,"href":"https:\/\/www.europesays.com\/no\/wp-json\/wp\/v2\/users\/2"}],"replies":[{"embeddable":true,"href":"https:\/\/www.europesays.com\/no\/wp-json\/wp\/v2\/comments?post=131142"}],"version-history":[{"count":0,"href":"https:\/\/www.europesays.com\/no\/wp-json\/wp\/v2\/posts\/131142\/revisions"}],"wp:featuredmedia":[{"embeddable":true,"href":"https:\/\/www.europesays.com\/no\/wp-json\/wp\/v2\/media\/131143"}],"wp:attachment":[{"href":"https:\/\/www.europesays.com\/no\/wp-json\/wp\/v2\/media?parent=131142"}],"wp:term":[{"taxonomy":"category","embeddable":true,"href":"https:\/\/www.europesays.com\/no\/wp-json\/wp\/v2\/categories?post=131142"},{"taxonomy":"post_tag","embeddable":true,"href":"https:\/\/www.europesays.com\/no\/wp-json\/wp\/v2\/tags?post=131142"}],"curies":[{"name":"wp","href":"https:\/\/api.w.org\/{rel}","templated":true}]}}