{"id":131146,"date":"2026-01-07T13:44:09","date_gmt":"2026-01-07T13:44:09","guid":{"rendered":"https:\/\/www.europesays.com\/no\/131146\/"},"modified":"2026-01-07T13:44:09","modified_gmt":"2026-01-07T13:44:09","slug":"kristopher-schau-slipper-musikk-med-christoffer-schou","status":"publish","type":"post","link":"https:\/\/www.europesays.com\/no\/131146\/","title":{"rendered":"Kristopher Schau slipper musikk med Christoffer Schou"},"content":{"rendered":"\n<p class=\"_lead_o9xde_2 _lead_xtcu6_50 layout-component text-serif-m layout-normal text-serif-l layout-component layout-wide layout-padded _wide_17hqh_1 layout-padded\">25 \u00e5r etter at Kristopher Schau f\u00f8rst kom over nesten-navnebroren Christoffer Schou, har de to laget musikk sammen.<\/p>\n<p><img alt=\"Nesten-navnebr\u00f8drene Kristopher Schau (t.h.) og Christoffer Schou har laget plate sammen.  Foto: Cafe Superstar Recordings \/ Handout \/ NTB\" class=\"_image_qp4xg_65 layout-component layout-wide\" data-fullscreen- data-track-element-type=\"Article image fullscreen\" data-track-name=\"ImageFullscreen\" fetchpriority=\"high\" decoding=\"sync\" loading=\"eager\" height=\"2417\" itemprop=\"image\"  src=\"https:\/\/www.europesays.com\/no\/wp-content\/uploads\/2026\/01\/61b87fee-5a9f-4d0b-905c-624434cac970.png\"  style=\"object-position:0% 0%\" width=\"3072\"\/>Nesten-navnebr\u00f8drene Kristopher Schau (t.h.) og Christoffer Schou har laget plate sammen.  Foto: Cafe Superstar Recordings \/ Handout \/ NTB<\/p>\n<ul aria-hidden=\"true\" class=\"_images_ntbth_112\">\n<li><a class=\"_link_ntbth_117\" href=\"https:\/\/www.vg.no\/forfatter\/ntb\" style=\"z-index:1\" title=\"NTB\" rel=\"nofollow noopener\" target=\"_blank\"><img alt=\"Bilde av NTB\" class=\"_image_ntbth_93\" fetchpriority=\"low\" loading=\"lazy\" decoding=\"async\" itemprop=\"image\"  src=\"https:\/\/www.europesays.com\/no\/wp-content\/uploads\/2026\/01\/1767793448_160_c33980b0-5d07-4027-84a1-813f90a7c8d6.png\"  width=\"480\"\/><\/a><\/li>\n<\/ul>\n<p> Oppdatert onsdag 7. januar kl. 14:27    <\/p>\n<ul class=\"_list_o9xde_3 _list_64s2r_85 _unordered_o9xde_106 text-sans-m\">\n<li class=\"_item_o9xde_30\">Rockeren Kristopher Schau har laget musikk sammen med Christoffer Schou, 25 \u00e5r etter de f\u00f8rst h\u00f8rte om hverandre.<\/li>\n<li class=\"_item_o9xde_30\">EP-en \u00abJanuary\u00bb slippes 23. januar p\u00e5 Schous plateselskap.<\/li>\n<li class=\"_item_o9xde_30\">Duoen beskriver musikken som rolig og melankolsk.<\/li>\n<\/ul>\n<p>Vis mer <\/p>\n<p class=\"_paragraph_o9xde_4 _paragraph_xtcu6_10 layout-component text-serif-m layout-normal text-serif-m layout-padded\">Schau er rockeren fra The Dogs, White Urine og The Cumshots, mens Schou har fartstid fra band som Remington Super 60, Navigators og Doopy. <\/p>\n<p class=\"_paragraph_o9xde_4 _paragraph_xtcu6_10 layout-component text-serif-m layout-normal text-serif-m layout-padded\">\u2013 P\u00e5 et eller annet tidspunkt m\u00e5tte det skje, sier <a href=\"https:\/\/www.vg.no\/tag\/kristopher-schau?utm_source=vg-article&amp;utm_medium=auto-tagger&amp;utm_campaign=n1ap3B\" class=\"_link_o9xde_39\" rel=\"nofollow noopener\" target=\"_blank\">Kristopher Schau<\/a> om hvorfor de n\u00e5 har sl\u00e5tt seg sammen under navnet Schau. Schou. <\/p>\n<p class=\"_paragraph_o9xde_4 _paragraph_xtcu6_10 layout-component text-serif-m layout-normal text-serif-m layout-padded\">EP-en \u00abJanuary\u00bb slippes 23. januar p\u00e5 Schous plateselskap Cafe Superstar Recordings.<\/p>\n<p class=\"_paragraph_o9xde_4 _paragraph_xtcu6_10 layout-component text-serif-m layout-normal text-serif-m layout-padded\">\u2013 Planen er minst \u00e9n til, sier Schau til NTB. <\/p>\n<p><img alt=\"Nesten-navnebr\u00f8drene Kristopher Schau (t.h.) og Christoffer Schou har laget plate sammen.   Foto: Cafe Superstar Recordings \/ Handout \/ NTB\" class=\"_image_qp4xg_65 layout-component layout-normal\" data-fullscreen- data-track-element-type=\"Article image fullscreen\" data-track-name=\"ImageFullscreen\" decoding=\"async\" loading=\"lazy\" height=\"4096\" itemprop=\"image\"  src=\"https:\/\/www.europesays.com\/no\/wp-content\/uploads\/2026\/01\/6cf3625f-744f-494a-be86-62202ef35a68.png\"  style=\"object-position:0% 0%\" width=\"3072\"\/>Nesten-navnebr\u00f8drene Kristopher Schau (t.h.) og Christoffer Schou har laget plate sammen.   Foto: Cafe Superstar Recordings \/ Handout \/ NTBDerfor er bildet i svart\/hvitt<\/p>\n<p class=\"_paragraph_o9xde_4 _paragraph_xtcu6_10 layout-component text-serif-m layout-normal text-sans-s\">Bildet av musikerne i svart\/hvitt-farger er sendt ut som en del av pressemeldingen fra Cafe Superstar Recordings. De fleste bildene i VG publiseres i farger, men siden dette er det beste tilgjengelige bildet vi har til \u00e5 illustrere artikkelen, publiseres det i svart\/hvitt.<\/p>\n<p>Tvillingfantasi<\/p>\n<p class=\"_paragraph_o9xde_4 _paragraph_xtcu6_10 layout-component text-serif-m layout-normal text-serif-m layout-padded\">\u2013 De f\u00f8rste ryktene om at jeg hadde en navnebror i \u00d8stfold kom allerede for 25 \u00e5r siden, oppsummerer Schau i pressemeldingen om hvordan duoen kom over hverandre:<\/p>\n<p class=\"_paragraph_o9xde_4 _paragraph_xtcu6_10 layout-component text-serif-m layout-normal text-serif-m layout-padded\">\u2013 Da var det mest det at ogs\u00e5 Schou hadde en bror som het Aleksander jeg syntes var g\u00f8y. Feilstavet selvf\u00f8lgelig, men fantasien om en tvilling bare en kort togtur unna hadde satt seg. Senere skj\u00f8nte jeg at jommen s\u00e5 drev Schou med musikk han ogs\u00e5, og ikke bare musikk \u2013 men beslektet musikk. Da sementerte det seg.<\/p>\n<p class=\"_paragraph_o9xde_4 _paragraph_xtcu6_10 layout-component text-serif-m layout-normal text-serif-m layout-padded\">Schau laget l\u00e5tene og sendte dem til Schou, som produserte og \u00abforedlet det til noe vi begge er s\u00e6rs stolte over\u00bb, lyder det fra f\u00f8rstnevnte. \u00c5 h\u00f8re er ogs\u00e5 Sara Leander p\u00e5 kor og Sigurd Gedde Mojord p\u00e5 trommer.<\/p>\n<p>Bare rolig<\/p>\n<p class=\"_paragraph_o9xde_4 _paragraph_xtcu6_10 layout-component text-serif-m layout-normal text-serif-m layout-padded\">\u2013 Vi har merkelig nok aldri fnist av dette opplegget. Vi synes bare det er dritbra, uttaler Kristopher Schau om de fem nedp\u00e5 og noks\u00e5 melankolske l\u00e5tene med titler som \u00abFollow the water\u00bb, \u00abIn the dark\u00bb, \u00abThis is on you\u00bb, \u00abBarely holding on\u00bb og \u00abYou would have said no\u00bb. <\/p>\n<p><img alt=\"Kristopher Schau har skrevet like mange rolige som kjappe l\u00e5ter, hevder han.   Foto: Heiko Junge \/ NTB\" class=\"_image_qp4xg_65 layout-component layout-normal\" data-fullscreen- data-track-element-type=\"Article image fullscreen\" data-track-name=\"ImageFullscreen\" decoding=\"async\" loading=\"lazy\" height=\"5359\" itemprop=\"image\"  src=\"https:\/\/www.europesays.com\/no\/wp-content\/uploads\/2026\/01\/88112c32-7930-4d00-bf05-7e39e398b1ed.jpeg\"  style=\"object-position:0% 0%\" width=\"8038\"\/>Kristopher Schau har skrevet like mange rolige som kjappe l\u00e5ter, hevder han.   Foto: Heiko Junge \/ NTB<\/p>\n<p class=\"_paragraph_o9xde_4 _paragraph_xtcu6_10 layout-component text-serif-m layout-normal text-serif-m layout-padded\">For her er det musikalsk ro som r\u00e5r, forklarer Schau til NTB:<\/p>\n<p class=\"_paragraph_o9xde_4 _paragraph_xtcu6_10 layout-component text-serif-m layout-normal text-serif-m layout-padded\">\u2013 Har jo alltid laget ca. 50\/50 rolige l\u00e5ter versus kjappe, men de kjappe har liksom alltid f\u00e5tt mest oppmerksomhet. Sikkert fordi de er g\u00f8yest \u00e5 spille live. Med dette prosjektet er de rolige garantert \u00e5 vinne, siden det utelukkende er rolige ting. Ikke at det har v\u00e6rt et m\u00e5l alts\u00e5, men det skal bli spennende \u00e5 f\u00f8lge med p\u00e5.<\/p>\n","protected":false},"excerpt":{"rendered":"25 \u00e5r etter at Kristopher Schau f\u00f8rst kom over nesten-navnebroren Christoffer Schou, har de to laget musikk sammen.&hellip;\n","protected":false},"author":2,"featured_media":131147,"comment_status":"","ping_status":"","sticky":false,"template":"","format":"standard","meta":{"footnotes":""},"categories":[58],"tags":[71,15204,221,30,28,29,72],"class_list":{"0":"post-131146","1":"post","2":"type-post","3":"status-publish","4":"format-standard","5":"has-post-thumbnail","7":"category-underholdning","8":"tag-entertainment","9":"tag-kristopher-schau","10":"tag-musikk","11":"tag-no","12":"tag-norge","13":"tag-norway","14":"tag-underholdning"},"share_on_mastodon":{"url":"https:\/\/pubeurope.com\/@no\/115854118935509236","error":""},"_links":{"self":[{"href":"https:\/\/www.europesays.com\/no\/wp-json\/wp\/v2\/posts\/131146","targetHints":{"allow":["GET"]}}],"collection":[{"href":"https:\/\/www.europesays.com\/no\/wp-json\/wp\/v2\/posts"}],"about":[{"href":"https:\/\/www.europesays.com\/no\/wp-json\/wp\/v2\/types\/post"}],"author":[{"embeddable":true,"href":"https:\/\/www.europesays.com\/no\/wp-json\/wp\/v2\/users\/2"}],"replies":[{"embeddable":true,"href":"https:\/\/www.europesays.com\/no\/wp-json\/wp\/v2\/comments?post=131146"}],"version-history":[{"count":0,"href":"https:\/\/www.europesays.com\/no\/wp-json\/wp\/v2\/posts\/131146\/revisions"}],"wp:featuredmedia":[{"embeddable":true,"href":"https:\/\/www.europesays.com\/no\/wp-json\/wp\/v2\/media\/131147"}],"wp:attachment":[{"href":"https:\/\/www.europesays.com\/no\/wp-json\/wp\/v2\/media?parent=131146"}],"wp:term":[{"taxonomy":"category","embeddable":true,"href":"https:\/\/www.europesays.com\/no\/wp-json\/wp\/v2\/categories?post=131146"},{"taxonomy":"post_tag","embeddable":true,"href":"https:\/\/www.europesays.com\/no\/wp-json\/wp\/v2\/tags?post=131146"}],"curies":[{"name":"wp","href":"https:\/\/api.w.org\/{rel}","templated":true}]}}