{"id":131148,"date":"2026-01-07T13:48:15","date_gmt":"2026-01-07T13:48:15","guid":{"rendered":"https:\/\/www.europesays.com\/no\/131148\/"},"modified":"2026-01-07T13:48:15","modified_gmt":"2026-01-07T13:48:15","slug":"fjell-ungdomsskule-oygarden-kommune-fjell-ungdomsskule-matte-stenge-de-klarte-ikke-a-fa-bygget-varmt-nok","status":"publish","type":"post","link":"https:\/\/www.europesays.com\/no\/131148\/","title":{"rendered":"Fjell ungdomsskule, \u00d8ygarden kommune | Fjell ungdomsskule m\u00e5tte stenge. De klarte ikke \u00e5 f\u00e5 bygget varmt nok."},"content":{"rendered":"\n<p>Rundt klokken 1030 onsdag formiddag m\u00e5tte Fjell ungdomsskule i \u00d8ygarden stenge p\u00e5 grunn av for kalde klasserom.<\/p>\n<p>If\u00f8lge avdelingsleder Nina Zandstra var det enkelte klasserom som l\u00e5 nede p\u00e5 ti grader.<\/p>\n<p>\u2013 Vi pr\u00f8vde s\u00e5 godt vi kunne \u00e5 fyre med ekstra ovner, men vi klarte ikke \u00e5 f\u00e5 opp temperaturen.<\/p>\n<p>Avdelingslederen forteller at b\u00e5de elever og l\u00e6rere m\u00e5tte beholde jakkene p\u00e5 inne. Verneombudet besluttet til slutt at skolen m\u00e5tte stenge.<\/p>\n<p>Skolen sendte dermed ut melding til foreldre, som m\u00e5tte komme og hente ungdommene sine.<\/p>\n<p>Noen f\u00e5 klasserom klarer likevel \u00e5 holde grei temperatur. Disse vil bli prioritert til til undervisning for elever med s\u00e6rskilte behov, sier avdelingslederen.<\/p>\n<p>Gammelt bygg<\/p>\n<p>Hva som er grunnen til at bygget har blitt s\u00e5 kaldt, vet ikke Zandstra.<\/p>\n<p>\u2013 Etter hva vi ser skal varmen funke, men vi m\u00e5 f\u00e5 noen til \u00e5 se p\u00e5 det. Det er et gammelt bygg dette her, s\u00e5 det kan bare v\u00e6re at kulden har blitt for mye. Vi vet ikke.<\/p>\n<p>De h\u00e5per \u00e5 f\u00e5 skolen varm og god igjen til imorgen og at elevene kan komme tilbake.<\/p>\n<p>\u2013 Vi skal jo f\u00e5 ny skole i 2028. Vi f\u00e5r se frem til det, sier Zandstra.<\/p>\n<p>Kaldt kaldt kaldt<\/p>\n<p>Kulden skaper problemer for flere store bygg for tiden.<\/p>\n<p>Mandag denne uken m\u00e5tte Eplekarten Steinerbarnehage i S\u00e6rdalen holde stengt.<\/p>\n<p>Der traff vi r\u00f8rlegger Sigbj\u00f8rn Sjursen, som fortalte at kalde dager er travle for hans yrkesgruppe.<\/p>\n<p>\u2013 Problemer med varmepumper og frosne r\u00f8r er erketypisk n\u00e5r det blir s\u00e5pass kaldt.<\/p>\n<p>  <a href=\"https:\/\/www.ba.no\/5-8-3271956\" class=\"related-teaser has-image default-story-teaser article--c-eRUmMG article--c-eRUmMG-jKCPdD-design-default\" rel=\"nofollow noopener\" target=\"_blank\"><\/p>\n<p>    <img decoding=\"async\" loading=\"lazy\"  src=\"https:\/\/www.europesays.com\/no\/wp-content\/uploads\/2026\/01\/EH8_1470_Redigert.JPG\" alt=\"\" class=\"brick-c-cFOWSL\" style=\"\"\/><\/p>\n<p>\n            Les ogs\u00e5<\/p>\n<p>              Nedkj\u00f8lt barnehage m\u00e5tte stenge\n        <\/p>\n<p>  <\/a><\/p>\n","protected":false},"excerpt":{"rendered":"Rundt klokken 1030 onsdag formiddag m\u00e5tte Fjell ungdomsskule i \u00d8ygarden stenge p\u00e5 grunn av for kalde klasserom. If\u00f8lge&hellip;\n","protected":false},"author":2,"featured_media":131149,"comment_status":"","ping_status":"","sticky":false,"template":"","format":"standard","meta":{"footnotes":""},"categories":[10],"tags":[36,20,21,24,25,15205,15,22,23,13,30,28,29,14,16,15206,804,1510,26,27,553,6263],"class_list":{"0":"post-131148","1":"post","2":"type-post","3":"status-publish","4":"format-standard","5":"has-post-thumbnail","7":"category-norge","8":"tag-art","9":"tag-breaking-news","10":"tag-breakingnews","11":"tag-featured-news","12":"tag-featurednews","13":"tag-fjell-ungdomsskule","14":"tag-headlines","15":"tag-latest-news","16":"tag-latestnews","17":"tag-news","18":"tag-no","19":"tag-norge","20":"tag-norway","21":"tag-nyheter","22":"tag-overskrifter","23":"tag-oygarden-kommune","24":"tag-skole","25":"tag-story","26":"tag-top-stories","27":"tag-topstories","28":"tag-vaer","29":"tag-vinter"},"share_on_mastodon":{"url":"https:\/\/pubeurope.com\/@no\/115854134835462286","error":""},"_links":{"self":[{"href":"https:\/\/www.europesays.com\/no\/wp-json\/wp\/v2\/posts\/131148","targetHints":{"allow":["GET"]}}],"collection":[{"href":"https:\/\/www.europesays.com\/no\/wp-json\/wp\/v2\/posts"}],"about":[{"href":"https:\/\/www.europesays.com\/no\/wp-json\/wp\/v2\/types\/post"}],"author":[{"embeddable":true,"href":"https:\/\/www.europesays.com\/no\/wp-json\/wp\/v2\/users\/2"}],"replies":[{"embeddable":true,"href":"https:\/\/www.europesays.com\/no\/wp-json\/wp\/v2\/comments?post=131148"}],"version-history":[{"count":0,"href":"https:\/\/www.europesays.com\/no\/wp-json\/wp\/v2\/posts\/131148\/revisions"}],"wp:featuredmedia":[{"embeddable":true,"href":"https:\/\/www.europesays.com\/no\/wp-json\/wp\/v2\/media\/131149"}],"wp:attachment":[{"href":"https:\/\/www.europesays.com\/no\/wp-json\/wp\/v2\/media?parent=131148"}],"wp:term":[{"taxonomy":"category","embeddable":true,"href":"https:\/\/www.europesays.com\/no\/wp-json\/wp\/v2\/categories?post=131148"},{"taxonomy":"post_tag","embeddable":true,"href":"https:\/\/www.europesays.com\/no\/wp-json\/wp\/v2\/tags?post=131148"}],"curies":[{"name":"wp","href":"https:\/\/api.w.org\/{rel}","templated":true}]}}