{"id":131162,"date":"2026-01-07T13:59:39","date_gmt":"2026-01-07T13:59:39","guid":{"rendered":"https:\/\/www.europesays.com\/no\/131162\/"},"modified":"2026-01-07T13:59:39","modified_gmt":"2026-01-07T13:59:39","slug":"barbie-nrk-slakter-barbie-studien-omtrent-alt-skurrer-her","status":"publish","type":"post","link":"https:\/\/www.europesays.com\/no\/131162\/","title":{"rendered":"Barbie, NRK | Slakter Barbie-studien: \u2013 Omtrent alt skurrer her"},"content":{"rendered":"\n<p>Hva skjer n\u00e5r to NTNU-professorer som er opptatte av \u00abhvithet\u00bb skal forske p\u00e5 om 6-\u00e5ringer som leker med Barbie er rasister?<\/p>\n<p>Ja da, ungene var rasister s\u00e5 klart. Forskere fra NTNU beskriver funnene som ubehagelige i en artikkel i <a href=\"https:\/\/www.nrk.no\/trondelag\/skulle-observere-lek-blant-forsteklassinger-_-sa-rasisme-og-diskriminering-1.17687294?fbclid=IwY2xjawPLImhleHRuA2FlbQIxMABicmlkETBhVFZkQk9EbEFJckxLQ0FMc3J0YwZhcHBfaWQQMjIyMDM5MTc4ODIwMDg5MgABHvkAitahep6XJRbxh_Z0fL6BtpDiurafCZXD5EM5pNKwpVeoYtLwPlHvEHYG_aem_2rPSyNnrbg6I1aCEj1wlkw\" rel=\"Follow nofollow noopener\" target=\"_blank\">NRK<\/a> i dag.<\/p>\n<p>Men noe skurrer her. Eller \u2013 omtrent alt.<\/p>\n<p>Observerte ikke ungene selv<\/p>\n<p>Jeg har lest denne <a href=\"https:\/\/tidsskriftetbarn.no\/index.php\/barn\/article\/view\/6725?fbclid=IwY2xjawPLIz5leHRuA2FlbQIxMABicmlkETBhVFZkQk9EbEFJckxLQ0FMc3J0YwZhcHBfaWQQMjIyMDM5MTc4ODIwMDg5MgABHjjSz2thCFGFDjuDN5d837xZYng-IDi9NP5tj7PR250OVeONKNYGR7p_iLwL_aem_Ygih_DnLnsNO5BH3LiQYlw\" rel=\"Follow nofollow noopener\" target=\"_blank\">Barbie-studien n\u00e5 <\/a>og har noen observasjoner:<\/p>\n<p>Barn p\u00e5 6 \u00e5r skal ha lekt med Barbie, og noen (to?) av disse skal ha sagt at en m\u00f8rkhudet Barbie var stygg.<\/p>\n<p>Studien handler i stor grad om \u00e5 beskrive smerten disse to professorene personlig f\u00f8ler av \u00e5 observere de rasistiske barna. De kaller dette \u00abpost-kvalitativ metode\u00bb, som handler om at teori springer ut av personlige eller kroppslige f\u00f8lelser. Noe som er ganske fjernt fra normal vitenskapelig metode.<\/p>\n<p>Men professorene observerte ikke engang \u00abrasist-ungene\u00bb selv, de sendte en assistent som tok notater og rapporterte videre. Dette bidrar til at det virker ekstra merkelig at det skal v\u00e6re s\u00e5 mye fokus p\u00e5 disse to professorenes personlige smerte. Assistenten som gjorde mesteparten av jobben har ikke engang f\u00e5tt navnet sitt som medforfatter av studien.<\/p>\n<p>            Are S\u00f8berg<\/p>\n<p>Skriver om offentlig ressursbruk og er mest kjent som redakt\u00f8r for den satiriske Facebook-profilen \u00abSl\u00f8seriombudsmannen\u00bb. S\u00f8berg er \u00f8konom og har tidligere jobbet som controller og portef\u00f8ljeforvalter.<\/p>\n<p>  Snakker stygt om en m\u00f8rk Barbie<\/p>\n<p>Professorene bruker mye tid i teksten p\u00e5 \u00e5 ta avstand fra \u00abhvithet\u00bb og \u00abkolonialisme\u00bb. Folk som forsker p\u00e5 rasisme har en merkelig tendens til \u00e5 ha sterk forakt for enkelte hudfarger. Begge professorene ser temmelig hvite ut, men de legger grundig fram sine alibier for hvorfor de ikke er det \u2013 den ene har familiebakgrunn fra Chile, mens den andre skal ha f\u00e5tt barn med en brasilianer som har noe m\u00f8rkere hud.<\/p>\n<p>Litt som da karakteren Stian fra \u00abNissene i skjul\u00bb sa han ikke kunne v\u00e6re rasist siden han var s\u00e5 glad i Thai-damer.<\/p>\n<p>Og er det ikke noe \u00abkolonialistisk\u00bb med det \u00e5 sende en ung, lavtl\u00f8nnet assistent for \u00e5 gj\u00f8re jobben ute i feltet, som ikke f\u00e5r noe av \u00e6ren n\u00e5r mediene dukker opp?<\/p>\n<p>Det h\u00f8res jo ikke bra ut at et par av ungene snakker stygt om en m\u00f8rk Barbie. Men kanskje grunnen til at ungene ikke liker den egentlig er at den ser ut til \u00e5 ha influenser-aktig duckface-munn og \u00f8yne som ser ut til \u00e5 v\u00e6re skrapt ut? Litt d\u00e5rlig illustrasjonsbilde i forskningsartikkelen \u2013 bildet som brukes i<a href=\"https:\/\/www.nrk.no\/trondelag\/skulle-observere-lek-blant-forsteklassinger-_-sa-rasisme-og-diskriminering-1.17687294?fbclid=IwY2xjawPLImhleHRuA2FlbQIxMABicmlkETBhVFZkQk9EbEFJckxLQ0FMc3J0YwZhcHBfaWQQMjIyMDM5MTc4ODIwMDg5MgABHvkAitahep6XJRbxh_Z0fL6BtpDiurafCZXD5EM5pNKwpVeoYtLwPlHvEHYG_aem_2rPSyNnrbg6I1aCEj1wlkw\" rel=\"Follow nofollow noopener\" target=\"_blank\"> NRK-artikkelen<\/a> er en annen dukke.<\/p>\n<p>Det er ogs\u00e5 interessant \u00e5 merke seg hvem av ungene som er kritiske til den m\u00f8rkhudede Barbien. Den mest kritiske ungen er fra \u00abs\u00f8r-asia\u00bb, mens den mest vennligsinnede ungen er etnisk norsk.<\/p>\n<p>Hvithet er selve problemet<\/p>\n<p>Den etnisk norske jenta med blondt h\u00e5r og bl\u00e5 \u00f8yne forteller at hun elsker den m\u00f8rke Barbien. Likevel er det hvithet som er problemet her, if\u00f8lge forskerne.<\/p>\n<p>Er det ikke bra at de etnisk norske ungene likte den m\u00f8rke Barbien? Nei, det er ogs\u00e5 problematisk.<\/p>\n<p>Forskerne mener at ungene liker den m\u00f8rke Barbien fordi de har \u00abeksotifisert\u00bb m\u00f8rk hudfarge, og at dette har \u00abrasialiserte\u00bb og seksualiserte undertoner. Dette kommer ut av konseptet hvithet. Den sammenhengen begrunnes ut fra teori, ikke fra konkrete utsagn fra ungene. Merk, premisset nevnt tidligere -at teori if\u00f8lge \u00abpost-kvalitativ metode\u00bb kommer ut fra forskernes egne f\u00f8lelser.<\/p>\n<p>Dette er alts\u00e5 problematisk og vondt for professorene, uansett om ungene liker eller misliker den m\u00f8rke Barbiedukken. Hvithet er selve problemet, og det tydelig at det er ingenting ungene kunne ha gjort for \u00e5 unng\u00e5 at forskningen endte i den konklusjonen. Hvorfor trengte de da i det hele tatt \u00e5 gjennomf\u00f8re fors\u00f8ket?<\/p>\n<p>Det dr\u00f8ftes ikke.<\/p>\n<p>Skulle gj\u00f8re den ene dukken lei seg<\/p>\n<p>Til sist i forskningsartikkelen forklarer forskerne noe mer av premisset for \u00f8velsen med barna og dukkene. Her skriver de at assistenten de sendte for \u00e5 leke med Barbie p\u00e5 et tidspunkt hadde instruert barna om at de skulle leke en lek hvor den ene Barbie-dukken ble lei seg.<\/p>\n<p><b>Kan det ha v\u00e6rt dette premisset som utl\u00f8ste at ungene brukte noen stygge ord i Barbie-leken? Det kan det s\u00e5 klart ha v\u00e6rt. Men det dr\u00f8ftes ikke. <\/b><\/p>\n<p>Studien ender ikke opp med noen klar konklusjon eller klare anbefalinger. En observasjon kan jeg riktignok v\u00e6re enig i \u2013 at kommunen ikke hadde trengt \u00e5 bruke ressurser p\u00e5 \u00e5 kj\u00f8pe inn s\u00e5 mange Barbie-dukker.<\/p>\n<p>Innlegget ble f\u00f8rst publisert p\u00e5 skribentens Facebook-vegg. <\/p>\n","protected":false},"excerpt":{"rendered":"Hva skjer n\u00e5r to NTNU-professorer som er opptatte av \u00abhvithet\u00bb skal forske p\u00e5 om 6-\u00e5ringer som leker med&hellip;\n","protected":false},"author":2,"featured_media":131163,"comment_status":"","ping_status":"","sticky":false,"template":"","format":"standard","meta":{"footnotes":""},"categories":[58],"tags":[71,30,28,29,72],"class_list":{"0":"post-131162","1":"post","2":"type-post","3":"status-publish","4":"format-standard","5":"has-post-thumbnail","7":"category-underholdning","8":"tag-entertainment","9":"tag-no","10":"tag-norge","11":"tag-norway","12":"tag-underholdning"},"share_on_mastodon":{"url":"https:\/\/pubeurope.com\/@no\/115854178154408869","error":""},"_links":{"self":[{"href":"https:\/\/www.europesays.com\/no\/wp-json\/wp\/v2\/posts\/131162","targetHints":{"allow":["GET"]}}],"collection":[{"href":"https:\/\/www.europesays.com\/no\/wp-json\/wp\/v2\/posts"}],"about":[{"href":"https:\/\/www.europesays.com\/no\/wp-json\/wp\/v2\/types\/post"}],"author":[{"embeddable":true,"href":"https:\/\/www.europesays.com\/no\/wp-json\/wp\/v2\/users\/2"}],"replies":[{"embeddable":true,"href":"https:\/\/www.europesays.com\/no\/wp-json\/wp\/v2\/comments?post=131162"}],"version-history":[{"count":0,"href":"https:\/\/www.europesays.com\/no\/wp-json\/wp\/v2\/posts\/131162\/revisions"}],"wp:featuredmedia":[{"embeddable":true,"href":"https:\/\/www.europesays.com\/no\/wp-json\/wp\/v2\/media\/131163"}],"wp:attachment":[{"href":"https:\/\/www.europesays.com\/no\/wp-json\/wp\/v2\/media?parent=131162"}],"wp:term":[{"taxonomy":"category","embeddable":true,"href":"https:\/\/www.europesays.com\/no\/wp-json\/wp\/v2\/categories?post=131162"},{"taxonomy":"post_tag","embeddable":true,"href":"https:\/\/www.europesays.com\/no\/wp-json\/wp\/v2\/tags?post=131162"}],"curies":[{"name":"wp","href":"https:\/\/api.w.org\/{rel}","templated":true}]}}