{"id":131169,"date":"2026-01-07T14:04:09","date_gmt":"2026-01-07T14:04:09","guid":{"rendered":"https:\/\/www.europesays.com\/no\/131169\/"},"modified":"2026-01-07T14:04:09","modified_gmt":"2026-01-07T14:04:09","slug":"rekord-i-stromforbruk-i-norge-25-309-megawattimer","status":"publish","type":"post","link":"https:\/\/www.europesays.com\/no\/131169\/","title":{"rendered":"Rekord i str\u00f8mforbruk i Norge: 25.309 megawattimer"},"content":{"rendered":"\n<p class=\"_lead_o9xde_2 _lead_xtcu6_50 layout-component text-serif-m layout-normal text-serif-l layout-component layout-wide layout-padded _wide_17hqh_1 layout-padded\">I ettermiddag kan det bli ny rekord.<\/p>\n<p><img alt=\"Det ble brukt rekordmye str\u00f8m mellom klokken 8 og 9 onsdag morgen.  Foto: Erik Flaaris Johansen \/ NTB\" class=\"_image_qp4xg_65 layout-component layout-wide\" data-fullscreen- data-track-element-type=\"Article image fullscreen\" data-track-name=\"ImageFullscreen\" fetchpriority=\"high\" decoding=\"sync\" loading=\"eager\" height=\"3072\" itemprop=\"image\"  src=\"https:\/\/www.europesays.com\/no\/wp-content\/uploads\/2026\/01\/8346a6ad-8c96-4ad1-904b-3c48453dd67c.jpeg\"  style=\"object-position:0% 0%\" width=\"4608\"\/>Det ble brukt rekordmye str\u00f8m mellom klokken 8 og 9 onsdag morgen.  Foto: Erik Flaaris Johansen \/ NTB<\/p>\n<ul aria-hidden=\"true\" class=\"_images_ntbth_112\">\n<li><a class=\"_link_ntbth_117\" href=\"https:\/\/www.vg.no\/forfatter\/vilde-birkelund\" style=\"z-index:2\" title=\"Vilde Birkelund\" rel=\"nofollow noopener\" target=\"_blank\"><img alt=\"Bilde av Vilde Birkelund\" class=\"_image_ntbth_93\" fetchpriority=\"low\" loading=\"lazy\" decoding=\"async\" itemprop=\"image\"  src=\"https:\/\/www.europesays.com\/no\/wp-content\/uploads\/2026\/01\/c9662057-6f76-4bdb-a433-dc79951b08e7.jpeg\"  width=\"480\"\/><\/a><\/li>\n<li><a class=\"_link_ntbth_117\" href=\"https:\/\/www.vg.no\/forfatter\/ntb\" style=\"z-index:1\" title=\"NTB\" rel=\"nofollow noopener\" target=\"_blank\"><img alt=\"Bilde av NTB\" class=\"_image_ntbth_93\" fetchpriority=\"low\" loading=\"lazy\" decoding=\"async\" itemprop=\"image\"  src=\"https:\/\/www.europesays.com\/no\/wp-content\/uploads\/2026\/01\/1767794649_966_c33980b0-5d07-4027-84a1-813f90a7c8d6.png\"  width=\"480\"\/><\/a><\/li>\n<\/ul>\n<p> Oppdatert onsdag 7. januar kl. 13:41     <\/p>\n<p class=\"_paragraph_o9xde_4 _paragraph_xtcu6_10 layout-component text-serif-m layout-normal text-serif-m layout-padded\">Det ble brukt 25.309 megawattimer (MWh). Den forrige rekorden fra 12. februar 2021 er dermed sl\u00e5tt med 79 megawattimer.<\/p>\n<p class=\"_paragraph_o9xde_4 _paragraph_xtcu6_10 layout-component text-serif-m layout-normal text-serif-m layout-padded\"> \u2013 Det kalde v\u00e6ret over store deler av Norge medf\u00f8rer at vi n\u00e5 bruker mer str\u00f8m p\u00e5 oppvarming, og det er nok hovedforklaringen p\u00e5 den nye rekorden, sier Peer Olav \u00d8stli, konserndirekt\u00f8r for systemdrift og marked i <a href=\"https:\/\/www.statnett.no\/om-statnett\/nyheter-og-pressemeldinger\/nyhetsarkiv-2026\/aldri-for-er-det-brukt-mer-strom-i-norge\/\" class=\"_link_o9xde_39\" rel=\"nofollow noopener\" target=\"_blank\">Statnett<\/a>.<\/p>\n<p class=\"_paragraph_o9xde_4 _paragraph_xtcu6_10 layout-component text-serif-m layout-normal text-serif-m layout-padded\">I ettermiddag kan det settes ny rekord mellom klokken 16 og 17, if\u00f8lge prognosene for str\u00f8mforbruket.<\/p>\n<p class=\"_paragraph_o9xde_4 _paragraph_xtcu6_10 layout-component text-serif-m layout-normal text-serif-m layout-padded\">\u2013 Str\u00f8mnettet er dimensjonert for at vi skal t\u00e5le slike forbrukstopper. Vi ser at forbruket fremover vil \u00f8ke, derfor er det viktig at vi utnytter det nettet vi har, parallelt med at vi bygger nytt nett, sier \u00d8stli.<\/p>\n<p class=\"_paragraph_o9xde_4 _paragraph_xtcu6_10 layout-component text-serif-m layout-normal text-serif-m layout-padded\">Da rekorden ble satt onsdag morgen, var str\u00f8mproduksjonen samtidig p\u00e5 26.978 MWh. Rekorden for str\u00f8mproduksjon ble satt 7. desember 2021 og var p\u00e5 28.293 MWh.<\/p>\n","protected":false},"excerpt":{"rendered":"I ettermiddag kan det bli ny rekord. Det ble brukt rekordmye str\u00f8m mellom klokken 8 og 9 onsdag&hellip;\n","protected":false},"author":2,"featured_media":131170,"comment_status":"","ping_status":"","sticky":false,"template":"","format":"standard","meta":{"footnotes":""},"categories":[5],"tags":[20,21,24,25,15,19,22,23,17,18,13,30,28,29,14,16,3481,243,26,27],"class_list":{"0":"post-131169","1":"post","2":"type-post","3":"status-publish","4":"format-standard","5":"has-post-thumbnail","7":"category-overskrifter","8":"tag-breaking-news","9":"tag-breakingnews","10":"tag-featured-news","11":"tag-featurednews","12":"tag-headlines","13":"tag-hovedoppslag","14":"tag-latest-news","15":"tag-latestnews","16":"tag-main-news","17":"tag-mainnews","18":"tag-news","19":"tag-no","20":"tag-norge","21":"tag-norway","22":"tag-nyheter","23":"tag-overskrifter","24":"tag-statnett","25":"tag-strom","26":"tag-top-stories","27":"tag-topstories"},"share_on_mastodon":{"url":"https:\/\/pubeurope.com\/@no\/115854197602883677","error":""},"_links":{"self":[{"href":"https:\/\/www.europesays.com\/no\/wp-json\/wp\/v2\/posts\/131169","targetHints":{"allow":["GET"]}}],"collection":[{"href":"https:\/\/www.europesays.com\/no\/wp-json\/wp\/v2\/posts"}],"about":[{"href":"https:\/\/www.europesays.com\/no\/wp-json\/wp\/v2\/types\/post"}],"author":[{"embeddable":true,"href":"https:\/\/www.europesays.com\/no\/wp-json\/wp\/v2\/users\/2"}],"replies":[{"embeddable":true,"href":"https:\/\/www.europesays.com\/no\/wp-json\/wp\/v2\/comments?post=131169"}],"version-history":[{"count":0,"href":"https:\/\/www.europesays.com\/no\/wp-json\/wp\/v2\/posts\/131169\/revisions"}],"wp:featuredmedia":[{"embeddable":true,"href":"https:\/\/www.europesays.com\/no\/wp-json\/wp\/v2\/media\/131170"}],"wp:attachment":[{"href":"https:\/\/www.europesays.com\/no\/wp-json\/wp\/v2\/media?parent=131169"}],"wp:term":[{"taxonomy":"category","embeddable":true,"href":"https:\/\/www.europesays.com\/no\/wp-json\/wp\/v2\/categories?post=131169"},{"taxonomy":"post_tag","embeddable":true,"href":"https:\/\/www.europesays.com\/no\/wp-json\/wp\/v2\/tags?post=131169"}],"curies":[{"name":"wp","href":"https:\/\/api.w.org\/{rel}","templated":true}]}}