{"id":131177,"date":"2026-01-07T14:14:07","date_gmt":"2026-01-07T14:14:07","guid":{"rendered":"https:\/\/www.europesays.com\/no\/131177\/"},"modified":"2026-01-07T14:14:07","modified_gmt":"2026-01-07T14:14:07","slug":"superheltfilm-gjor-stor-suksess-med-norsk-hjelp","status":"publish","type":"post","link":"https:\/\/www.europesays.com\/no\/131177\/","title":{"rendered":"Superheltfilm gj\u00f8r stor suksess med norsk hjelp"},"content":{"rendered":"<p>Det er den bestselgende bokserien \u00abH\u00e5ndbok for superhelter\u00bb, skrevet av Elias og Agnes V\u00e5hlund, som har blitt film.<\/p>\n<p><a href=\"https:\/\/trdby.adressa.no\/underholdning\/i\/bO5143\/tix-om-aa-vaere-med-i-16-ukers-helvete-tenkte-jeg-ikke-trengte-aa-ta-helsen-min-helt-paa-alvor\" rel=\"nofollow noopener\" target=\"_blank\"> <img decoding=\"async\" src=\"data:image\/gif;base64,R0lGODlhEAAJAIAAAP\/\/\/wAAACH5BAEAAAAALAAAAAAQAAkAAAIKhI+py+0Po5yUFQA7\" alt=\"\"\/>   Beskriver ti \u00e5r med frossenpizza, energidrikker og lite s\u00f8vn  <\/a> Kommer til flere land <\/p>\n<p>Siden premieren f\u00f8rste juledag er \u00abHandbok f\u00f6r Superhj\u00e4ltar\u00bb blitt sett av n\u00e6r 100.000 svensker.<\/p>\n<p> Rettighetene til filmen er forel\u00f8pig solgt til 16 land, og det foreg\u00e5r if\u00f8lge filmens produksjonsselskap Stiller Studios \u00abforhandlinger med et stort antall land verden over\u00bb.<\/p>\n<p><strong>\u00abH\u00e5ndbok for superhelter\u00bb har norsk premiere 13. februar.<\/strong><\/p>\n<p><img decoding=\"async\" src=\"data:image\/gif;base64,R0lGODlhEAAJAIAAAP\/\/\/wAAACH5BAEAAAAALAAAAAAQAAkAAAIKhI+py+0Po5yUFQA7\" alt=\"\"\/><br \/>\n  Filmen kommer p\u00e5 Trondheim Kino 13. februar.<br \/>\n  <strong>Foto:<\/strong> Synne Moen<a href=\"https:\/\/trdby.adressa.no\/livsstil\/i\/ExWePK\/skal-du-ha-hvit-maaned-i-2026-da-er-du-ikke-alene\" rel=\"nofollow noopener\" target=\"_blank\"> <img decoding=\"async\" src=\"data:image\/gif;base64,R0lGODlhEAAJAIAAAP\/\/\/wAAACH5BAEAAAAALAAAAAAQAAkAAAIKhI+py+0Po5yUFQA7\" alt=\"\"\/>   Skal du ha hvit m\u00e5ned i 2026? Her f\u00e5r du tips til hvordan lykkes  <\/a> Norsk animasjonsselskap<\/p>\n<p>Som i b\u00f8kene handler filmen \u2013 regissert av Patrik Forsberg \u2013 om Lisa som oppdager sine superkrefter og tar opp kampen mot b\u00e5de kriminelle og mobbere.<\/p>\n<p>Det norske animasjonsstudioet Qvisten Animation har v\u00e6rt med p\u00e5 \u00e5 gi liv til Lisa.<\/p>\n<p>\u2013 Dette er en norsk-svensk samproduksjon, der Qvisten er co-produsent, sa Rasmus Sivertsen til NTB da nyheten om filmatiseringen ble kjent h\u00f8sten 2024.<\/p>\n<p><img decoding=\"async\" src=\"data:image\/gif;base64,R0lGODlhEAAJAIAAAP\/\/\/wAAACH5BAEAAAAALAAAAAAQAAkAAAIKhI+py+0Po5yUFQA7\" alt=\"\"\/><br \/>\n  Qvisten Animation er kjent for \u00e5 ha produsert mange store norske animasjonsfilmer, blant annet Fl\u00e5klypa-filmene.<br \/>\n  <strong>Foto:<\/strong> Rut Anne Isdal \/ NTB Tema<a href=\"https:\/\/trdby.adressa.no\/aktuelt\/i\/n1aj8n\/antall-studenter-oeker-men-det-er-langt-faerre-ansatte\" rel=\"nofollow noopener\" target=\"_blank\"> <img decoding=\"async\" src=\"data:image\/gif;base64,R0lGODlhEAAJAIAAAP\/\/\/wAAACH5BAEAAAAALAAAAAAQAAkAAAIKhI+py+0Po5yUFQA7\" alt=\"\"\/>   Antall studenter \u00f8ker, men det er langt f\u00e6rre ansatte  <\/a> <\/p>\n","protected":false},"excerpt":{"rendered":"Det er den bestselgende bokserien \u00abH\u00e5ndbok for superhelter\u00bb, skrevet av Elias og Agnes V\u00e5hlund, som har blitt film.&hellip;\n","protected":false},"author":2,"featured_media":131178,"comment_status":"","ping_status":"","sticky":false,"template":"","format":"standard","meta":{"footnotes":""},"categories":[58],"tags":[7167,71,2913,11406,461,30,28,7168,29,12171,596,72],"class_list":{"0":"post-131177","1":"post","2":"type-post","3":"status-publish","4":"format-standard","5":"has-post-thumbnail","7":"category-underholdning","8":"tag-animasjonsfilm","9":"tag-entertainment","10":"tag-filmer","11":"tag-flaklypa","12":"tag-kino","13":"tag-no","14":"tag-norge","15":"tag-norsk","16":"tag-norway","17":"tag-superhelter","18":"tag-trondheim","19":"tag-underholdning"},"share_on_mastodon":{"url":"https:\/\/pubeurope.com\/@no\/115854236923447708","error":""},"_links":{"self":[{"href":"https:\/\/www.europesays.com\/no\/wp-json\/wp\/v2\/posts\/131177","targetHints":{"allow":["GET"]}}],"collection":[{"href":"https:\/\/www.europesays.com\/no\/wp-json\/wp\/v2\/posts"}],"about":[{"href":"https:\/\/www.europesays.com\/no\/wp-json\/wp\/v2\/types\/post"}],"author":[{"embeddable":true,"href":"https:\/\/www.europesays.com\/no\/wp-json\/wp\/v2\/users\/2"}],"replies":[{"embeddable":true,"href":"https:\/\/www.europesays.com\/no\/wp-json\/wp\/v2\/comments?post=131177"}],"version-history":[{"count":0,"href":"https:\/\/www.europesays.com\/no\/wp-json\/wp\/v2\/posts\/131177\/revisions"}],"wp:featuredmedia":[{"embeddable":true,"href":"https:\/\/www.europesays.com\/no\/wp-json\/wp\/v2\/media\/131178"}],"wp:attachment":[{"href":"https:\/\/www.europesays.com\/no\/wp-json\/wp\/v2\/media?parent=131177"}],"wp:term":[{"taxonomy":"category","embeddable":true,"href":"https:\/\/www.europesays.com\/no\/wp-json\/wp\/v2\/categories?post=131177"},{"taxonomy":"post_tag","embeddable":true,"href":"https:\/\/www.europesays.com\/no\/wp-json\/wp\/v2\/tags?post=131177"}],"curies":[{"name":"wp","href":"https:\/\/api.w.org\/{rel}","templated":true}]}}