{"id":131197,"date":"2026-01-07T14:40:18","date_gmt":"2026-01-07T14:40:18","guid":{"rendered":"https:\/\/www.europesays.com\/no\/131197\/"},"modified":"2026-01-07T14:40:18","modified_gmt":"2026-01-07T14:40:18","slug":"kjell-inge-rokke-hedrer-age-hareide-i-kjendistung-bisettelse","status":"publish","type":"post","link":"https:\/\/www.europesays.com\/no\/131197\/","title":{"rendered":"Kjell Inge R\u00f8kke hedrer \u00c5ge Hareide i kjendistung bisettelse"},"content":{"rendered":"<p class=\"kicker \" style=\"\">Kjell Inge R\u00f8kke<\/p>\n<p>  Se og H\u00f8r erfarer at den mediesky mangemilliard\u00e6ren kommer i \u00c5ge Hareides bisettelse.<\/p>\n<p>\n    GULLGUTT: \u00c5ge Hareide f\u00f8rte Molde FK til cupgull og norgesmesterskap i 1994. Klubbens rike eiere Kjell Inge R\u00f8kke (t.v.) og Bj\u00f8rn Rune Gjelsten kom i garderoben for \u00e5 v\u00e6re med p\u00e5 feiringen. Foto: NTB\n  <\/p>\n<p>Et helt spesielt forhold oppsto mellom Molde-patriot Kjell Inge R\u00f8kke (67) og Molde-profil \u00c5ge Hareide, som nylig gikk bort 72 \u00e5r gammel.<\/p>\n<p>I morgen bisettes Hareide i hjembyen, og da tar mangemilliard\u00e6ren turen fra Sveits for \u00e5 vise ham den siste \u00e6re.<\/p>\n<p>    <a itemprop=\"url\" href=\"https:\/\/www.seher.no\/kjendis\/tok-farvel-med-applaus\/84064890\" rel=\"nofollow noopener\" target=\"_blank\"><\/p>\n<p>        <img loading=\"lazy\" decoding=\"async\" src=\"https:\/\/www.europesays.com\/no\/wp-content\/uploads\/2026\/01\/84065415.webp.webp\" width=\"980\" height=\"441\" title=\"Tok farvel med applaus\" alt=\"\" class=\"lazyload\" style=\"--aspect-ratio-image: 2.22; \"\/><\/p>\n<p>        Tok farvel med applaus<\/p>\n<p>    <\/a><\/p>\n<p class=\"font-weight-bold m-font-weight-bold\" data-lab-font_weight=\"font-weight-bold\">R\u00f8kke skal, if\u00f8lge Se og H\u00f8rs kilder, fly frem og tilbake i privatfly &#8211; ens \u00e6rend for sin fotballvenn.<\/p>\n<p>Deres samarbeid gjennom fotballklubben Molde FK var starten p\u00e5 en suksesshistorie.<\/p>\n<p>        <img loading=\"lazy\" decoding=\"async\" src=\"https:\/\/www.europesays.com\/no\/wp-content\/uploads\/2026\/01\/84067006.webp.webp\" width=\"667\" height=\"481\" title=\"SIST SETT: Kjell Inge R\u00f8kke viste seg sist i offentligheten f\u00f8r jul, da han vitnet i en betent rettssak om store aksjeverdier. Foto: NTB\" alt=\"\" class=\"\" style=\"--aspect-ratio-image: 1.39; \"\/><\/p>\n<p>\n        SIST SETT: Kjell Inge R\u00f8kke viste seg sist i offentligheten f\u00f8r jul, da han vitnet i en betent rettssak om store aksjeverdier. Foto: NTB\n    <\/p>\n<p>R\u00f8kke gikk tungt inn som investor og hovedeier i Molde FK i 1993, med m\u00e5l om \u00e5 bygge klubben opp til et nasjonalt topplag.<br \/>\nHareide ble hentet inn som direkt\u00f8r og trener i 1993 og fikk stor tillit.\u00a0<\/p>\n<p>Under Hareides ledelse ble Molde norgesmestre i 1994.<\/p>\n<p>        HAALAND: Erling Braut Haalands gode venninne Isabel Haugseng Johansen ligger lavt p\u00e5 sosiale medier, men f\u00e5r likevel ikke v\u00e6re helt i fred. Video: R\u00f8d L\u00f8per<\/p>\n<p>Begge har i ettertid fremhevet hverandre som avgj\u00f8rende for klubbens suksess.<br \/>\nR\u00f8kke har rost Hareides lederskap, tydelige verdier og evne til \u00e5 bygge kultur.\u00a0<\/p>\n<p>        RETTE EKTEFOLK: Helene Spilling og Martin \u00d8degaard giftet seg denne helgen i Gjerdrum kirke, og i eksklusive bilder fra luften kan vi se hvordan de ble tatt imot n\u00e5r de kom ut. Video: Se og H\u00f8r \/\/ Reporter: H\u00e5vard Bj\u00f8rnerem<\/p>\n<p class=\"font-weight-bold m-font-weight-bold\" data-lab-font_weight=\"font-weight-bold\">&#8211; \u00c5ge var mer enn en fotballtrener &#8211; han var en visjon\u00e6r, en venn og en inspirator, sa Kjell Inge R\u00f8kke til\u00a0<a href=\"https:\/\/www.dagbladet.no\/sport\/jeg-er-dypt-takknemlig\/84006993\" target=\"_blank\" rel=\"nofollow noopener\">Dagbladet<\/a>\u00a0da Hareide gikk bort.<\/p>\n<p>R\u00f8kke tok med seg en syk \u00c5ge Hareide til Milano i h\u00f8st &#8211; for \u00e5 se landslaget ta seg til Fotball-VM.<\/p>\n<p>        <img loading=\"lazy\" decoding=\"async\" src=\"https:\/\/www.europesays.com\/no\/wp-content\/uploads\/2026\/01\/84066969.webp.webp\" width=\"667\" height=\"521\" title=\"FRUKTBART SAMARBEID: \u00c5ge Hareide fikk Molde til \u00e5 bli et topplag, med \u00f8konomisk hjelp fra R\u00f8kke og Gjelsten. Foto: NTB\" alt=\"\" class=\"\" style=\"--aspect-ratio-image: 1.28; \"\/><\/p>\n<p>\n        FRUKTBART SAMARBEID: \u00c5ge Hareide fikk Molde til \u00e5 bli et topplag, med \u00f8konomisk hjelp fra R\u00f8kke og Gjelsten. Foto: NTB\n    <\/p>\n<p>&#8211; \u00c5ge hadde en unik evne til \u00e5 samle mennesker, til \u00e5 gi h\u00e5p og til \u00e5 bygge lag &#8211; b\u00e5de p\u00e5 banen og i livet. Jeg er dypt takknemlig for alle samtalene, for varmen og for den klokskapen han delte. Vi har mistet en stor mann, men arven hans vil leve videre i alt han har inspirert oss til \u00e5 gj\u00f8re. Mine tanker g\u00e5 n\u00e5 til \u00c5ges familie og hans n\u00e6rmeste, sa R\u00f8kke til avisen.<\/p>\n<p>        BEHANDLING: Landslagstrener St\u00e5le Solbakken forklarer merket i hodet. Video: NTB, B\u00e5rd S\u00f8r\u00f8 Olsen\/Dagbladet TV-sporten<\/p>\n<p>Bisettelsen blir en kjendistung aff\u00e6re, med flere artister som skal opptre.<\/p>\n<p class=\"\">Blant dem er vinneren av \u00abThe Voice\u00bb og \u00abStjernekamp\u00bb, Knut Marius Djupvik (37), fra Tomrefjorden ved Molde. Molde-profilene Ane Brun (49) og Jo Nesb\u00f8 (65) skal ogs\u00e5 bidra i bisettelsen.<\/p>\n","protected":false},"excerpt":{"rendered":"Kjell Inge R\u00f8kke Se og H\u00f8r erfarer at den mediesky mangemilliard\u00e6ren kommer i \u00c5ge Hareides bisettelse. GULLGUTT: \u00c5ge&hellip;\n","protected":false},"author":2,"featured_media":131198,"comment_status":"","ping_status":"","sticky":false,"template":"","format":"standard","meta":{"footnotes":""},"categories":[59],"tags":[11648,380,4104,960,479,99,30,28,29,83,82],"class_list":{"0":"post-131197","1":"post","2":"type-post","3":"status-publish","4":"format-standard","5":"has-post-thumbnail","7":"category-sport","8":"tag-age-hareide","9":"tag-bisettelse","10":"tag-eksklusivt","11":"tag-kjell-inge-rokke","12":"tag-kjendis","13":"tag-molde","14":"tag-no","15":"tag-norge","16":"tag-norway","17":"tag-sport","18":"tag-sports"},"share_on_mastodon":{"url":"https:\/\/pubeurope.com\/@no\/115854339158634556","error":""},"_links":{"self":[{"href":"https:\/\/www.europesays.com\/no\/wp-json\/wp\/v2\/posts\/131197","targetHints":{"allow":["GET"]}}],"collection":[{"href":"https:\/\/www.europesays.com\/no\/wp-json\/wp\/v2\/posts"}],"about":[{"href":"https:\/\/www.europesays.com\/no\/wp-json\/wp\/v2\/types\/post"}],"author":[{"embeddable":true,"href":"https:\/\/www.europesays.com\/no\/wp-json\/wp\/v2\/users\/2"}],"replies":[{"embeddable":true,"href":"https:\/\/www.europesays.com\/no\/wp-json\/wp\/v2\/comments?post=131197"}],"version-history":[{"count":0,"href":"https:\/\/www.europesays.com\/no\/wp-json\/wp\/v2\/posts\/131197\/revisions"}],"wp:featuredmedia":[{"embeddable":true,"href":"https:\/\/www.europesays.com\/no\/wp-json\/wp\/v2\/media\/131198"}],"wp:attachment":[{"href":"https:\/\/www.europesays.com\/no\/wp-json\/wp\/v2\/media?parent=131197"}],"wp:term":[{"taxonomy":"category","embeddable":true,"href":"https:\/\/www.europesays.com\/no\/wp-json\/wp\/v2\/categories?post=131197"},{"taxonomy":"post_tag","embeddable":true,"href":"https:\/\/www.europesays.com\/no\/wp-json\/wp\/v2\/tags?post=131197"}],"curies":[{"name":"wp","href":"https:\/\/api.w.org\/{rel}","templated":true}]}}