{"id":131201,"date":"2026-01-07T14:45:21","date_gmt":"2026-01-07T14:45:21","guid":{"rendered":"https:\/\/www.europesays.com\/no\/131201\/"},"modified":"2026-01-07T14:45:21","modified_gmt":"2026-01-07T14:45:21","slug":"snovaeret-det-er-nok-til-a-skape-trobbel-i-trafikken-fvn-no","status":"publish","type":"post","link":"https:\/\/www.europesays.com\/no\/131201\/","title":{"rendered":"Sn\u00f8v\u00e6ret: \u2013 Det er nok til \u00e5 skape tr\u00f8bbel i trafikken &#8211; fvn.no"},"content":{"rendered":"<ol>\n<li><a href=\"https:\/\/news.google.com\/rss\/articles\/CBMinwFBVV95cUxOMm55UHNkSHNXREFfTGpHb0ppeVQ5TUN5b1l0MTVVNkpHc3UxbDlwWGdSNHlDN3cwVXdzd05GWGNwVFRwQkxYY3EyNHBvaWJ2YmxkT0dnNlhHMWcyRndLbWRjRDdVS3ZJbDJ1WS1VaXd0SDZsSjlkeTlVWGlaVXZlVmhkcDJiZ2dQZUdZeG91WmcyVjJyNE1RTXZza1d3eFE?oc=5\" target=\"_blank\" rel=\"nofollow noopener\">Sn\u00f8v\u00e6ret: \u2013 Det er nok til \u00e5 skape tr\u00f8bbel i trafikken<\/a>&nbsp;&nbsp;fvn.no<\/li>\n<li><a href=\"https:\/\/news.google.com\/rss\/articles\/CBMif0FVX3lxTE1WRGZzVEFLdGs5dFlySDk5cDhxYU5mNUlMRzJtRjJNelQwcVdaZC1WR1FCbE9rSTc3ZHY2WmNRemNJOHdrWlF5UklSVXlhQVNWVkFZWDUzb0tsSzIteFMwakI0X194b05CdjFYMU9CYWJlUlJtemYyMG5YVXEyeEU?oc=5\" target=\"_blank\" rel=\"nofollow noopener\">Gult farevarsel p\u00e5 \u00d8stlandet: Kan komme 25 cm sn\u00f8<\/a>&nbsp;&nbsp;NRK<\/li>\n<li><a href=\"https:\/\/news.google.com\/rss\/articles\/CBMihgFBVV95cUxONWNuNUpQTzFlRXhjUGFxaUlQQ0Vqd3lOTGVnWG1HT1RHTWRCVVc3aUZFbFh2NERWWnlJUGtEN3EwV1RUS0ZGUmZWUDZnOS1fT3VxYkxhZXhXZzNmZWo0eS1nRW1Gd1J5Y0VEd0pkSHN3TFE1OVBtZ1V0aUx3NHZmemJELUNKQQ?oc=5\" target=\"_blank\" rel=\"nofollow noopener\">Frode Samuelsen, Sn\u00f8 | \u2013 Har sendt hjem folk n\u00e5, s\u00e5 de er klare i kveld<\/a>&nbsp;&nbsp;Fredriksstad Blad<\/li>\n<li><a href=\"https:\/\/news.google.com\/rss\/articles\/CBMikgFBVV95cUxNekhsMU5FMC1rNHcyaDF1RHRjZmZ2bzNBTHBidVJtcGw0NzBMMjRFUGdvX3FUY2NtT0plU3p1UUdlSEFCQTdnR1JuV2ZHdDd6VVVUVDA1UGNTU0dZN1VCTzFGaFRReU9wekc0X1RURkZudXJnN3VnMmwxSWI1TG1QQU51TTRhMXJTWmtOM2I3Zl9VUQ?oc=5\" target=\"_blank\" rel=\"nofollow noopener\">Prognosene har snudd: Dette sier meteorologen<\/a>&nbsp;&nbsp;agderposten.no<\/li>\n<li><a href=\"https:\/\/news.google.com\/rss\/articles\/CBMiygFBVV95cUxNWmFVdVY5b2F2VEpaRkFVS1NEcTB5NzltaEotQTF4ZVN2a1BBazZndDh2SGFjOEdoTVAyMS1RZFhDOGlfWGp3OGVDZzk2emFGWUtwcTJCZXpsckMtSmY3TkJjTUpmZ0JkTlVPZUI5UXZvV0F6cWVXcWl0VWdCSGhXREVBOTROMHZybXFLVDhJdHdLWnFtanNmR1B0Y08tTk1tMGgtaWx3RWZodXFhb2I5RGdKNU8tTl83Y0g0UzdMV1E1MzUzdWJSN25n?oc=5\" target=\"_blank\" rel=\"nofollow noopener\">Gult farevarsel om sn\u00f8 p\u00e5 \u00d8stlandet \u2013 varsler opp mot 25 centimeter<\/a>&nbsp;&nbsp;VG<\/li>\n<\/ol>\n","protected":false},"excerpt":{"rendered":"Sn\u00f8v\u00e6ret: \u2013 Det er nok til \u00e5 skape tr\u00f8bbel i trafikken&nbsp;&nbsp;fvn.no Gult farevarsel p\u00e5 \u00d8stlandet: Kan komme 25&hellip;\n","protected":false},"author":2,"featured_media":131202,"comment_status":"","ping_status":"","sticky":false,"template":"","format":"standard","meta":{"footnotes":""},"categories":[10],"tags":[1309,3851,20,21,12174,24,25,15,331,22,23,1202,13,30,28,29,14,16,6527,26,27,552],"class_list":{"0":"post-131201","1":"post","2":"type-post","3":"status-publish","4":"format-standard","5":"has-post-thumbnail","7":"category-norge","8":"tag-agder","9":"tag-beredskap","10":"tag-breaking-news","11":"tag-breakingnews","12":"tag-broyting","13":"tag-featured-news","14":"tag-featurednews","15":"tag-headlines","16":"tag-kristiansand","17":"tag-latest-news","18":"tag-latestnews","19":"tag-meteorologisk-institutt","20":"tag-news","21":"tag-no","22":"tag-norge","23":"tag-norway","24":"tag-nyheter","25":"tag-overskrifter","26":"tag-sno","27":"tag-top-stories","28":"tag-topstories","29":"tag-vei"},"share_on_mastodon":{"url":"https:\/\/pubeurope.com\/@no\/115854358979575065","error":""},"_links":{"self":[{"href":"https:\/\/www.europesays.com\/no\/wp-json\/wp\/v2\/posts\/131201","targetHints":{"allow":["GET"]}}],"collection":[{"href":"https:\/\/www.europesays.com\/no\/wp-json\/wp\/v2\/posts"}],"about":[{"href":"https:\/\/www.europesays.com\/no\/wp-json\/wp\/v2\/types\/post"}],"author":[{"embeddable":true,"href":"https:\/\/www.europesays.com\/no\/wp-json\/wp\/v2\/users\/2"}],"replies":[{"embeddable":true,"href":"https:\/\/www.europesays.com\/no\/wp-json\/wp\/v2\/comments?post=131201"}],"version-history":[{"count":0,"href":"https:\/\/www.europesays.com\/no\/wp-json\/wp\/v2\/posts\/131201\/revisions"}],"wp:featuredmedia":[{"embeddable":true,"href":"https:\/\/www.europesays.com\/no\/wp-json\/wp\/v2\/media\/131202"}],"wp:attachment":[{"href":"https:\/\/www.europesays.com\/no\/wp-json\/wp\/v2\/media?parent=131201"}],"wp:term":[{"taxonomy":"category","embeddable":true,"href":"https:\/\/www.europesays.com\/no\/wp-json\/wp\/v2\/categories?post=131201"},{"taxonomy":"post_tag","embeddable":true,"href":"https:\/\/www.europesays.com\/no\/wp-json\/wp\/v2\/tags?post=131201"}],"curies":[{"name":"wp","href":"https:\/\/api.w.org\/{rel}","templated":true}]}}