{"id":131219,"date":"2026-01-07T15:03:11","date_gmt":"2026-01-07T15:03:11","guid":{"rendered":"https:\/\/www.europesays.com\/no\/131219\/"},"modified":"2026-01-07T15:03:11","modified_gmt":"2026-01-07T15:03:11","slug":"rob-reiners-sonn-moter-i-retten-i-dag-for-drap-pa-foreldrene","status":"publish","type":"post","link":"https:\/\/www.europesays.com\/no\/131219\/","title":{"rendered":"Rob Reiners s\u00f8nn m\u00f8ter i retten i dag for drap p\u00e5 foreldrene"},"content":{"rendered":"\n<p class=\"_lead_o9xde_2 _lead_xtcu6_50 layout-component text-serif-m layout-normal text-serif-l layout-component layout-wide layout-padded _wide_17hqh_1 layout-padded\">Nick Reiner (32) er anklaget for \u00e5 ha drept begge foreldrene.<\/p>\n<p><img alt=\"Ekteparet ble funnet d\u00f8de i sitt hjem 14. desember. Foto: David Livingston \/ Getty Images\" class=\"_image_qp4xg_65 layout-component layout-wide\" data-fullscreen- data-track-element-type=\"Article image fullscreen\" data-track-name=\"ImageFullscreen\" fetchpriority=\"high\" decoding=\"sync\" loading=\"eager\" height=\"2421\" itemprop=\"image\"  src=\"https:\/\/www.europesays.com\/no\/wp-content\/uploads\/2026\/01\/6015a1ec-2074-47e8-b123-08e68f5ee991.jpeg\"  style=\"object-position:0% 0%\" width=\"3000\"\/>Ekteparet ble funnet d\u00f8de i sitt hjem 14. desember. Foto: David Livingston \/ Getty Images<\/p>\n<ul aria-hidden=\"true\" class=\"_images_ntbth_112\">\n<li><a class=\"_link_ntbth_117\" href=\"https:\/\/www.vg.no\/forfatter\/hanne-kretuz-hansen\" style=\"z-index:1\" title=\"Hanne Kreutz-Hansen\" rel=\"nofollow noopener\" target=\"_blank\"><img alt=\"Bilde av Hanne Kreutz-Hansen\" class=\"_image_ntbth_93\" fetchpriority=\"low\" loading=\"lazy\" decoding=\"async\" itemprop=\"image\"  src=\"https:\/\/www.europesays.com\/no\/wp-content\/uploads\/2026\/01\/1767798188_827_91499188-43f5-43fa-b038-5716eac94ffb.jpeg\"  width=\"480\"\/><\/a><\/li>\n<\/ul>\n<p> Oppdatert onsdag 7. januar kl. 15:28    <\/p>\n<ul class=\"_list_o9xde_3 _list_64s2r_85 _unordered_o9xde_106 text-sans-m\">\n<li class=\"_item_o9xde_30\">Nick Reiner (32) er anklaget for \u00e5 ha drept sine foreldre, Rob og Michele Reiner.<\/li>\n<li class=\"_item_o9xde_30\">Han m\u00f8ter i retten onsdag for \u00e5 avgi forklaring.<\/li>\n<li class=\"_item_o9xde_30\">Saken har skapt stor oppmerksomhet p\u00e5 grunn av Nick Reiners kjente foreldre.<\/li>\n<li class=\"_item_o9xde_30\">Nick risikerer livstid i fengsel eller d\u00f8dsstraff hvis han blir d\u00f8mt.<\/li>\n<\/ul>\n<p>Vis mer <\/p>\n<p class=\"_paragraph_o9xde_4 _paragraph_xtcu6_10 layout-component text-serif-m layout-normal text-serif-m layout-padded\">Onsdag m\u00e5 s\u00f8nnen til den kjente Hollywood-regiss\u00f8ren Rob Reiner m\u00f8te i retten for \u00e5 avgi forklaring til drapssiktelsen mot ham<\/p>\n<p class=\"_paragraph_o9xde_4 _paragraph_xtcu6_10 layout-component text-serif-m layout-normal text-serif-m layout-padded\">Han er<a href=\"https:\/\/www.vg.no\/rampelys\/i\/WvLMMK\/rob-reiner-og-kona-doede-soennen-er-i-varetekt\" data-track-element-type=\"Link\" data-track-id=\"link:WvLMMK\" class=\"_link_o9xde_39\" rel=\"nofollow noopener\" target=\"_blank\"> siktet<\/a> for \u00e5 ha drept foreldrene Rob Reiner (78) og Michele Reiner (70) med kniv i deres hjem i Vest-<a href=\"https:\/\/www.vg.no\/tag\/los-angeles?utm_source=vg-article&amp;utm_medium=auto-tagger&amp;utm_campaign=zOGvOw\" class=\"_link_o9xde_39\" rel=\"nofollow noopener\" target=\"_blank\">Los Angeles<\/a> 14. desember, melder\u00a0<a href=\"https:\/\/www.reuters.com\/\" class=\"_link_o9xde_39\" rel=\"nofollow noopener\" target=\"_blank\">Reuters<\/a>. <\/p>\n<p class=\"_paragraph_o9xde_4 _paragraph_xtcu6_10 layout-component text-serif-m layout-normal text-serif-m layout-padded\">Det er ikke kjent om han har erkjent eller nektet straffskyld i saken.<\/p>\n<p><img alt=\"Nick Reiner p\u00e5 kinopremiere av filmen \u00abSpinal Tap II: The End Continues'\u00bb i LA i september.  Foto: Aude Guerrucci \/ Reuters \/ NTB\" class=\"_image_qp4xg_65 layout-component layout-normal\" data-fullscreen- data-track-element-type=\"Article image fullscreen\" data-track-name=\"ImageFullscreen\" decoding=\"async\" loading=\"lazy\" height=\"513\" itemprop=\"image\"  src=\"https:\/\/www.europesays.com\/no\/wp-content\/uploads\/2026\/01\/5aa7b1c5-4d80-4b54-b71b-173b86bc4694.jpeg\"  style=\"object-position:0% 0%\" width=\"634\"\/>Nick Reiner p\u00e5 kinopremiere av filmen \u00abSpinal Tap II: The End Continues&#8217;\u00bb i LA i september.  Foto: Aude Guerrucci \/ Reuters \/ NTB<\/p>\n<p class=\"_paragraph_o9xde_4 _paragraph_xtcu6_10 layout-component text-serif-m layout-normal text-serif-m layout-padded\">If\u00f8lge Reuters skal Reiner ha<a href=\"https:\/\/www.vg.no\/nyheter\/i\/oERqGR\/familiekrangel-paa-juleselskap-kvelden-foer-drapet\" data-track-element-type=\"Link\" data-track-id=\"link:oERqGR\" class=\"_link_o9xde_39\" rel=\"nofollow noopener\" target=\"_blank\"> kranglet<\/a> med foreldrene p\u00e5 en julefest hos komiker Conan O&#8217;Brien kvelden f\u00f8r drapet. S\u00f8nnen hadde bodd i et gjestehus p\u00e5 foreldrenes eiendom og har tidligere slitt med rusproblemer og hjeml\u00f8shet.<\/p>\n<p><img alt=\"POlitiet i Los Angeles har bekreftet at Rob Reiner og hans kone Michele Singer Reiner ble funnet  i deres hjem i Brentwood.  Foto: MARIO TAMA \/ AFP \/ NTB\" class=\"_image_qp4xg_65 layout-component layout-normal\" data-fullscreen- data-track-element-type=\"Article image fullscreen\" data-track-name=\"ImageFullscreen\" decoding=\"async\" loading=\"lazy\" height=\"4552\" itemprop=\"image\"  src=\"https:\/\/www.europesays.com\/no\/wp-content\/uploads\/2026\/01\/9b7224ca-1ad9-4006-baa5-90500ea7ec6f.png\"  style=\"object-position:0% 0%\" width=\"6703\"\/>POlitiet i Los Angeles har bekreftet at Rob Reiner og hans kone Michele Singer Reiner ble funnet  i deres hjem i Brentwood.  Foto: MARIO TAMA \/ AFP \/ NTB<\/p>\n<p class=\"_paragraph_o9xde_4 _paragraph_xtcu6_10 layout-component text-serif-m layout-normal text-serif-m layout-padded\">Obduksjonene viste at begge foreldrene d\u00f8de av \u00abflere skarpe skader\u00bb, if\u00f8lge p\u00e5talemyndigheten. Nick Reiner ble p\u00e5grepet flere timer etter at likene ble funnet, n\u00e6r en park i sentrum av Los Angeles. <\/p>\n<p><img alt=\"Nick Reiner var if\u00f8rt en bl\u00e5 drakt, som ofte brukes n\u00e5r arresterte eller fengslede kan skade seg selv under fengslingsm\u00f8tet 17. desember.  Foto: Mona Edwards \/ Reuters \/ NTB\" class=\"_image_qp4xg_65 layout-component layout-normal\" data-fullscreen- data-track-element-type=\"Article image fullscreen\" data-track-name=\"ImageFullscreen\" decoding=\"async\" loading=\"lazy\" height=\"2998\" itemprop=\"image\"  src=\"https:\/\/www.europesays.com\/no\/wp-content\/uploads\/2026\/01\/512f7511-e0ac-4c6a-8925-c4a30dc759be.png\"  style=\"object-position:0% 0%\" width=\"3729\"\/>Nick Reiner var if\u00f8rt en bl\u00e5 drakt, som ofte brukes n\u00e5r arresterte eller fengslede kan skade seg selv under fengslingsm\u00f8tet 17. desember.  Foto: Mona Edwards \/ Reuters \/ NTB<\/p>\n<p class=\"_paragraph_o9xde_4 _paragraph_xtcu6_10 layout-component text-serif-m layout-normal text-serif-m layout-padded\">Reiner m\u00f8tte i retten <a href=\"https:\/\/www.vg.no\/rampelys\/i\/vrm4Mw\/nick-reiner-i-retten-for-foerste-gang-etter-drapet-paa-foreldrene\" data-track-element-type=\"Link\" data-track-id=\"link:vrm4Mw\" class=\"_link_o9xde_39\" rel=\"nofollow noopener\" target=\"_blank\">f\u00f8rste gang <\/a>17. desember.<strong class=\"_strong_o9xde_25\"> <\/strong>Den korte h\u00f8ringen varte bare i noen minutter, meldte\u00a0<a href=\"https:\/\/www.bbc.com\/news\/articles\/cx239pp7gl7o\" class=\"_link_o9xde_39\" rel=\"nofollow noopener\" target=\"_blank\">BBC.<\/a><\/p>\n<p class=\"_paragraph_o9xde_4 _paragraph_xtcu6_10 layout-component text-serif-m layout-normal text-serif-m layout-padded\">Hans forsvarer Alan Jackson har ikke oppgitt grunnen til at den f\u00f8rste rettsh\u00f8ringen ble utsatt i tre uker.<\/p>\n<p class=\"_paragraph_o9xde_4 _paragraph_xtcu6_10 layout-component text-serif-m layout-normal text-serif-m layout-padded\">\u2013 Det er sv\u00e6rt komplekse og alvorlige sp\u00f8rsm\u00e5l som m\u00e5 behandles grundig og forsiktig, sa Jackson til journalister.<\/p>\n<p class=\"_paragraph_o9xde_4 _paragraph_xtcu6_10 layout-component text-serif-m layout-normal text-serif-m layout-padded\">Men <a href=\"https:\/\/www.nbclosangeles.com\/video\/news\/local\/source-nick-reiner-no-longer-on-suicide-watch\/3827486\/\" class=\"_link_o9xde_39\" rel=\"nofollow noopener\" target=\"_blank\">flere<\/a> amerikanske <a href=\"https:\/\/www.foxnews.com\/entertainment\/nick-reiner-removed-from-suicide-watch-ahead-arraignment-parents-deaths-report\" class=\"_link_o9xde_39\" rel=\"nofollow noopener\" target=\"_blank\">medier<\/a> melder at Reiner har v\u00e6rt p\u00e5 <a href=\"https:\/\/www.foxla.com\/news\/nick-reiner-taken-off-suicide-watch-before-arraignment\" class=\"_link_o9xde_39\" rel=\"nofollow noopener\" target=\"_blank\">selvmordsoverv\u00e5king<\/a> siden p\u00e5gripelsen, og at han skal v\u00e6re ute av denne overv\u00e5kningen n\u00e5.<\/p>\n<p><img alt=\"Rob Reiner og kona Michele p\u00e5 en middag for  Det hvite hus-journalister i 2018. N\u00e5 er s\u00f8nnen siktet for to tilfeller av overlagt drap.  Foto: Aaron P. Bernstein \/ Reuters \/ NTB\" class=\"_image_qp4xg_65 layout-component layout-normal\" data-fullscreen- data-track-element-type=\"Article image fullscreen\" data-track-name=\"ImageFullscreen\" decoding=\"async\" loading=\"lazy\" height=\"3500\" itemprop=\"image\"  src=\"https:\/\/www.europesays.com\/no\/wp-content\/uploads\/2026\/01\/6b154b80-1d85-4290-bc19-d9a59cb8164d.jpeg\"  style=\"object-position:0% 0%\" width=\"2333\"\/>Rob Reiner og kona Michele p\u00e5 en middag for  Det hvite hus-journalister i 2018. N\u00e5 er s\u00f8nnen siktet for to tilfeller av overlagt drap.  Foto: Aaron P. Bernstein \/ Reuters \/ NTB<\/p>\n<p class=\"_paragraph_o9xde_4 _paragraph_xtcu6_10 layout-component text-serif-m layout-normal text-serif-m layout-padded\">Hvis Reiner blir d\u00f8mt, <a href=\"https:\/\/www.vg.no\/nyheter\/i\/aJ2AQA\/nye-detaljer-om-hvordan-reiner-ekteparet-ble-funnet-drept\" data-track-element-type=\"Link\" data-track-id=\"link:aJ2AQA\" class=\"_link_o9xde_39\" rel=\"nofollow noopener\" target=\"_blank\">risikerer han livstid<\/a> i fengsel uten mulighet for pr\u00f8vel\u00f8slatelse, eller d\u00f8dsstraff.<\/p>\n<p class=\"_paragraph_o9xde_4 _paragraph_xtcu6_10 layout-component text-serif-m layout-normal text-serif-m layout-padded\">Statsadvokat Nathan Hochman har sagt at aktoratet enn\u00e5 ikke har bestemt seg for om de skal begj\u00e6re d\u00f8dsdom.<\/p>\n<p class=\"_paragraph_o9xde_4 _paragraph_xtcu6_10 layout-component text-serif-m layout-normal text-serif-m layout-padded\">D\u00f8dsstraff er fortsatt gjeldende i California, men ingen har blitt henrettet i staten siden 2006, og guvern\u00f8r Gavin Newsom innf\u00f8rte et ubestemt moratorium for henrettelser i 2019.<\/p>\n<p><img alt=\"Foto: Richard Shotwell \/ AP \/ NTB\" class=\"_image_qp4xg_65 layout-component layout-normal\" data-fullscreen- data-track-element-type=\"Article image fullscreen\" data-track-name=\"ImageFullscreen\" decoding=\"async\" loading=\"lazy\" height=\"2461\" itemprop=\"image\"  src=\"https:\/\/www.europesays.com\/no\/wp-content\/uploads\/2026\/01\/a42687f9-237e-429b-8338-19cb2f752565.png\"  style=\"object-position:0% 0%\" width=\"3692\"\/>Foto: Richard Shotwell \/ AP \/ NTB<\/p>\n<p class=\"_paragraph_o9xde_4 _paragraph_xtcu6_10 layout-component text-serif-m layout-normal text-serif-m layout-padded\">Nick Reiner, som offentlig har erkjent en \u00e5relang kamp med narkotikaavhengighet og perioder med hjeml\u00f8shet, hadde bodd i et gjestehus p\u00e5 foreldrenes eiendom. Han ble arrestert i n\u00e6rheten av en park i Los Angeles sentrum flere timer etter at likene deres ble funnet.<\/p>\n<p class=\"_paragraph_o9xde_4 _paragraph_xtcu6_10 layout-component text-serif-m layout-normal text-serif-m layout-padded\">Rob Reiner var en kjent skuespiller og regiss\u00f8r som blant annet regisserte filmen \u00abWhen Harry Met Sally\u00bb, \u00abA Few Good Men\u00bb, \u00abMisery\u00bb og \u00abThe American President\u00bb.<\/p>\n<p class=\"_paragraph_o9xde_4 _paragraph_xtcu6_10 layout-component text-serif-m layout-normal text-serif-m layout-padded\">Hans siste film, en oppf\u00f8lger til mockumentary-filmen \u00abThis Is Spinal Tap\u00bb, ble utgitt i september. Hans kone, Michele, var fotograf. Paret m\u00f8ttes da han regisserte \u00abWhen Harry Met Sally&#8230;\u00bb og giftet seg i 1989.<\/p>\n<p class=\"_paragraph_o9xde_4 _paragraph_xtcu6_10 layout-component text-serif-m layout-normal text-serif-m layout-padded\">S\u00f8sknene fortalte f\u00f8r jul om en <a href=\"https:\/\/www.vg.no\/rampelys\/i\/43dyGe\/nick-reiner-i-retten-siktet-for-drapet-paa-foreldrene-rob-reiner-og-michele-singer-reiner\" data-track-element-type=\"Link\" data-track-id=\"link:43dyGe\" class=\"_link_o9xde_39\" rel=\"nofollow noopener\" target=\"_blank\">ubeskrivelig smerte<\/a>.<\/p>\n","protected":false},"excerpt":{"rendered":"Nick Reiner (32) er anklaget for \u00e5 ha drept begge foreldrene. Ekteparet ble funnet d\u00f8de i sitt hjem&hellip;\n","protected":false},"author":2,"featured_media":131220,"comment_status":"","ping_status":"","sticky":false,"template":"","format":"standard","meta":{"footnotes":""},"categories":[12],"tags":[20,21,3512,377,24,25,15,22,23,721,13,30,28,29,14,16,26,27,42,46,43,44,45],"class_list":{"0":"post-131219","1":"post","2":"type-post","3":"status-publish","4":"format-standard","5":"has-post-thumbnail","7":"category-verden","8":"tag-breaking-news","9":"tag-breakingnews","10":"tag-dodsstraff","11":"tag-drap","12":"tag-featured-news","13":"tag-featurednews","14":"tag-headlines","15":"tag-latest-news","16":"tag-latestnews","17":"tag-los-angeles","18":"tag-news","19":"tag-no","20":"tag-norge","21":"tag-norway","22":"tag-nyheter","23":"tag-overskrifter","24":"tag-top-stories","25":"tag-topstories","26":"tag-verden","27":"tag-vgai","28":"tag-world","29":"tag-world-news","30":"tag-worldnews"},"share_on_mastodon":{"url":"https:\/\/pubeurope.com\/@no\/115854430101969306","error":""},"_links":{"self":[{"href":"https:\/\/www.europesays.com\/no\/wp-json\/wp\/v2\/posts\/131219","targetHints":{"allow":["GET"]}}],"collection":[{"href":"https:\/\/www.europesays.com\/no\/wp-json\/wp\/v2\/posts"}],"about":[{"href":"https:\/\/www.europesays.com\/no\/wp-json\/wp\/v2\/types\/post"}],"author":[{"embeddable":true,"href":"https:\/\/www.europesays.com\/no\/wp-json\/wp\/v2\/users\/2"}],"replies":[{"embeddable":true,"href":"https:\/\/www.europesays.com\/no\/wp-json\/wp\/v2\/comments?post=131219"}],"version-history":[{"count":0,"href":"https:\/\/www.europesays.com\/no\/wp-json\/wp\/v2\/posts\/131219\/revisions"}],"wp:featuredmedia":[{"embeddable":true,"href":"https:\/\/www.europesays.com\/no\/wp-json\/wp\/v2\/media\/131220"}],"wp:attachment":[{"href":"https:\/\/www.europesays.com\/no\/wp-json\/wp\/v2\/media?parent=131219"}],"wp:term":[{"taxonomy":"category","embeddable":true,"href":"https:\/\/www.europesays.com\/no\/wp-json\/wp\/v2\/categories?post=131219"},{"taxonomy":"post_tag","embeddable":true,"href":"https:\/\/www.europesays.com\/no\/wp-json\/wp\/v2\/tags?post=131219"}],"curies":[{"name":"wp","href":"https:\/\/api.w.org\/{rel}","templated":true}]}}