{"id":13123,"date":"2025-08-20T11:42:09","date_gmt":"2025-08-20T11:42:09","guid":{"rendered":"https:\/\/www.europesays.com\/no\/13123\/"},"modified":"2025-08-20T11:42:09","modified_gmt":"2025-08-20T11:42:09","slug":"havard-lilleheie-om-fengselsoppholdet-kokte-inni-meg","status":"publish","type":"post","link":"https:\/\/www.europesays.com\/no\/13123\/","title":{"rendered":"H\u00e5vard Lilleheie om fengselsoppholdet: &#8211; Kokte inni meg"},"content":{"rendered":"<p class=\"kicker \" style=\"\">H\u00e5vard Lilleheie:<\/p>\n<p>  TV-profilen ble satt p\u00e5 glattcelle og bedt om \u00e5 kle av seg da politiet fant hasj i madrassen hans.<\/p>\n<p>\n    R\u00c5KJ\u00d8RTE: H\u00e5vard Lilleheie sonet 18 dager i fengsel for rundt 20 \u00e5r siden. Foto: Andreas Fadum \/ Se og H\u00f8r\n  <\/p>\n<p>I 2005 satte TV-profil H\u00e5vard Lilleheie (52) seg bak rattet for \u00e5 kj\u00f8re det som skulle bli en minnerik tur.<\/p>\n<p>Den tidligere \u00abManshow\u00bb-programlederen ble nemlig tatt p\u00e5 fersken da han kj\u00f8rte i 153 km\/t i 80-sonen, og ble dermed d\u00f8mt til 18 dager i fengsel, noe han tidligere har snakket \u00e5pent om i b\u00e5de Dagbladet og \u00ab24 stjerners julekalender\u00bb.<\/p>\n<p>Rundt 20 \u00e5r har g\u00e5tt siden soningen, men det er fortsatt \u00e9n hendelse i Hof fengsel som Lilleheie husker godt.\u00a0<\/p>\n<p>    <a itemprop=\"url\" href=\"https:\/\/www.dagbladet.no\/kjendis\/raser-pa-premiere-nok-er-nok\/83478384\" rel=\"nofollow noopener\" target=\"_blank\"><\/p>\n<p>      <img loading=\"lazy\" decoding=\"async\" src=\"https:\/\/www.europesays.com\/no\/wp-content\/uploads\/2025\/08\/83478605.webp\" width=\"980\" height=\"441\" title=\"Raser p\u00e5 premiere: - Nok er nok\" alt=\"\" class=\"lazyload\" style=\"--aspect-ratio-image: 2.22; \"\/><\/p>\n<p>        Raser p\u00e5 premiere: &#8211; Nok er nok<\/p>\n<p>    <\/a><\/p>\n<p>52-\u00e5ringen var p\u00e5 sin andre uke av oppholdet i det n\u00e5 nedlagte fengselet da han ble tatt med p\u00e5 omvisning av omr\u00e5dets snekkerverksted, forteller han til \u00ab<a href=\"https:\/\/radio.nrk.no\/serie\/drivkraft\/MKAK05010325\" target=\"_blank\" rel=\"nofollow noopener\">Drivkraft\u00bb<\/a>.<\/p>\n<p>Plutselig ble han m\u00f8tt av en Gel\u00e4ndewagen, en sch\u00e4ferhund og en politibetjent.<\/p>\n<p>&#8211; Alle fikk beskjed om \u00e5 st\u00e5 helt stille og ikke r\u00f8re seg. Hunden gjorde jobben sin og de gikk inn i kasernen vi bodde p\u00e5.<\/p>\n<p>        G\u00c5R GALT: Det gikk ikke helt som det skulle da H\u00e5vard Lilleheie pr\u00f8vde \u00e5 kvele en nys under \u00abCamp Kulinaris\u00bb. Video: Viaplay<\/p>\n<p>Lilleheie forteller at han kort tid seinere ble opps\u00f8kt av\u00a0\u00aben av de snille vaktene\u00bb.<\/p>\n<p>&#8211; Da ble jeg satt p\u00e5 glattcelle. Jeg tenkte bare:\u00a0\u00abHva er dette her? S\u00e5 fullstendig ufortjent\u00bb. Det kokte inni meg. Jeg kom p\u00e5 et rom med vakten og andre politibetjenter som fortalte meg at det hadde blitt funnet hasj i madrassen min, og at jeg m\u00e5tte kle meg naken og sette meg p\u00e5 huk.<\/p>\n<p>    <a itemprop=\"url\" href=\"https:\/\/www.dagbladet.no\/kjendis\/politiet-kjopte-truse-til-meg\/83474221\" rel=\"nofollow noopener\" target=\"_blank\"><\/p>\n<p>      <img loading=\"lazy\" decoding=\"async\" src=\"https:\/\/www.europesays.com\/no\/wp-content\/uploads\/2025\/08\/83471693.webp\" width=\"980\" height=\"441\" title=\"- Politiet kj\u00f8pte truse til meg\" alt=\"\" class=\"lazyload\" style=\"--aspect-ratio-image: 2.22; \"\/><\/p>\n<p>        &#8211; Politiet kj\u00f8pte truse til meg<\/p>\n<p>    <\/a><\/p>\n<p>Det skal heldigvis ikke ha blitt funnet noe hasj p\u00e5 kroppen til Lilleheie, og han forteller at han raskt fikk ta p\u00e5 seg kl\u00e6rne igjen.<\/p>\n<p>Men 52-\u00e5ringen var likevel langt fra forn\u00f8yd.<\/p>\n<p>&#8211; Da hadde jeg allerede surnet veldig. Det var et \u00e5pent fengsel og jeg bodde med en annen fyr. Jeg forklarte dem tydelig at vi bor p\u00e5 dobbeltrom og at alt er \u00e5pent &#8211; hvem som helst kan komme inn. Hvis jeg var mistenkt s\u00e5 ville jeg vite det med en gang, og da skulle jeg ha advokat. Jeg ba dem teste h\u00e5r, urin, blod &#8211; alt. S\u00e5 gikk det til slutt greit og de skj\u00f8nte at det ikke var meg.<\/p>\n<p>        \u00ab16 UKERS HELVETE\u00bb: H\u00e5vard Lilleheie f\u00e5r pr\u00f8ve seg p\u00e5 bryting. Det blir hardere enn han hadde trodd. Video: Discovery +. Reporter: Celina Morken<\/p>\n<p>Det er tydelig at fengselsoppholdet satte spor hos Lilleheie, som understreker at det aldri har fristet \u00e5 r\u00e5kj\u00f8re etter soningen.<\/p>\n","protected":false},"excerpt":{"rendered":"H\u00e5vard Lilleheie: TV-profilen ble satt p\u00e5 glattcelle og bedt om \u00e5 kle av seg da politiet fant hasj&hellip;\n","protected":false},"author":2,"featured_media":13124,"comment_status":"","ping_status":"","sticky":false,"template":"","format":"standard","meta":{"footnotes":""},"categories":[5],"tags":[20,21,24,25,2549,15,19,479,22,23,17,18,13,30,28,29,14,16,26,27],"class_list":{"0":"post-13123","1":"post","2":"type-post","3":"status-publish","4":"format-standard","5":"has-post-thumbnail","7":"category-overskrifter","8":"tag-breaking-news","9":"tag-breakingnews","10":"tag-featured-news","11":"tag-featurednews","12":"tag-havard-lilleheie","13":"tag-headlines","14":"tag-hovedoppslag","15":"tag-kjendis","16":"tag-latest-news","17":"tag-latestnews","18":"tag-main-news","19":"tag-mainnews","20":"tag-news","21":"tag-no","22":"tag-norge","23":"tag-norway","24":"tag-nyheter","25":"tag-overskrifter","26":"tag-top-stories","27":"tag-topstories"},"share_on_mastodon":{"url":"","error":""},"_links":{"self":[{"href":"https:\/\/www.europesays.com\/no\/wp-json\/wp\/v2\/posts\/13123","targetHints":{"allow":["GET"]}}],"collection":[{"href":"https:\/\/www.europesays.com\/no\/wp-json\/wp\/v2\/posts"}],"about":[{"href":"https:\/\/www.europesays.com\/no\/wp-json\/wp\/v2\/types\/post"}],"author":[{"embeddable":true,"href":"https:\/\/www.europesays.com\/no\/wp-json\/wp\/v2\/users\/2"}],"replies":[{"embeddable":true,"href":"https:\/\/www.europesays.com\/no\/wp-json\/wp\/v2\/comments?post=13123"}],"version-history":[{"count":0,"href":"https:\/\/www.europesays.com\/no\/wp-json\/wp\/v2\/posts\/13123\/revisions"}],"wp:featuredmedia":[{"embeddable":true,"href":"https:\/\/www.europesays.com\/no\/wp-json\/wp\/v2\/media\/13124"}],"wp:attachment":[{"href":"https:\/\/www.europesays.com\/no\/wp-json\/wp\/v2\/media?parent=13123"}],"wp:term":[{"taxonomy":"category","embeddable":true,"href":"https:\/\/www.europesays.com\/no\/wp-json\/wp\/v2\/categories?post=13123"},{"taxonomy":"post_tag","embeddable":true,"href":"https:\/\/www.europesays.com\/no\/wp-json\/wp\/v2\/tags?post=13123"}],"curies":[{"name":"wp","href":"https:\/\/api.w.org\/{rel}","templated":true}]}}