{"id":131252,"date":"2026-01-07T15:45:10","date_gmt":"2026-01-07T15:45:10","guid":{"rendered":"https:\/\/www.europesays.com\/no\/131252\/"},"modified":"2026-01-07T15:45:10","modified_gmt":"2026-01-07T15:45:10","slug":"trump-langer-ut-mot-norge-og-fredsprisen-tapelig","status":"publish","type":"post","link":"https:\/\/www.europesays.com\/no\/131252\/","title":{"rendered":"Trump langer ut mot Norge og freds\u00adprisen: \u2013 T\u00e5pelig"},"content":{"rendered":"\n<p class=\"_lead_o9xde_2 _lead_xtcu6_50 layout-component text-serif-m layout-normal text-serif-l layout-component layout-wide layout-padded _wide_17hqh_1 layout-padded\">Samtidig sier presidenten at han tviler p\u00e5 at Nato vil stille seg bak USA. <\/p>\n<p><img alt=\"Her avbildet under en tale tirsdag 6. januar. Foto: Evan Vucci \/ AP \/ NTB\" class=\"_image_qp4xg_65 layout-component layout-wide\" data-fullscreen- data-track-element-type=\"Article image fullscreen\" data-track-name=\"ImageFullscreen\" fetchpriority=\"high\" decoding=\"sync\" loading=\"eager\" height=\"3442\" itemprop=\"image\"  src=\"https:\/\/www.europesays.com\/no\/wp-content\/uploads\/2026\/01\/1767800707_36_043fae7a-1fa2-4587-86d2-ee9587d31c47.jpeg\"  style=\"object-position:0% 0%\" width=\"4590\"\/>Her avbildet under en tale tirsdag 6. januar. Foto: Evan Vucci \/ AP \/ NTB Oppdatert onsdag 7. januar kl. 16:43    <\/p>\n<ul class=\"_list_o9xde_3 _list_64s2r_85 _unordered_o9xde_106 text-sans-m\">\n<li class=\"_item_o9xde_30\">USAs president kritiserer Norge for ikke \u00e5 gi ham Nobels fredspris.<\/li>\n<li class=\"_item_o9xde_30\">Han tviler p\u00e5 at Nato-land vil st\u00f8tte USA i krisetider.<\/li>\n<li class=\"_item_o9xde_30\">Nobelkomiteen kommenterer ikke p\u00e5st\u00e5tte kandidaturer.<\/li>\n<\/ul>\n<p>Vis mer <\/p>\n<p class=\"_paragraph_o9xde_4 _paragraph_xtcu6_10 layout-component text-serif-m layout-normal text-serif-m layout-padded\">I et innlegg p\u00e5 <a href=\"https:\/\/truthsocial.com\/@realDonaldTrump\/posts\/115854352740910460\" class=\"_link_o9xde_39\" rel=\"nofollow noopener\" target=\"_blank\">Truth Social<\/a> kritiserer USAs president Norge for \u00e5 ikke gi han Nobels fredspris. <\/p>\n<p class=\"_paragraph_o9xde_4 _paragraph_xtcu6_10 layout-component text-serif-m layout-normal text-serif-m layout-padded\">Han gjentar at Nato-landene ikke betalte nok til alliansen \u00abf\u00f8r han kom p\u00e5 banen\u00bb. <\/p>\n<p class=\"_paragraph_o9xde_4 _paragraph_xtcu6_10 layout-component text-serif-m layout-normal text-serif-m layout-padded\">Trump hevder igjen at han har avsluttet mange kriger og kritiserer Norge for \u00e5 ikke gi ham fredsprisen. Prisen blir utdelt av Den Norske Nobelkomit\u00e9.<\/p>\n<p class=\"_paragraph_o9xde_4 _paragraph_xtcu6_10 layout-component text-serif-m layout-normal text-serif-m layout-padded\">\u2013 Norge, et NATO-medlem, valgte t\u00e5pelig nok \u00e5 ikke gi meg Nobels fredspris. Men det spiller ingen rolle, skriver presidenten. <\/p>\n<p><img alt=\"Foto: Skjermdump\" class=\"_image_qp4xg_65 layout-component layout-normal\" data-fullscreen- data-track-element-type=\"Article image fullscreen\" data-track-name=\"ImageFullscreen\" decoding=\"async\" loading=\"lazy\" height=\"742\" itemprop=\"image\"  src=\"https:\/\/www.europesays.com\/no\/wp-content\/uploads\/2026\/01\/076b1c23-30d5-4a15-a109-6ed48f11363e.jpeg\"  style=\"object-position:0% 0%\" width=\"508\"\/>Foto: Skjermdump<\/p>\n<p class=\"_paragraph_o9xde_4 _paragraph_xtcu6_10 layout-component text-serif-m layout-normal text-serif-m layout-padded\">I en sms til VG skriver Erik Aasheim, pressekontakt for Nobelkomiteen, at de ikke kommenterer noens angivelige kandidatur. Han legger til at komiteen ikke vil gi noe ytterligere svar til presidentens uttalelser. <\/p>\n<p class=\"_paragraph_o9xde_4 _paragraph_xtcu6_10 layout-component text-serif-m layout-normal text-serif-m layout-padded\">Trump skriver videre i innlegget p\u00e5 Truth Social at han tviler p\u00e5 at Nato ville v\u00e6rt der for USA \u00abhvis de virkelig trengte dem\u00bb, men at USA vil v\u00e6re der for Nato. <\/p>\n<p class=\"_paragraph_o9xde_4 _paragraph_xtcu6_10 layout-component text-serif-m layout-normal text-serif-m layout-padded\">\u2013 Vi vil alltid v\u00e6re der for Nato selv om de ikke vil v\u00e6re der for oss, skriver USAs president.<\/p>\n<p>\u00d8nsker seg Gr\u00f8nland<\/p>\n<p class=\"_paragraph_o9xde_4 _paragraph_xtcu6_10 layout-component text-serif-m layout-normal text-serif-m layout-padded\">I desember ble den venezuelanske opposisjonspolitikeren Maria Corina Machado tildelt Nobels fredspris. <\/p>\n<p class=\"_paragraph_o9xde_4 _paragraph_xtcu6_10 layout-component text-serif-m layout-normal text-serif-m layout-padded\">Da ringte hun selv til USAs president og sa at hun skulle ta imot prisen <a href=\"https:\/\/www.vg.no\/nyheter\/i\/jQ6peA\/donald-trump-hun-ringte-meg-og-sa-jeg-tar-imot-denne-paa-dine-vegne\" data-track-element-type=\"Link\" data-track-id=\"link:jQ6peA\" class=\"_link_o9xde_39\" rel=\"nofollow noopener\" target=\"_blank\">i Donald Trumps navn<\/a>. Dette ble sterkt kritisert. <\/p>\n<p class=\"_paragraph_o9xde_4 _paragraph_xtcu6_10 layout-component text-serif-m layout-normal text-serif-m layout-padded\">L\u00f8rdag utf\u00f8rte USA en milit\u00e6r aksjon i Venezuela der de arresterte deres president Nicol\u00e1s Maduro og hans kone. I ettertid har Trump-administrasjonen gjentatt sine \u00f8nsker om \u00e5 ogs\u00e5 ta over Gr\u00f8nland. <\/p>\n<p><img alt=\"Danmarks utenriksminister etter det topphemmelige krisem\u00f8te tirsdag.   Foto: Naina Hel\u00e9n J\u00e5ma \/ VG\" class=\"_image_qp4xg_65 layout-component layout-normal\" data-fullscreen- data-track-element-type=\"Article image fullscreen\" data-track-name=\"ImageFullscreen\" decoding=\"async\" loading=\"lazy\" height=\"5504\" itemprop=\"image\"  src=\"https:\/\/www.europesays.com\/no\/wp-content\/uploads\/2026\/01\/1767800708_495_e0237657-db59-4f6b-b19b-ba7a6d42c138.jpeg\"  style=\"object-position:0% 0%\" width=\"8256\"\/>Danmarks utenriksminister etter det topphemmelige krisem\u00f8te tirsdag.   Foto: Naina Hel\u00e9n J\u00e5ma \/ VG<\/p>\n<p class=\"_paragraph_o9xde_4 _paragraph_xtcu6_10 layout-component text-serif-m layout-normal text-serif-m layout-padded\">Det har f\u00f8rt til krisem\u00f8te i K\u00f8benhavn og Danmarks statsminister Mette Fredrikson har bedt <a href=\"https:\/\/www.vg.no\/nyheter\/i\/Pd98dX\/danmarks-statsminister-ber-usa-stoppe-groenland-truslene\" data-track-element-type=\"Link\" data-track-id=\"link:Pd98dX\" class=\"_link_o9xde_39\" rel=\"nofollow noopener\" target=\"_blank\">Donald Trump om \u00e5 stoppe truslene.<\/a><\/p>\n<p class=\"_paragraph_o9xde_4 _paragraph_xtcu6_10 layout-component text-serif-m layout-normal text-serif-m layout-padded\">\u2013 Jeg er n\u00f8dt til \u00e5 si det meget direkte til USA: USA har ingen mulighet til \u00e5 annektere et av de tre landene i\u00a0Riksfelleskapet, sa hun.<\/p>\n<p class=\"_paragraph_o9xde_4 _paragraph_xtcu6_10 layout-component text-serif-m layout-normal text-serif-m layout-padded\">I uttalelsen i helgen understrekte hun at Danmark \u2013 og dermed Gr\u00f8nland \u2013 er medlem av Nato og dermed omfattet av alliansens sikkerhetsgaranti.<\/p>\n<p><img alt=\"Danmarks statsminister Mette Frederiksen deltok p\u00e5 et toppm\u00f8te om Ukraina i Elys\u00e9epalasset i Paris.  Foto: Javad Parsa \/ NTB\" class=\"_image_qp4xg_65 layout-component layout-normal\" data-fullscreen- data-track-element-type=\"Article image fullscreen\" data-track-name=\"ImageFullscreen\" decoding=\"async\" loading=\"lazy\" height=\"4099\" itemprop=\"image\"  src=\"https:\/\/www.europesays.com\/no\/wp-content\/uploads\/2026\/01\/1767800709_855_a4e2df51-d34f-476c-b608-ceb7b14a2024.jpeg\"  style=\"object-position:0% 0%\" width=\"6149\"\/>Danmarks statsminister Mette Frederiksen deltok p\u00e5 et toppm\u00f8te om Ukraina i Elys\u00e9epalasset i Paris.  Foto: Javad Parsa \/ NTB<\/p>\n<p class=\"_paragraph_o9xde_4 _paragraph_xtcu6_10 layout-component text-serif-m layout-normal text-serif-m layout-padded\">I dag talte statsminister til NHOs \u00e5rskonferanse hvor han tok opp bekymringene i NATO og i Danmark. <\/p>\n<p class=\"_paragraph_o9xde_4 _paragraph_xtcu6_10 layout-component text-serif-m layout-normal text-serif-m layout-padded\">\u2013 Det siste Mette Frederiksen sa til meg, var \u00e5 si at \u00abdet er alvor n\u00e5, Jonas\u00bb, fortalte St\u00f8re i sin tale til NHOs \u00e5rskonferanse.<\/p>\n<ul class=\"_list_o9xde_3 _list_xtcu6_9 _unordered_o9xde_106 layout-component text-serif-m layout-normal text-serif-m layout-padded\">\n<li class=\"_item_o9xde_30\"><a href=\"https:\/\/www.vg.no\/nyheter\/i\/q6LlQL\/vil-vaere-slutten-for-alliansen\" data-track-element-type=\"Link\" data-track-id=\"link:q6LlQL\" class=\"_link_o9xde_39\" rel=\"nofollow noopener\" target=\"_blank\"><strong class=\"_strong_o9xde_25\">Les ogs\u00e5 kommentaren: \u2013 Vil v\u00e6re slutten for alliansen<\/strong><\/a><\/li>\n<\/ul>\n<p>       <img decoding=\"async\" alt=\"Tips oss illustrasjon\" src=\"https:\/\/www.europesays.com\/no\/wp-content\/uploads\/2025\/10\/pssst-small.webp.webp\"\/>    <\/p>\n<p class=\"title-serif-s\">Har du tips?<\/p>\n<p class=\"text-sans-m\">Send oss informasjon, bilder eller video.<\/p>\n<p>  <a href=\"https:\/\/www.vg.no\/tips-oss\" rel=\"nofollow noopener\" target=\"_blank\"> Tips oss <\/a>      <\/p>\n","protected":false},"excerpt":{"rendered":"Samtidig sier presidenten at han tviler p\u00e5 at Nato vil stille seg bak USA. Her avbildet under en&hellip;\n","protected":false},"author":2,"featured_media":131253,"comment_status":"","ping_status":"","sticky":false,"template":"","format":"standard","meta":{"footnotes":""},"categories":[10],"tags":[31,20,21,55,24,25,15,22,23,233,13,30,1125,28,29,14,16,26,27,50],"class_list":{"0":"post-131252","1":"post","2":"type-post","3":"status-publish","4":"format-standard","5":"has-post-thumbnail","7":"category-norge","8":"tag-breaking","9":"tag-breaking-news","10":"tag-breakingnews","11":"tag-donald-trump","12":"tag-featured-news","13":"tag-featurednews","14":"tag-headlines","15":"tag-latest-news","16":"tag-latestnews","17":"tag-nato","18":"tag-news","19":"tag-no","20":"tag-nobels-fredspris","21":"tag-norge","22":"tag-norway","23":"tag-nyheter","24":"tag-overskrifter","25":"tag-top-stories","26":"tag-topstories","27":"tag-usa"},"share_on_mastodon":{"url":"https:\/\/pubeurope.com\/@no\/115854594868321536","error":""},"_links":{"self":[{"href":"https:\/\/www.europesays.com\/no\/wp-json\/wp\/v2\/posts\/131252","targetHints":{"allow":["GET"]}}],"collection":[{"href":"https:\/\/www.europesays.com\/no\/wp-json\/wp\/v2\/posts"}],"about":[{"href":"https:\/\/www.europesays.com\/no\/wp-json\/wp\/v2\/types\/post"}],"author":[{"embeddable":true,"href":"https:\/\/www.europesays.com\/no\/wp-json\/wp\/v2\/users\/2"}],"replies":[{"embeddable":true,"href":"https:\/\/www.europesays.com\/no\/wp-json\/wp\/v2\/comments?post=131252"}],"version-history":[{"count":0,"href":"https:\/\/www.europesays.com\/no\/wp-json\/wp\/v2\/posts\/131252\/revisions"}],"wp:featuredmedia":[{"embeddable":true,"href":"https:\/\/www.europesays.com\/no\/wp-json\/wp\/v2\/media\/131253"}],"wp:attachment":[{"href":"https:\/\/www.europesays.com\/no\/wp-json\/wp\/v2\/media?parent=131252"}],"wp:term":[{"taxonomy":"category","embeddable":true,"href":"https:\/\/www.europesays.com\/no\/wp-json\/wp\/v2\/categories?post=131252"},{"taxonomy":"post_tag","embeddable":true,"href":"https:\/\/www.europesays.com\/no\/wp-json\/wp\/v2\/tags?post=131252"}],"curies":[{"name":"wp","href":"https:\/\/api.w.org\/{rel}","templated":true}]}}