{"id":131254,"date":"2026-01-07T15:46:08","date_gmt":"2026-01-07T15:46:08","guid":{"rendered":"https:\/\/www.europesays.com\/no\/131254\/"},"modified":"2026-01-07T15:46:08","modified_gmt":"2026-01-07T15:46:08","slug":"frp-far-319-prosent-pa-ny-meningsmaling","status":"publish","type":"post","link":"https:\/\/www.europesays.com\/no\/131254\/","title":{"rendered":"Frp f\u00e5r 31,9 prosent p\u00e5 ny meningsm\u00e5ling"},"content":{"rendered":"\n<p class=\"_lead_o9xde_2 _lead_xtcu6_50 layout-component text-serif-m layout-normal text-serif-l layout-component layout-wide layout-padded _wide_17hqh_1 layout-padded\">Sylvi Listhaug og borgerlig side sl\u00e5r knockout p\u00e5 de r\u00f8dgr\u00f8nne i Nettavisens nye partim\u00e5ling. Frp alene f\u00e5r 31,9 prosent, en fremgang p\u00e5 fire prosentpoeng. <\/p>\n<p><img alt=\"Sylvi Listhaug (Frp) hadde all grunn til \u00e5 smile da hun fikk nyheten om den siste meningsm\u00e5lingen mens hun var p\u00e5 \u00e5rskonferansen til NHO p\u00e5 Nova Spektrum i Lillestr\u00f8m onsdag.  Foto: Heiko Junge \/ NTB\" class=\"_image_qp4xg_65 layout-component layout-wide\" data-fullscreen- data-track-element-type=\"Article image fullscreen\" data-track-name=\"ImageFullscreen\" fetchpriority=\"high\" decoding=\"sync\" loading=\"eager\" height=\"4350\" itemprop=\"image\"  src=\"https:\/\/www.europesays.com\/no\/wp-content\/uploads\/2026\/01\/c39f9784-1c53-4740-82a4-861da8a2f84b.jpeg\"  style=\"object-position:0% 0%\" width=\"6522\"\/>Sylvi Listhaug (Frp) hadde all grunn til \u00e5 smile da hun fikk nyheten om den siste meningsm\u00e5lingen mens hun var p\u00e5 \u00e5rskonferansen til NHO p\u00e5 Nova Spektrum i Lillestr\u00f8m onsdag.  Foto: Heiko Junge \/ NTB<\/p>\n<ul aria-hidden=\"true\" class=\"_images_ntbth_112\">\n<li><a class=\"_link_ntbth_117\" href=\"https:\/\/www.vg.no\/forfatter\/ntb\" style=\"z-index:1\" title=\"NTB\" rel=\"nofollow noopener\" target=\"_blank\"><img alt=\"Bilde av NTB\" class=\"_image_ntbth_93\" fetchpriority=\"low\" loading=\"lazy\" decoding=\"async\" itemprop=\"image\"  src=\"https:\/\/www.europesays.com\/no\/wp-content\/uploads\/2026\/01\/1767800768_130_c33980b0-5d07-4027-84a1-813f90a7c8d6.png\"  width=\"480\"\/><\/a><\/li>\n<\/ul>\n<p> Oppdatert onsdag 7. januar kl. 16:24     <\/p>\n<p class=\"_paragraph_o9xde_4 _paragraph_xtcu6_10 layout-component text-serif-m layout-normal text-serif-m layout-padded\"> Frp ligger med dette langt foran H\u00f8yres 15 prosent (- 2,4) p\u00e5 m\u00e5lingen som InFact har gjennomf\u00f8rt for <a href=\"https:\/\/www.nettavisen.no\/nyheter\/frp-far-31-9-prosent-i-ny-maling\/s\/5-95-2811386\" class=\"_link_o9xde_39\" rel=\"nofollow noopener\" target=\"_blank\">Nettavisen<\/a>. <\/p>\n<p class=\"_paragraph_o9xde_4 _paragraph_xtcu6_10 layout-component text-serif-m layout-normal text-serif-m layout-padded\">Arbeiderpartiet ligger med 21,3 prosent (-0,3) ogs\u00e5 langt bak Frp.<\/p>\n<p class=\"_paragraph_o9xde_4 _paragraph_xtcu6_10 layout-component text-serif-m layout-normal text-serif-m layout-padded\">\u2013 Det er voldsomt, og en veldig god start p\u00e5 det nye \u00e5ret, sier Frp-leder Sylvi Listhaug til Nettavisen.<\/p>\n<p class=\"_paragraph_o9xde_4 _paragraph_xtcu6_10 layout-component text-serif-m layout-normal text-serif-m layout-padded\">Ikke siden 2008 har Frp blitt m\u00e5lt p\u00e5 30-tallet. Resultatet er signifikant, alts\u00e5 utenfor feilmarginen.<\/p>\n<p class=\"_paragraph_o9xde_4 _paragraph_xtcu6_10 layout-component text-serif-m layout-normal text-serif-m layout-padded\">Nettavisens m\u00e5ling bekrefter det som alle andre meningsm\u00e5linger har vist de siste m\u00e5nedene, at Fremskrittspartiet er suverent st\u00f8rst p\u00e5 borgerlig side. <\/p>\n","protected":false},"excerpt":{"rendered":"Sylvi Listhaug og borgerlig side sl\u00e5r knockout p\u00e5 de r\u00f8dgr\u00f8nne i Nettavisens nye partim\u00e5ling. Frp alene f\u00e5r 31,9&hellip;\n","protected":false},"author":2,"featured_media":131255,"comment_status":"","ping_status":"","sticky":false,"template":"","format":"standard","meta":{"footnotes":""},"categories":[5],"tags":[20,21,24,25,577,15,19,22,23,17,18,13,30,28,281,29,14,16,26,27],"class_list":{"0":"post-131254","1":"post","2":"type-post","3":"status-publish","4":"format-standard","5":"has-post-thumbnail","7":"category-overskrifter","8":"tag-breaking-news","9":"tag-breakingnews","10":"tag-featured-news","11":"tag-featurednews","12":"tag-fremskrittspartiet-frp","13":"tag-headlines","14":"tag-hovedoppslag","15":"tag-latest-news","16":"tag-latestnews","17":"tag-main-news","18":"tag-mainnews","19":"tag-news","20":"tag-no","21":"tag-norge","22":"tag-norsk-politikk","23":"tag-norway","24":"tag-nyheter","25":"tag-overskrifter","26":"tag-top-stories","27":"tag-topstories"},"share_on_mastodon":{"url":"https:\/\/pubeurope.com\/@no\/115854598679340562","error":""},"_links":{"self":[{"href":"https:\/\/www.europesays.com\/no\/wp-json\/wp\/v2\/posts\/131254","targetHints":{"allow":["GET"]}}],"collection":[{"href":"https:\/\/www.europesays.com\/no\/wp-json\/wp\/v2\/posts"}],"about":[{"href":"https:\/\/www.europesays.com\/no\/wp-json\/wp\/v2\/types\/post"}],"author":[{"embeddable":true,"href":"https:\/\/www.europesays.com\/no\/wp-json\/wp\/v2\/users\/2"}],"replies":[{"embeddable":true,"href":"https:\/\/www.europesays.com\/no\/wp-json\/wp\/v2\/comments?post=131254"}],"version-history":[{"count":0,"href":"https:\/\/www.europesays.com\/no\/wp-json\/wp\/v2\/posts\/131254\/revisions"}],"wp:featuredmedia":[{"embeddable":true,"href":"https:\/\/www.europesays.com\/no\/wp-json\/wp\/v2\/media\/131255"}],"wp:attachment":[{"href":"https:\/\/www.europesays.com\/no\/wp-json\/wp\/v2\/media?parent=131254"}],"wp:term":[{"taxonomy":"category","embeddable":true,"href":"https:\/\/www.europesays.com\/no\/wp-json\/wp\/v2\/categories?post=131254"},{"taxonomy":"post_tag","embeddable":true,"href":"https:\/\/www.europesays.com\/no\/wp-json\/wp\/v2\/tags?post=131254"}],"curies":[{"name":"wp","href":"https:\/\/api.w.org\/{rel}","templated":true}]}}