{"id":131258,"date":"2026-01-07T15:52:08","date_gmt":"2026-01-07T15:52:08","guid":{"rendered":"https:\/\/www.europesays.com\/no\/131258\/"},"modified":"2026-01-07T15:52:08","modified_gmt":"2026-01-07T15:52:08","slug":"sp-leder-stoppet-for-a-hjelpe-bilist-i-grofta","status":"publish","type":"post","link":"https:\/\/www.europesays.com\/no\/131258\/","title":{"rendered":"Sp-leder stoppet for \u00e5 hjelpe bilist i gr\u00f8fta"},"content":{"rendered":"\n<p class=\"_lead_o9xde_2 _lead_xtcu6_50 layout-component text-serif-m layout-normal text-serif-l layout-component layout-wide layout-padded _wide_17hqh_1 layout-padded\">Sp-lederen tok ansvar da sn\u00f8kaoset sendte en bilist i gr\u00f8fta.<\/p>\n<p><img alt=\"Sp-leder Trygve Slagsvold Vedum hjalp til etter utforkj\u00f8ringen. Foto: Privat\" class=\"_image_qp4xg_65 layout-component layout-wide\" data-fullscreen- data-track-element-type=\"Article image fullscreen\" data-track-name=\"ImageFullscreen\" fetchpriority=\"high\" decoding=\"sync\" loading=\"eager\" height=\"3024\" itemprop=\"image\"  src=\"https:\/\/www.europesays.com\/no\/wp-content\/uploads\/2026\/01\/6fc17ba5-4b06-4809-80bd-7c5aa4f48f75.jpeg\"  style=\"object-position:0% 0%\" width=\"4032\"\/>Sp-leder Trygve Slagsvold Vedum hjalp til etter utforkj\u00f8ringen. Foto: Privat<\/p>\n<ul aria-hidden=\"true\" class=\"_images_ntbth_112\">\n<li><a class=\"_link_ntbth_117\" href=\"https:\/\/www.vg.no\/forfatter\/haakon-f-hoeydal\" style=\"z-index:2\" title=\"H\u00e5kon F. H\u00f8ydal\" rel=\"nofollow noopener\" target=\"_blank\"><img alt=\"Bilde av H\u00e5kon F. H\u00f8ydal\" class=\"_image_ntbth_93\" fetchpriority=\"low\" loading=\"lazy\" decoding=\"async\" itemprop=\"image\"  src=\"https:\/\/www.europesays.com\/no\/wp-content\/uploads\/2026\/01\/1767801128_168_791defbc-20b8-4779-b615-3d02a4d66e97.jpeg\"  width=\"480\"\/><\/a><\/li>\n<li><a class=\"_link_ntbth_117\" href=\"https:\/\/www.vg.no\/forfatter\/vilde-birkelund\" style=\"z-index:1\" title=\"Vilde Birkelund\" rel=\"nofollow noopener\" target=\"_blank\"><img alt=\"Bilde av Vilde Birkelund\" class=\"_image_ntbth_93\" fetchpriority=\"low\" loading=\"lazy\" decoding=\"async\" itemprop=\"image\"  src=\"https:\/\/www.europesays.com\/no\/wp-content\/uploads\/2026\/01\/1767801128_994_c9662057-6f76-4bdb-a433-dc79951b08e7.jpeg\"  width=\"480\"\/><\/a><\/li>\n<\/ul>\n<p> Oppdatert onsdag 7. januar kl. 16:27     <\/p>\n<p class=\"_paragraph_o9xde_4 _paragraph_xtcu6_10 layout-component text-serif-m layout-normal text-serif-m layout-padded\">Senterpartileder <a href=\"https:\/\/www.vg.no\/tag\/trygve-slagsvold-vedum?utm_source=vg-article&amp;utm_medium=auto-tagger&amp;utm_campaign=Pd9Kwe\" class=\"_link_o9xde_39\" rel=\"nofollow noopener\" target=\"_blank\">Trygve Slagsvold Vedum<\/a> var ute og kj\u00f8rte p\u00e5 en fylkesvei vest for Mj\u00f8sa tirsdag, da sn\u00f8kaoset rammet \u00d8stlandet. Plutselig oppdaget han en bil i gr\u00f8fta.<\/p>\n<p class=\"_paragraph_o9xde_4 _paragraph_xtcu6_10 layout-component text-serif-m layout-normal text-serif-m layout-padded\">\u2013 Flere kj\u00f8rte bare forbi. Det s\u00e5 stille ut i bilen, men da jeg sjekket var det noen der, forteller Vedum til VG.<\/p>\n<p class=\"_paragraph_o9xde_4 _paragraph_xtcu6_10 layout-component text-serif-m layout-normal text-serif-m layout-padded\">Det var avisen <a href=\"https:\/\/www.ostlendingen.no\/vedum-forstemann-pa-ulykke-tilbod-a-kjore-henne-hjem\/s\/80-69-173883\" class=\"_link_o9xde_39\" rel=\"nofollow noopener\" target=\"_blank\">\u00d8stlendingen<\/a> som omtalte saken f\u00f8rst.<\/p>\n<p class=\"_paragraph_o9xde_4 _paragraph_xtcu6_10 layout-component text-serif-m layout-normal text-serif-m layout-padded\"><strong class=\"_strong_o9xde_25\">Sn\u00f8kaoset som rammet \u00d8stlandet tirsdag, f\u00f8rte til flere <a href=\"https:\/\/www.vg.no\/nyheter\/i\/3pJn6d\/politiet-advarer-ta-det-med-ro\" data-track-element-type=\"Link\" data-track-id=\"link:3pJn6d\" class=\"_link_o9xde_39\" rel=\"nofollow noopener\" target=\"_blank\">trafikkulykker og utforkj\u00f8ringer.<\/a> <\/strong><\/p>\n<p class=\"_paragraph_o9xde_4 _paragraph_xtcu6_10 layout-component text-serif-m layout-normal text-serif-m layout-padded\">Vedum forteller at f\u00f8ret var krevende. Plutselig s\u00e5 han en bil i gr\u00f8fta og stoppet for \u00e5 hjelpe kvinnen som hadde kj\u00f8rt av veien. Han hjalp kvinnen ut av bilen og tilb\u00f8d henne skyss hjem, siden bergingsselskapene var opptatt p\u00e5 grunn av det store antallet ulykker.<\/p>\n<p class=\"_paragraph_o9xde_4 _paragraph_xtcu6_10 layout-component text-serif-m layout-normal text-serif-m layout-padded\">Han oppfordrer folk til \u00e5 v\u00e6re mer rause mot br\u00f8ytemannskapene og de som jobber langs veiene.<\/p>\n<p class=\"_paragraph_o9xde_4 _paragraph_xtcu6_10 layout-component text-serif-m layout-normal text-serif-m layout-padded\">\u2013 Vi er avhengige av alle som jobber ute n\u00e5r f\u00f8ret er d\u00e5rlig, sier han.<\/p>\n<p>Invitert p\u00e5 kaffe<\/p>\n<p class=\"_paragraph_o9xde_4 _paragraph_xtcu6_10 layout-component text-serif-m layout-normal text-serif-m layout-padded\">Det hele endte med en langt mer positiv opplevelse enn f\u00f8rst antatt. <\/p>\n<p class=\"_paragraph_o9xde_4 _paragraph_xtcu6_10 layout-component text-serif-m layout-normal text-serif-m layout-padded\">\u2013 Det var en hyggelig dame i bilen. Vi hadde en fin biltur sammen, sier han.<\/p>\n<p class=\"_paragraph_o9xde_4 _paragraph_xtcu6_10 layout-component text-serif-m layout-normal text-serif-m layout-padded\">Han understreker viktigheten av \u00e5 sjekke biler ved ulykker, da det kan v\u00e6re personer som trenger hjelp.<\/p>\n<p class=\"_paragraph_o9xde_4 _paragraph_xtcu6_10 layout-component text-serif-m layout-normal text-serif-m layout-padded\">Kvinnen kom uskadd fra utforkj\u00f8ringen.<\/p>\n<p class=\"_paragraph_o9xde_4 _paragraph_xtcu6_10 layout-component text-serif-m layout-normal text-serif-m layout-padded\">\u2013 Det gikk bra denne gangen, men det kan bli dramatisk, sier Vedum.<\/p>\n<p class=\"_paragraph_o9xde_4 _paragraph_xtcu6_10 layout-component text-serif-m layout-normal text-serif-m layout-padded\">Den gode gjerningen ga ogs\u00e5 en hyggelig bonus for Sp-lederen.<\/p>\n<p class=\"_paragraph_o9xde_4 _paragraph_xtcu6_10 layout-component text-serif-m layout-normal text-serif-m layout-padded\">\u2013 S\u00e5 til sommeren er jeg invitert p\u00e5 kaffe hos henne. Da er det litt bedre v\u00e6r, sier han.<\/p>\n","protected":false},"excerpt":{"rendered":"Sp-lederen tok ansvar da sn\u00f8kaoset sendte en bilist i gr\u00f8fta. Sp-leder Trygve Slagsvold Vedum hjalp til etter utforkj\u00f8ringen.&hellip;\n","protected":false},"author":2,"featured_media":131259,"comment_status":"","ping_status":"","sticky":false,"template":"","format":"standard","meta":{"footnotes":""},"categories":[10],"tags":[20,21,24,25,15,22,23,13,30,28,29,14,16,26,27,280,51,553],"class_list":{"0":"post-131258","1":"post","2":"type-post","3":"status-publish","4":"format-standard","5":"has-post-thumbnail","7":"category-norge","8":"tag-breaking-news","9":"tag-breakingnews","10":"tag-featured-news","11":"tag-featurednews","12":"tag-headlines","13":"tag-latest-news","14":"tag-latestnews","15":"tag-news","16":"tag-no","17":"tag-norge","18":"tag-norway","19":"tag-nyheter","20":"tag-overskrifter","21":"tag-top-stories","22":"tag-topstories","23":"tag-trygve-slagsvold-vedum","24":"tag-ulykke","25":"tag-vaer"},"share_on_mastodon":{"url":"https:\/\/pubeurope.com\/@no\/115854622375711786","error":""},"_links":{"self":[{"href":"https:\/\/www.europesays.com\/no\/wp-json\/wp\/v2\/posts\/131258","targetHints":{"allow":["GET"]}}],"collection":[{"href":"https:\/\/www.europesays.com\/no\/wp-json\/wp\/v2\/posts"}],"about":[{"href":"https:\/\/www.europesays.com\/no\/wp-json\/wp\/v2\/types\/post"}],"author":[{"embeddable":true,"href":"https:\/\/www.europesays.com\/no\/wp-json\/wp\/v2\/users\/2"}],"replies":[{"embeddable":true,"href":"https:\/\/www.europesays.com\/no\/wp-json\/wp\/v2\/comments?post=131258"}],"version-history":[{"count":0,"href":"https:\/\/www.europesays.com\/no\/wp-json\/wp\/v2\/posts\/131258\/revisions"}],"wp:featuredmedia":[{"embeddable":true,"href":"https:\/\/www.europesays.com\/no\/wp-json\/wp\/v2\/media\/131259"}],"wp:attachment":[{"href":"https:\/\/www.europesays.com\/no\/wp-json\/wp\/v2\/media?parent=131258"}],"wp:term":[{"taxonomy":"category","embeddable":true,"href":"https:\/\/www.europesays.com\/no\/wp-json\/wp\/v2\/categories?post=131258"},{"taxonomy":"post_tag","embeddable":true,"href":"https:\/\/www.europesays.com\/no\/wp-json\/wp\/v2\/tags?post=131258"}],"curies":[{"name":"wp","href":"https:\/\/api.w.org\/{rel}","templated":true}]}}