{"id":131262,"date":"2026-01-07T15:56:10","date_gmt":"2026-01-07T15:56:10","guid":{"rendered":"https:\/\/www.europesays.com\/no\/131262\/"},"modified":"2026-01-07T15:56:10","modified_gmt":"2026-01-07T15:56:10","slug":"farmen-kjendis-trude-vasstrand-raser-etter-farmen-sjokk-ufint-og-helt-unodvendig","status":"publish","type":"post","link":"https:\/\/www.europesays.com\/no\/131262\/","title":{"rendered":"Farmen Kjendis, Trude Vasstrand | Raser etter \u00abFarmen\u00bb-sjokk: \u2013 Ufint og helt un\u00f8dvendig"},"content":{"rendered":"\n<p>\u00abFarmen kjendis\u00bb er tilbake p\u00e5 TV-skjermen for tiende gang, og programmet slik seerne kjenner det, er historie.<\/p>\n<p>Allerede i f\u00f8rste episode kan programleder Dorthe Skappel (63) avsl\u00f8re store endringer for den kommende sesongen.<\/p>\n<p>\u2013 \u00abFarmen kjendis\u00bb kommer til \u00e5 bli annerledes. Uforutsigbart. Alt kan skje. Det kommer til \u00e5 bli noen t\u00f8ffe valg som m\u00e5 tas, og ikke alle er like popul\u00e6re, sier programlederen innledningsvis.<\/p>\n<p><b>Les ogs\u00e5: <a rel=\"Follow nofollow noopener\" href=\"https:\/\/www.nettavisen.no\/kjendis\/sjokkgrep-i-farmen-kjendis\/s\/5-95-2810135\" target=\"_blank\">Store endringer i \u00abFarmen kjendis\u00bb<\/a><\/b><\/p>\n<p>De nye endringene har ikke g\u00e5tt ubemerket hen, verken hos seerne eller deltakerne.<\/p>\n<p>    Vil du se neste video?<\/p>\n<p>    <a href=\"https:\/\/www.nettavisen.no\/nyheter\/ukrainsk-jagerfly-odelegger-for-vladimir-putin-i-pokrovsk\/v\/5-95-2807927\" class=\"recommend-poster\" data-adp-clicklabel=\"video-recommend\" data-adp-clickvalue=\"poster\" rel=\"nofollow noopener\" target=\"_blank\"><br \/>\n      <img decoding=\"async\" width=\"200\" height=\"200\" loading=\"lazy\" src=\"https:\/\/www.europesays.com\/no\/wp-content\/uploads\/2026\/01\/JAGERFLY+BREDDE.jpg\" alt=\"\" class=\"brick-c-cFOWSL\" style=\"--brick-image-ratio: 200 \/ 200;\"\/><\/p>\n<p>Nye bilder: Rammer Putin hardt0:41<\/p>\n<p>    <\/a><\/p>\n<p>\u2013 S\u00f8ppel-TV!<\/p>\n<p>I kommentarfeltet til Nettavisen og TV 2 p\u00e5 Facebook er det flere som reagerer p\u00e5 den nye retningen det folkekj\u00e6re realityprogrammet har tatt.<\/p>\n<p>\u2013 Den nye \u00abinntrengeren\u00bb tar altfor mye plass. Kjedelig \u00e5 h\u00f8re p\u00e5 planene han maser om hele tiden, skriver en seer.<\/p>\n<p>\u2013 S\u00f8ppel-TV! skriver en annen kort og kontant.<\/p>\n<p>   <img decoding=\"async\" width=\"4176\" height=\"2784\" fetchpriority=\"low\"  loading=\"lazy\"  src=\"https:\/\/www.europesays.com\/no\/wp-content\/uploads\/2026\/01\/IMG_3584.jpg\" alt=\"NYE REGLER: \u00c5rets sesong av \u00abFarmen kjendis\u00bb byr p\u00e5 store endringer. \" class=\"brick-c-cFOWSL\" style=\"--brick-image-ratio: 4176 \/ 2784;\"\/><\/p>\n<p>      NYE REGLER: \u00c5rets sesong av \u00abFarmen kjendis\u00bb byr p\u00e5 store endringer.<br \/>\n      Foto: Anton Soggiu (TV 2)\n    <\/p>\n<p>Flere uttrykker ogs\u00e5 savn etter det gamle konseptet.<\/p>\n<p>\u2013 Likte det mye bedre f\u00f8r, skriver en, mens en annen legger til:<\/p>\n<p>\u2013 Synes sjarmen med \u00abFarmen\u00bb blir borte n\u00e5.<\/p>\n<p>            Dette er de nye endringene i \u00abFarmen kjendis\u00bb<\/p>\n<ul>\n<li>Hvis en tvekamp-gren er valgt, s\u00e5 kan den aldri velges igjen.<\/li>\n<li>\n<p>Andrekjempe kan fritt velge gren uansett kj\u00f8nn, hvis de blir enige. <\/p>\n<\/li>\n<li>\n<p>Mentor er ikke med, og erstattes av tre eksperter.<\/p>\n<\/li>\n<li>\n<p>\u00abTorpet\u00bb f\u00e5r ha en hemmelig informant p\u00e5 \u00abFarmen kjendis\u00bb-g\u00e5rden<\/p>\n<\/li>\n<\/ul>\n<p>Likevel er det ikke bare negative reaksjoner \u00e5 spore. Enkelte seere mener endringene kan gi programmet et etterlengtet l\u00f8ft.<\/p>\n<p>\u2013 Godt med litt endring, s\u00e5 det ikke blir det samme hvert eneste \u00e5r, skriver en.<\/p>\n<p>\u2013 Ufint og helt un\u00f8dvendig<\/p>\n<p>Trude Vasstrand (61) legger ikke skjul p\u00e5 at \u00e5rets nye tvist b\u00f8d p\u00e5 b\u00e5de skuffelse, frustrasjon og t\u00e5rer.<\/p>\n<p><b>Les ogs\u00e5: <a rel=\"Follow nofollow noopener\" href=\"https:\/\/www.nettavisen.no\/kjendis\/trude-vasstrand-holdt-reality-eventyret-skjult\/s\/5-95-2810545\" target=\"_blank\">M\u00e5tte skjule \u00abFarmen kjendis\u00bb-deltakelsen<\/a><\/b><\/p>\n<p>Da deltakerne ble introdusert for det nye grepet i konkurransen, kom reaksjonen kontant.<\/p>\n<p>\u2013 S\u00e5 introduserer de en forr\u00e6der, og da raste min \u00abFarmen\u00bb-verden litt sammen for meg, alts\u00e5. Jeg visste ingenting, sier hun til Nettavisen og fortsetter:<\/p>\n<p>\u2013 Det jeg visste, var at det skulle bli en annerledes \u00abFarmen\u00bb, og mye mer konkurransebasert enn tidligere. S\u00e5 introduserer de dette.<\/p>\n<p>   <img decoding=\"async\" width=\"1600\" height=\"900\" fetchpriority=\"low\"  loading=\"lazy\"  src=\"https:\/\/www.europesays.com\/no\/wp-content\/uploads\/2026\/01\/trude+vasstrand.jpg\" alt=\"\" class=\"brick-c-cFOWSL\" style=\"--brick-image-ratio: 1600 \/ 900;\"\/><\/p>\n<p>      UFINT: Trude Vasstrand beskriver de nye endringene i \u00abFarmen kjendis\u00bb som b\u00e5de ufine og und\u00f8dvendige.<br \/>\n      Foto: TV 2\n    <\/p>\n<p>Vasstrand angret aldri p\u00e5 deltakelsen, men erkjenner at f\u00f8lelsene tok overh\u00e5nd.<\/p>\n<p>\u2013 Jeg ble kjempesint, kjeftet og gr\u00e5t litt. S\u00e5 vente jeg meg til tanken og tenkte at dette skulle jeg st\u00e5 i. Og s\u00e5 sto jeg i det. Og s\u00e5 sto jeg ikke s\u00e5 mye i det. \u00c5 spille forr\u00e6der, ha en forr\u00e6der blant seg og begynne \u00e5 mistro hverandre. Jeg synes det er ufint og helt un\u00f8dvendig.<\/p>\n<p>Hadde takket nei<\/p>\n<p>Vasstrand jobber til daglig som l\u00e6rer p\u00e5 ungdomstrinnet i \u00c5lesund, hvor hun underviser i norsk, historie og KRLE. Hun trekker klare paralleller til jobben sin i skolen<\/p>\n<p>\u2013 Det er ikke greit. Du skal v\u00e6re inkluderende, \u00e6rlig og ikke lyve. S\u00e5 kommer man inn i et spill der alle disse \u00abtabuene\u00bb blir reglene. Det vil jeg ikke v\u00e6re med p\u00e5, og jeg synes ikke det er riktig. Det sender feil signaler.<\/p>\n<p>\u2013 Og s\u00e5 skal jeg tilbake p\u00e5 skolen i august og drive antimobbekampanje? Det er jo ikke vits, n\u00e5r jeg selv har v\u00e6rt med p\u00e5 det motsatte, sier hun.<\/p>\n<p>   <img decoding=\"async\" width=\"1200\" height=\"1500\" fetchpriority=\"low\"  loading=\"lazy\"  src=\"https:\/\/www.europesays.com\/no\/wp-content\/uploads\/2026\/01\/REALITY-FARMEN-12.jpg\" alt=\"\" class=\"brick-c-cFOWSL\" style=\"--brick-image-ratio: 1200 \/ 1500;\"\/><\/p>\n<p>      SPLITTET: Trude Vasstrand er splittet etter \u00abFarmen kjendis\u00bb-deltakelsen.<br \/>\n      Foto: TV 2\n    <\/p>\n<p>Nettavisen rekker knapt \u00e5 fullf\u00f8re sp\u00f8rsm\u00e5let f\u00f8r Vasstrand svarer bekreftende p\u00e5 om hun ville takket nei til deltakelsen dersom hun hadde visst om endringene p\u00e5 forh\u00e5nd.<\/p>\n<p>\u2013 Ja! Jeg er veldig glad for at jeg ikke visste, fordi da hadde jeg sagt nei. Jeg er veldig glad for at jeg har v\u00e6rt her, og for noen av de vennskapene jeg har knyttet. Men jeg hadde ikke v\u00e6rt her om jeg visste. S\u00e5 uansett om jeg er glad for det eller ikke, s\u00e5 rettferdiggj\u00f8r det ikke den mangelen p\u00e5 informasjon.<\/p>\n<p><b>Les ogs\u00e5: <a rel=\"Follow nofollow noopener\" href=\"https:\/\/www.nettavisen.no\/kjendis\/sa-mange-fikk-med-seg-premieren-av-farmen-kjendis\/s\/5-95-2811571\" target=\"_blank\">S\u00e5 mange fikk med seg premieren av \u00abFarmen kjendis\u00bb<\/a><\/b><\/p>\n<p>\u2013 Jeg f\u00f8ler meg ikke lurt, men produksjonen burde sagt ifra. Jeg tviler p\u00e5 at de visste helt hva de satte i gang.<\/p>\n<p>Til tross for mye frustrasjon fra Vasstrand understreker hun at hun er veldig takknemlig for tiden inne p\u00e5 Fredheim g\u00e5rd, og at det har v\u00e6rt en fantastisk opplevelse.<\/p>\n<p>Forberedt p\u00e5 reaksjoner<\/p>\n<p>Til Nettavisen skriver pressesjef i TV 2, Jan-Petter Dahl, at de var forberedt p\u00e5 reaksjonene.<\/p>\n<p>\u2013 Kjente programkonsepter som \u00abFarmen kjendis\u00bb fornyes l\u00f8pende. At den nye informant-rollen i \u00abFarmen kjendis\u00bb ville skape reaksjoner blant deltakerne, var vi forberedt p\u00e5, sier pressesjef i TV 2, Jan Petter Dahl, til Nettavisen.<\/p>\n<p>   <img decoding=\"async\" width=\"8192\" height=\"5464\" fetchpriority=\"low\"  loading=\"lazy\"  src=\"https:\/\/www.europesays.com\/no\/wp-content\/uploads\/2026\/01\/NTB_vbRd2g7dNHc.jpg\" alt=\"Pressesjef Jan-Petter Dahl i TV 2.\" class=\"brick-c-cFOWSL\" style=\"--brick-image-ratio: 8192 \/ 5464;\"\/><\/p>\n<p>      SVARER: Pressesjef i TV 2, Jan-Petter Dahl, svarer p\u00e5 reaksjonene fra seerne.<br \/>\n      Foto: H\u00e5vard Solem \/TV 2\n    <\/p>\n<p>Han understreker at tilbakemeldingene tas p\u00e5 alvor.<\/p>\n<p>\u2013 Deres reaksjoner p\u00e5 dette er selvsagt noe vi lytter til, og tar med oss videre i utviklingen av Farmen-universet.<\/p>\n<p>Samtidig p\u00e5peker Dahl at deltakerne var forberedt p\u00e5 endringer f\u00f8r innspillingen startet.<\/p>\n<p>\u2013 Som Trude sier, fikk deltakerne vite at det skulle bli en annerledes utgave av \u00abFarmen kjendis\u00bb i \u00e5r, men vi kan ikke g\u00e5 mer i detalj enn dette, da deltakernes f\u00f8rste reaksjon er viktig for programmet. Utover det er vi glade for at Trude sitter igjen med en god opplevelse, sier Dahl.<\/p>\n","protected":false},"excerpt":{"rendered":"\u00abFarmen kjendis\u00bb er tilbake p\u00e5 TV-skjermen for tiende gang, og programmet slik seerne kjenner det, er historie. Allerede&hellip;\n","protected":false},"author":2,"featured_media":131263,"comment_status":"","ping_status":"","sticky":false,"template":"","format":"standard","meta":{"footnotes":""},"categories":[58],"tags":[71,30,28,29,72],"class_list":{"0":"post-131262","1":"post","2":"type-post","3":"status-publish","4":"format-standard","5":"has-post-thumbnail","7":"category-underholdning","8":"tag-entertainment","9":"tag-no","10":"tag-norge","11":"tag-norway","12":"tag-underholdning"},"share_on_mastodon":{"url":"https:\/\/pubeurope.com\/@no\/115854638051821683","error":""},"_links":{"self":[{"href":"https:\/\/www.europesays.com\/no\/wp-json\/wp\/v2\/posts\/131262","targetHints":{"allow":["GET"]}}],"collection":[{"href":"https:\/\/www.europesays.com\/no\/wp-json\/wp\/v2\/posts"}],"about":[{"href":"https:\/\/www.europesays.com\/no\/wp-json\/wp\/v2\/types\/post"}],"author":[{"embeddable":true,"href":"https:\/\/www.europesays.com\/no\/wp-json\/wp\/v2\/users\/2"}],"replies":[{"embeddable":true,"href":"https:\/\/www.europesays.com\/no\/wp-json\/wp\/v2\/comments?post=131262"}],"version-history":[{"count":0,"href":"https:\/\/www.europesays.com\/no\/wp-json\/wp\/v2\/posts\/131262\/revisions"}],"wp:featuredmedia":[{"embeddable":true,"href":"https:\/\/www.europesays.com\/no\/wp-json\/wp\/v2\/media\/131263"}],"wp:attachment":[{"href":"https:\/\/www.europesays.com\/no\/wp-json\/wp\/v2\/media?parent=131262"}],"wp:term":[{"taxonomy":"category","embeddable":true,"href":"https:\/\/www.europesays.com\/no\/wp-json\/wp\/v2\/categories?post=131262"},{"taxonomy":"post_tag","embeddable":true,"href":"https:\/\/www.europesays.com\/no\/wp-json\/wp\/v2\/tags?post=131262"}],"curies":[{"name":"wp","href":"https:\/\/api.w.org\/{rel}","templated":true}]}}