{"id":131266,"date":"2026-01-07T16:00:11","date_gmt":"2026-01-07T16:00:11","guid":{"rendered":"https:\/\/www.europesays.com\/no\/131266\/"},"modified":"2026-01-07T16:00:11","modified_gmt":"2026-01-07T16:00:11","slug":"nyheter-vaer-kan-komme-15-centimeter-sno","status":"publish","type":"post","link":"https:\/\/www.europesays.com\/no\/131266\/","title":{"rendered":"Nyheter, V\u00e6r | \u2013 Kan komme 15 centimeter sn\u00f8"},"content":{"rendered":"\n<p>Det varsles endelig litt skikkelig sn\u00f8v\u00e6r i Lillehammer og Gudbrandsdalen. Det er varslet \u00e5 starte onsdag kveld, og kommer if\u00f8lge meteorolog Ingrid Bentsen til \u00e5 vare gjennom natta og utp\u00e5 dagen torsdag.<\/p>\n<p>\u2013 Det vil komme opp mot ti centimeter sn\u00f8, og kanskje blir det opp mot 15 centimeter enkelte steder, sier meteorologen til GD onsdag ettermiddag.<\/p>\n<p>Hun sier at det kommer til \u00e5 sn\u00f8 jevnt og trutt fram til onsdag rundt klokka 12, da sn\u00f8v\u00e6ret ventes \u00e5 avta.<\/p>\n<p>S\u00e5 blir det klarv\u00e6r.<\/p>\n<p>\u2013 Det blir fort veldig kaldt p\u00e5 nattestid de n\u00e6rmeste dagene. Vi g\u00e5r inn i en periode med lavere temperaturer, kanskje spesielt fra og med s\u00f8ndag, sier meteorologen.<\/p>\n<p>De siste dagene har temperaturene allerede passert 30 minusgrader enkelte steder i GD-distriktet. Disse har v\u00e6rt blant landets aller laveste registrerte temperaturer p\u00e5 Meteorologisk institutt sine offisielle m\u00e5lestasjoner.<\/p>\n<p>I tillegg til kulde har det ogs\u00e5 v\u00e6rt noe vind, som har gjort at den f\u00f8lte temperaturen har v\u00e6rt betydelig lavere.<\/p>\n<p>\u2013 De n\u00e6rmeste dagene ser det ut som det blir relativt vindstille, og at det blir rolige vindforhold n\u00e5r nedb\u00f8ren har passert.<\/p>\n<p>\u2013 Det er stort sett vind som styrer f\u00f8lt temperatur, legger Bentsen til.<\/p>\n","protected":false},"excerpt":{"rendered":"Det varsles endelig litt skikkelig sn\u00f8v\u00e6r i Lillehammer og Gudbrandsdalen. Det er varslet \u00e5 starte onsdag kveld, og&hellip;\n","protected":false},"author":2,"featured_media":131267,"comment_status":"","ping_status":"","sticky":false,"template":"","format":"standard","meta":{"footnotes":""},"categories":[10],"tags":[36,20,21,1434,24,25,1428,15,22,23,1433,1427,1431,13,30,1159,28,29,14,16,1429,1161,1430,1432,1160,1510,26,27,1102,553],"class_list":{"0":"post-131266","1":"post","2":"type-post","3":"status-publish","4":"format-standard","5":"has-post-thumbnail","7":"category-norge","8":"tag-art","9":"tag-breaking-news","10":"tag-breakingnews","11":"tag-dovre","12":"tag-featured-news","13":"tag-featurednews","14":"tag-gausdal","15":"tag-headlines","16":"tag-latest-news","17":"tag-latestnews","18":"tag-lesja","19":"tag-lillehammer","20":"tag-lom","21":"tag-news","22":"tag-no","23":"tag-nord-fron","24":"tag-norge","25":"tag-norway","26":"tag-nyheter","27":"tag-overskrifter","28":"tag-oyer","29":"tag-ringebu","30":"tag-sel","31":"tag-skjak","32":"tag-sor-fron","33":"tag-story","34":"tag-top-stories","35":"tag-topstories","36":"tag-vaga","37":"tag-vaer"},"share_on_mastodon":{"url":"https:\/\/pubeurope.com\/@no\/115854653885768423","error":""},"_links":{"self":[{"href":"https:\/\/www.europesays.com\/no\/wp-json\/wp\/v2\/posts\/131266","targetHints":{"allow":["GET"]}}],"collection":[{"href":"https:\/\/www.europesays.com\/no\/wp-json\/wp\/v2\/posts"}],"about":[{"href":"https:\/\/www.europesays.com\/no\/wp-json\/wp\/v2\/types\/post"}],"author":[{"embeddable":true,"href":"https:\/\/www.europesays.com\/no\/wp-json\/wp\/v2\/users\/2"}],"replies":[{"embeddable":true,"href":"https:\/\/www.europesays.com\/no\/wp-json\/wp\/v2\/comments?post=131266"}],"version-history":[{"count":0,"href":"https:\/\/www.europesays.com\/no\/wp-json\/wp\/v2\/posts\/131266\/revisions"}],"wp:featuredmedia":[{"embeddable":true,"href":"https:\/\/www.europesays.com\/no\/wp-json\/wp\/v2\/media\/131267"}],"wp:attachment":[{"href":"https:\/\/www.europesays.com\/no\/wp-json\/wp\/v2\/media?parent=131266"}],"wp:term":[{"taxonomy":"category","embeddable":true,"href":"https:\/\/www.europesays.com\/no\/wp-json\/wp\/v2\/categories?post=131266"},{"taxonomy":"post_tag","embeddable":true,"href":"https:\/\/www.europesays.com\/no\/wp-json\/wp\/v2\/tags?post=131266"}],"curies":[{"name":"wp","href":"https:\/\/api.w.org\/{rel}","templated":true}]}}