{"id":13127,"date":"2025-08-20T11:44:09","date_gmt":"2025-08-20T11:44:09","guid":{"rendered":"https:\/\/www.europesays.com\/no\/13127\/"},"modified":"2025-08-20T11:44:09","modified_gmt":"2025-08-20T11:44:09","slug":"disse-skal-vaere-med-i-hotellet","status":"publish","type":"post","link":"https:\/\/www.europesays.com\/no\/13127\/","title":{"rendered":"Disse skal v\u00e6re med i \u00abHotellet\u00bb"},"content":{"rendered":"\n<p class=\"_lead_1bvmi_2 _lead_xtcu6_50 layout-component text-serif-m layout-normal text-serif-l layout-component layout-wide layout-padded _wide_17hqh_1 layout-padded\">Elleve kjendispar sjekker inn og skal kaste seg ut i konkurranser hvor relasjoner blir satt p\u00e5 pr\u00f8ve i et strategisk spill.<\/p>\n<p> <img class=\"_image_qp4xg_65 layout-component layout-wide\" data-fullscreen- data-track-element-type=\"Article image fullscreen\" data-track-name=\"ImageFullscreen\" fetchpriority=\"high\" decoding=\"sync\" loading=\"eager\" height=\"102\" itemprop=\"image\"  src=\"https:\/\/www.europesays.com\/no\/wp-content\/uploads\/2025\/08\/198ac917906d64fa0b33ffeccb6e38cf.jpg\"  style=\"object-position:50% 50%;aspect-ratio:1.75;height:auto;object-fit:cover;width:100%\" width=\"102\"\/>  <\/p>\n<ul aria-hidden=\"true\" class=\"_images_1y6fe_106\">\n<li><a class=\"_link_1y6fe_111\" href=\"https:\/\/www.vg.no\/forfatter\/steffen-pettersen-2\" style=\"z-index:2\" title=\"Steffen Pettersen\" rel=\"nofollow noopener\" target=\"_blank\"><img alt=\"Bilde av Steffen Pettersen\" class=\"_image_1y6fe_88\" fetchpriority=\"low\" loading=\"lazy\" decoding=\"async\" itemprop=\"image\"  src=\"https:\/\/www.europesays.com\/no\/wp-content\/uploads\/2025\/08\/1755690248_848_31f8141a-a663-4901-a90a-8372d20392c3\"  width=\"480\"\/><\/a><\/li>\n<li><a class=\"_link_1y6fe_111\" href=\"https:\/\/www.vg.no\/forfatter\/hannah-solstad-klepp\" style=\"z-index:1\" title=\"Hannah Solstad Klepp\" rel=\"nofollow noopener\" target=\"_blank\"><img alt=\"Bilde av Hannah Solstad Klepp\" class=\"_image_1y6fe_88\" fetchpriority=\"low\" loading=\"lazy\" decoding=\"async\" itemprop=\"image\"  src=\"https:\/\/www.europesays.com\/no\/wp-content\/uploads\/2025\/08\/1755690249_861_f811f9c1-64f7-4c50-9133-b5735831a650\"  width=\"480\"\/><\/a><\/li>\n<\/ul>\n<p>Rapporterer fra Bergen og VG-huset Oppdatert onsdag 20. august kl. 13:43     <\/p>\n<p class=\"_paragraph_1bvmi_4 _paragraph_xtcu6_10 layout-component text-serif-m layout-normal text-serif-m layout-padded\">Onsdag formiddag presenterte <a href=\"https:\/\/www.vg.no\/tag\/tv-2?utm_source=vg-article&amp;utm_medium=auto-tagger&amp;utm_campaign=KMwdwM\" class=\"_link_1bvmi_39\" rel=\"nofollow noopener\" target=\"_blank\">TV 2<\/a> h\u00f8stens nye og godt kjente programmer.<\/p>\n<p class=\"_paragraph_1bvmi_4 _paragraph_xtcu6_10 layout-component text-serif-m layout-normal text-serif-m layout-padded\">Blant de nye satsingene finner vi \u00abHotellet\u00bb, der blant annet Oskar Westerlin og faren Petter utgj\u00f8r ett av de elleve deltagerparene.<\/p>\n<p class=\"_paragraph_1bvmi_4 _paragraph_xtcu6_10 layout-component text-serif-m layout-normal text-serif-m layout-padded\">Se alle deltagerne lenger ned i saken.<\/p>\n<p><img alt=\"Bak fra venstre: Mikkel Silset , Stig Andr\u00e9 Berge, Mohammed Basefer, Karsten Blomvik, Annette Walter Numme, programleder Aslak Maurstad, Michael Hansson, Niklas Silseth Baarli, Alexandra Joner, Anne B. Ragde. Midtre rad: Karoline Andersen, Rosell Utne Berge, Linnea L\u00f8tvedt, Anny Isabella \u00d8vrehus, Ingeborg Heldahl, Emilie Voe Nereng, Benjamin Baarli Silseth, Barbara Joner, Eva B. Ragde. Foran: Sander Dale, Herman Dahl, Oskar Westerlin og Petter Westerlin.  Foto: vegard breie \/ TV 2\" class=\"_image_qp4xg_65 layout-component layout-normal\" data-fullscreen- data-track-element-type=\"Article image fullscreen\" data-track-name=\"ImageFullscreen\" decoding=\"async\" loading=\"lazy\" height=\"2000\" itemprop=\"image\"  src=\"https:\/\/www.europesays.com\/no\/wp-content\/uploads\/2025\/08\/99ce60ac-2bc7-4037-8b99-1bc647d015bf\"  style=\"object-position:56.333333333333336% 59.275%\" width=\"3000\"\/>Bak fra venstre: Mikkel Silset , Stig Andr\u00e9 Berge, Mohammed Basefer, Karsten Blomvik, Annette Walter Numme, programleder Aslak Maurstad, Michael Hansson, Niklas Silseth Baarli, Alexandra Joner, Anne B. Ragde. Midtre rad: Karoline Andersen, Rosell Utne Berge, Linnea L\u00f8tvedt, Anny Isabella \u00d8vrehus, Ingeborg Heldahl, Emilie Voe Nereng, Benjamin Baarli Silseth, Barbara Joner, Eva B. Ragde. Foran: Sander Dale, Herman Dahl, Oskar Westerlin og Petter Westerlin.  Foto: vegard breie \/ TV 2<\/p>\n<p class=\"_paragraph_1bvmi_4 _paragraph_xtcu6_10 layout-component text-serif-m layout-normal text-serif-m layout-padded\">Parene skal konkurrere om fordeler som vil avgj\u00f8re deres skjebne. \u00c9n koffert skjuler en halv million \u2013 i en annen venter returbilletten hjem. S\u00e5 sp\u00f8rsm\u00e5let er: Hvem spiller best?<\/p>\n<p class=\"_paragraph_1bvmi_4 _paragraph_xtcu6_10 layout-component text-serif-m layout-normal text-serif-m layout-padded\">Serien er basert p\u00e5 det britiske suksessformatet \u00abThe Fortune Hotel\u00bb.<\/p>\n<p class=\"_paragraph_1bvmi_4 _paragraph_xtcu6_10 layout-component text-serif-m layout-normal text-serif-m layout-padded\"><strong class=\"_strong_1bvmi_25\">Aslak Maurstad er programleder, og disse kjendisene deltar:<\/strong><\/p>\n<ul class=\"_list_1bvmi_3 _list_xtcu6_9 _unordered_1bvmi_99 layout-component text-serif-m layout-normal text-serif-m layout-padded\">\n<li class=\"_item_1bvmi_30\">Petter Westerlin og Oskar Westerlin, far og s\u00f8nn<\/li>\n<li class=\"_item_1bvmi_30\">Anne B. Ragde og Eva B. Ragde, s\u00f8stre<\/li>\n<li class=\"_item_1bvmi_30\">Barbara og Alexandra Joner, mor og datter<\/li>\n<li class=\"_item_1bvmi_30\">Emilie Voe Nereng og Michael Hansson, forlovet under innspilling<\/li>\n<li class=\"_item_1bvmi_30\">Niklas og Benjamin Silseth Baarli, gift<\/li>\n<\/ul>\n<ul class=\"_list_1bvmi_3 _list_xtcu6_9 _unordered_1bvmi_99 layout-component text-serif-m layout-normal text-serif-m layout-padded\">\n<li class=\"_item_1bvmi_30\">Stig Andr\u00e9 Berge og Rosell Utne Berge, gift<\/li>\n<li class=\"_item_1bvmi_30\">Mikkel Bratt Silset og Karoline Andersen, forlovet<\/li>\n<li class=\"_item_1bvmi_30\">Herman Dahl og Sander Austad Dale, kompiser<\/li>\n<li class=\"_item_1bvmi_30\">Anny Isabella \u00d8vrehus og Linnea L\u00f8tvedt, venninner<\/li>\n<li class=\"_item_1bvmi_30\">Ingeborg Heldahl og Annette Walter Numme, venninner<\/li>\n<li class=\"_item_1bvmi_30\">Karsten Blomvik og Mohammed Basefer, kompiser<\/li>\n<\/ul>\n<p>Programleder Aslak Maurstad Foto: vegard breie \/ TV 2<\/p>\n<p class=\"_paragraph_1bvmi_4 _paragraph_xtcu6_10 layout-component text-serif-m layout-normal text-serif-m layout-padded\">TV-seerne vil ogs\u00e5 f\u00e5 gjensyn med andre velkjente programmer som \u00abForr\u00e6der\u00bb, \u00abBloggerne\u00bb, \u00abKompani Lauritzen: Tropp 4\u00bb, \u00abSkal vi danse\u00bb og \u00abJakten p\u00e5 kj\u00e6rligheten\u00bb. <\/p>\n<p class=\"_paragraph_1bvmi_4 _paragraph_xtcu6_10 layout-component text-serif-m layout-normal text-serif-m layout-padded\">Sistnevnte har sin 22. sesong, og blir i \u00e5r historisk. Bonden Daniel Viem (35) var i fjor en av frierne til Camilla Sagen, men ble sendt hjem da det kun var tre menn igjen. N\u00e5 er rollene snudd, og han f\u00e5r invitere friere hjem til g\u00e5rden sin.<\/p>\n<p class=\"_paragraph_1bvmi_4 _paragraph_xtcu6_10 layout-component text-serif-m layout-normal text-serif-m layout-padded\">I tillegg til disse programmene, blir blant annet P\u00f8rni-duoen, Henriette Steenstrup og Vivild Falk Berg gjenforent i <a href=\"https:\/\/www.vg.no\/i\/8qAv2d\" data-track-element-type=\"Link\" data-track-id=\"link:8qAv2d\" class=\"_link_1bvmi_39\" rel=\"nofollow noopener\" target=\"_blank\">den nye seriesatsingen<\/a>, \u00abNepobaby\u00bb, som har premiere i oktober.<\/p>\n<p class=\"_paragraph_1bvmi_4 _paragraph_xtcu6_10 layout-component text-serif-m layout-normal text-serif-m layout-padded\">\u00abNorge bak fasaden\u00bb-programledere Janne Amble og Kadafi Zaman er aktuelle med et nytt program, \u00abSkolebytte\u00bb. <\/p>\n<p class=\"_paragraph_1bvmi_4 _paragraph_xtcu6_10 layout-component text-serif-m layout-normal text-serif-m layout-padded\">Dokumentarserien skal g\u00e5 ut p\u00e5 at 12 niendeklassinger fra Uranienborg skole p\u00e5 Oslo vest, og 12 niendeklassinger fra Bj\u00f8r\u00e5sen skole p\u00e5 Oslo \u00f8st, danner en ny klasse sammen. M\u00e5let er \u00e5 l\u00e6re hverandres kulturer og sette fordommer p\u00e5 pr\u00f8ve. Serien har premiere 28. august.<\/p>\n<p>Les ogs\u00e5<\/p>\n","protected":false},"excerpt":{"rendered":"Elleve kjendispar sjekker inn og skal kaste seg ut i konkurranser hvor relasjoner blir satt p\u00e5 pr\u00f8ve i&hellip;\n","protected":false},"author":2,"featured_media":13128,"comment_status":"","ping_status":"","sticky":false,"template":"","format":"standard","meta":{"footnotes":""},"categories":[58],"tags":[71,30,28,29,2550,208,72],"class_list":{"0":"post-13127","1":"post","2":"type-post","3":"status-publish","4":"format-standard","5":"has-post-thumbnail","7":"category-underholdning","8":"tag-entertainment","9":"tag-no","10":"tag-norge","11":"tag-norway","12":"tag-oskar-westerlin","13":"tag-tv-2","14":"tag-underholdning"},"share_on_mastodon":{"url":"","error":""},"_links":{"self":[{"href":"https:\/\/www.europesays.com\/no\/wp-json\/wp\/v2\/posts\/13127","targetHints":{"allow":["GET"]}}],"collection":[{"href":"https:\/\/www.europesays.com\/no\/wp-json\/wp\/v2\/posts"}],"about":[{"href":"https:\/\/www.europesays.com\/no\/wp-json\/wp\/v2\/types\/post"}],"author":[{"embeddable":true,"href":"https:\/\/www.europesays.com\/no\/wp-json\/wp\/v2\/users\/2"}],"replies":[{"embeddable":true,"href":"https:\/\/www.europesays.com\/no\/wp-json\/wp\/v2\/comments?post=13127"}],"version-history":[{"count":0,"href":"https:\/\/www.europesays.com\/no\/wp-json\/wp\/v2\/posts\/13127\/revisions"}],"wp:featuredmedia":[{"embeddable":true,"href":"https:\/\/www.europesays.com\/no\/wp-json\/wp\/v2\/media\/13128"}],"wp:attachment":[{"href":"https:\/\/www.europesays.com\/no\/wp-json\/wp\/v2\/media?parent=13127"}],"wp:term":[{"taxonomy":"category","embeddable":true,"href":"https:\/\/www.europesays.com\/no\/wp-json\/wp\/v2\/categories?post=13127"},{"taxonomy":"post_tag","embeddable":true,"href":"https:\/\/www.europesays.com\/no\/wp-json\/wp\/v2\/tags?post=13127"}],"curies":[{"name":"wp","href":"https:\/\/api.w.org\/{rel}","templated":true}]}}