{"id":131270,"date":"2026-01-07T16:03:11","date_gmt":"2026-01-07T16:03:11","guid":{"rendered":"https:\/\/www.europesays.com\/no\/131270\/"},"modified":"2026-01-07T16:03:11","modified_gmt":"2026-01-07T16:03:11","slug":"pavel-travnicek-fra-tre-notter-til-askepott-kjemper-mot-alvorlig-sykdom","status":"publish","type":"post","link":"https:\/\/www.europesays.com\/no\/131270\/","title":{"rendered":"Pavel Travnicek fra \u00abTre n\u00f8tter til Askepott\u00bb kjemper mot alvorlig sykdom"},"content":{"rendered":"<p class=\"kicker \" style=\"\">\u00abTre n\u00f8tter til Askepott\u00bb-stjerne:<\/p>\n<p>  Den sjarmerende \u00abprinsen\u00bb har vunnet folkets hjerter, men kjemper en privat kamp.<\/p>\n<p>\n    SJARM\u00d8R: Pavel Travnicek gjorde rollen som prinsen i \u00abTre n\u00f8tter til Askepott\u00bb. Foto: NRK\n  <\/p>\n<p>Er det en ting som er like sikkert som banken, s\u00e5 er det at store deler av Norges befolkning hvert eneste \u00e5r setter seg ned for \u00e5 se \u00abTre n\u00f8tter til Askepott\u00bb p\u00e5 selveste julaften.<\/p>\n<p>Tradisjonen st\u00e5r like sterkt her til lands som \u00abGrevinnen og hovmesteren\u00bb under \u00abKvelden f\u00f8r kvelden\u00bb, og er for mange p\u00e5krevd for at julestemningen skal melde sin ankomst.<\/p>\n<p>    <a itemprop=\"url\" href=\"https:\/\/www.seher.no\/kjendis\/dette-gjor-askepott-stjernene-i-dag\/83975505\" rel=\"nofollow noopener\" target=\"_blank\"><\/p>\n<p>        <img loading=\"lazy\" decoding=\"async\" src=\"https:\/\/www.europesays.com\/no\/wp-content\/uploads\/2026\/01\/83975550.webp.webp\" width=\"980\" height=\"441\" title=\"Dette gj\u00f8r Askepott-stjernene i dag\" alt=\"\" class=\"lazyload\" style=\"--aspect-ratio-image: 2.22; \"\/><\/p>\n<p>        Dette gj\u00f8r Askepott-stjernene i dag<\/p>\n<p>    <\/a><\/p>\n<p>Den romantiske og eventyrlige julefilmen fra Tsjekkia har hos statskanalen er sv\u00e6rt norsk preg &#8211; filmen er nemlig up\u00e5klagelig dubbet av den avd\u00f8de skuespilleren Knut Risan.<\/p>\n<p>Den mest fremtredende karakteren i filmen er, ikke overraskende, Popelku &#8211; eller Askepott, da. Men hennes romantiske partner i filmen har trolig smeltet mang en pikehjerter gjennom \u00e5renes l\u00f8p.<\/p>\n<p>        <img loading=\"lazy\" decoding=\"async\" src=\"https:\/\/www.europesays.com\/no\/wp-content\/uploads\/2026\/01\/84067344.webp.webp\" width=\"667\" height=\"381\" title=\"KJEKKASPRINS: 41 \u00e5r skiller disse bildene av kjekkasprinsen Pavel Travnicek. Foto: Det tsjekkiske filminstitutt \/ Privat\" alt=\"\" class=\"\" style=\"--aspect-ratio-image: 1.75; \"\/><\/p>\n<p>\n        KJEKKASPRINS: 41 \u00e5r skiller disse bildene av kjekkasprinsen Pavel Travnicek. Foto: Det tsjekkiske filminstitutt \/ Privat\n    <\/p>\n<p>Pavel Travnicek (75) var den heldige som spilte rollen som prinsen, adelsgutten som falt for Askepott uten \u00e5 helt vite hvem hun egentlig var.<\/p>\n<p>Filmen ble gitt ut i 1973, og er med andre ord hele 53 \u00e5r gammel. Pavel er i dag lykkelig gift &#8211; men st\u00e5r likevel i en sv\u00e6rt t\u00f8ff tid. If\u00f8lge Slovakiske <a href=\"https:\/\/plus7dni.pluska.sk\/prominenti\/legendarny-princ-pavel-travnicek-nahle-rusi-predstavenia-caka-ho-dalsia-operacia\" rel=\"nofollow noopener\" target=\"_blank\">Plus 7<\/a> sliter han nemlig med helsen. De skriver at han er \u00abalvorlig syk\u00bb.<\/p>\n<p>        M\u00c5PER: Katrine Moholt kommer med sjokkavsl\u00f8ring rundt \u00abTre n\u00f8tter til Askepott\u00bb p\u00e5 \u00ab24-stjerners julekalender\u00bb. Video: NRK \/ R\u00f8d L\u00f8per<\/p>\n<p>Over jul skal han nemlig ha slitt med bronkitt, som f\u00f8rte til sykehusinnleggelse. Kort tid senere uttalte han at han var p\u00e5 bedringens vei, og fikk reise hjem igjen.<\/p>\n<p>F\u00f8rste nytt\u00e5rsdag ble helsen igjen forverret, og skuespilleren ble p\u00e5 nytt fraktet til sykehus. Der fikk han behandling av samme legen som la inn pacemaker hos ham i sommer.<\/p>\n<p>    <a itemprop=\"url\" href=\"https:\/\/www.seher.no\/kjendis\/dette-gjor-askepott-stjernene-i-dag\/80719833\" rel=\"nofollow noopener\" target=\"_blank\"><\/p>\n<p>        <img loading=\"lazy\" decoding=\"async\" src=\"https:\/\/www.europesays.com\/no\/wp-content\/uploads\/2026\/01\/75004680.webp.webp\" width=\"980\" height=\"441\" title=\"Dette gj\u00f8r Askepott-stjernene i dag\" alt=\"\" class=\"lazyload\" style=\"--aspect-ratio-image: 2.22; \"\/><\/p>\n<p>        Dette gj\u00f8r Askepott-stjernene i dag<\/p>\n<p>    <\/a><\/p>\n<p>&#8211; Det g\u00e5r bra, ikke bekymre dere, svarte Pavel p\u00e5 sp\u00f8rsm\u00e5l om hvorfor han var p\u00e5 sykehuset. Da han ikke ble utskrevet umiddelbart kom imidlertid innr\u00f8mmelsen:<\/p>\n<p>&#8211; De forbereder meg p\u00e5 en ny operasjon. Kryss fingrene, sier han n\u00e5.<\/p>\n<p>        <img loading=\"lazy\" decoding=\"async\" src=\"https:\/\/www.europesays.com\/no\/wp-content\/uploads\/2026\/01\/84067354.webp.webp\" width=\"686\" height=\"419\" title=\"JULEROMANTIKK: \u00abTre n\u00f8tter til Askepott\u00bb er et av julens mest popul\u00e6re filmer. Her er Libuse Safr\u00e1nkov\u00e1 og Pavel Travnicek i en scene fra filmen fra 1973. Foto: NRK\" alt=\"\" class=\"\" style=\"--aspect-ratio-image: 1.64; \"\/><\/p>\n<p>\n        JULEROMANTIKK: \u00abTre n\u00f8tter til Askepott\u00bb er et av julens mest popul\u00e6re filmer. Her er Libuse Safr\u00e1nkov\u00e1 og Pavel Travnicek i en scene fra filmen fra 1973. Foto: NRK\n    <\/p>\n<p>Han \u00f8nsket ikke \u00e5 spesifisere hva slags operasjon det gjelder, eller n\u00e5r den skal utf\u00f8res.<\/p>\n<p>&#8211; N\u00e5 m\u00e5 vi avlyse alle tilstelninger Pavel skulle v\u00e6rt til stede p\u00e5, som f\u00f8lge av hans innleggelse. Takk for forst\u00e5elsen, uttaler kona.<\/p>\n<p>Dette er ikke f\u00f8rste gang Pavel har slitt med helsen &#8211; han har hatt ulike problemer de siste ti \u00e5rene. Det har v\u00e6rt s\u00e5pass ille at han p\u00e5 et tidspunkt fryktet for livet.<\/p>\n<p>        KJENDISTUNGT: Vi finner b\u00e5de etablerte filmstjerner og mindre erfarne skuespillere p\u00e5 rollelista til \u00abTre n\u00f8tter til Askepott\u00bb, som kommer p\u00e5 kino 12. november 2021. Video: R\u00f8d L\u00f8per\/Nordisk Film Norge<\/p>\n<p>&#8211; Jeg var redd for at jeg skulle d\u00f8. Jeg inns\u00e5 at alt har en begynnelse og en slutt, sa han den gangen.<\/p>\n<p>I desember 2022 ble han ogs\u00e5 fraktet til sykehuset, den gangen med pustebesv\u00e6r.<\/p>\n","protected":false},"excerpt":{"rendered":"\u00abTre n\u00f8tter til Askepott\u00bb-stjerne: Den sjarmerende \u00abprinsen\u00bb har vunnet folkets hjerter, men kjemper en privat kamp. SJARM\u00d8R: Pavel&hellip;\n","protected":false},"author":2,"featured_media":131271,"comment_status":"","ping_status":"","sticky":false,"template":"","format":"standard","meta":{"footnotes":""},"categories":[58],"tags":[71,479,2543,30,28,29,15214,1185,948,72],"class_list":{"0":"post-131270","1":"post","2":"type-post","3":"status-publish","4":"format-standard","5":"has-post-thumbnail","7":"category-underholdning","8":"tag-entertainment","9":"tag-kjendis","10":"tag-kjendisdesken","11":"tag-no","12":"tag-norge","13":"tag-norway","14":"tag-pavel-travnicek","15":"tag-sykdom","16":"tag-sykehus","17":"tag-underholdning"},"share_on_mastodon":{"url":"https:\/\/pubeurope.com\/@no\/115854665540085843","error":""},"_links":{"self":[{"href":"https:\/\/www.europesays.com\/no\/wp-json\/wp\/v2\/posts\/131270","targetHints":{"allow":["GET"]}}],"collection":[{"href":"https:\/\/www.europesays.com\/no\/wp-json\/wp\/v2\/posts"}],"about":[{"href":"https:\/\/www.europesays.com\/no\/wp-json\/wp\/v2\/types\/post"}],"author":[{"embeddable":true,"href":"https:\/\/www.europesays.com\/no\/wp-json\/wp\/v2\/users\/2"}],"replies":[{"embeddable":true,"href":"https:\/\/www.europesays.com\/no\/wp-json\/wp\/v2\/comments?post=131270"}],"version-history":[{"count":0,"href":"https:\/\/www.europesays.com\/no\/wp-json\/wp\/v2\/posts\/131270\/revisions"}],"wp:featuredmedia":[{"embeddable":true,"href":"https:\/\/www.europesays.com\/no\/wp-json\/wp\/v2\/media\/131271"}],"wp:attachment":[{"href":"https:\/\/www.europesays.com\/no\/wp-json\/wp\/v2\/media?parent=131270"}],"wp:term":[{"taxonomy":"category","embeddable":true,"href":"https:\/\/www.europesays.com\/no\/wp-json\/wp\/v2\/categories?post=131270"},{"taxonomy":"post_tag","embeddable":true,"href":"https:\/\/www.europesays.com\/no\/wp-json\/wp\/v2\/tags?post=131270"}],"curies":[{"name":"wp","href":"https:\/\/api.w.org\/{rel}","templated":true}]}}