{"id":131272,"date":"2026-01-07T16:07:13","date_gmt":"2026-01-07T16:07:13","guid":{"rendered":"https:\/\/www.europesays.com\/no\/131272\/"},"modified":"2026-01-07T16:07:13","modified_gmt":"2026-01-07T16:07:13","slug":"tar-forholdet-et-steg-videre","status":"publish","type":"post","link":"https:\/\/www.europesays.com\/no\/131272\/","title":{"rendered":"Tar forholdet et steg videre"},"content":{"rendered":"<p class=\"kicker \" style=\"\">V\u00e6ret<\/p>\n<p>  Onsdagsd\u00f8gnet kan bli det kaldeste som er m\u00e5lt i Bergen p\u00e5 15 \u00e5r.<\/p>\n<p>\n    MELLOM DE SJU FJELL: Bergen fryser. Bildet er fra januar 2024. Foto: Silje Katrine Robinson \/ NTB\n  <\/p>\n<p>    Kort fortalt<\/p>\n<ul lang=\"nb-NO\">\n<li>Hele Norge opplever unormalt kalde dager, if\u00f8lge Meteorologisk institutt.<\/li>\n<li>Grotli i Skj\u00e5k kommune registrerte den laveste temperaturen i natt med minus 34,1 grader.<\/li>\n<li>Bergen kan f\u00e5 sitt kaldeste d\u00f8gn p\u00e5 15 \u00e5r, men ingen nye kulderekorder er satt.<\/li>\n<li>Kulda forventes \u00e5 vedvare i minst ei uke til, med en mulig bedring etter det, if\u00f8lge statsmeteorolog Unni Nilssen.<\/li>\n<\/ul>\n<p class=\"italic ai-disclaimer\" data-lab-italic=\"italic\">Sammendraget er laget av ChatGPT og godkjent av Dagbladet.<\/p>\n<p>      Vis mer<br \/>\n      Vis mindre<\/p>\n<p>Hittil i 2026 har hele landet badet i minusgrader, og if\u00f8lge Meteorologisk institutt, fortsetter kuldeperioden.\u00a0<\/p>\n<p>Kaldest i natt var det p\u00e5 to steder i Innlandet fylke, Grotli i Skj\u00e5k kommune tok f\u00f8rsteplassen med 34,1 minusgrader.\u00a0<\/p>\n<p>Like bak ligger Bjorli i Lesja kommune med 32 kuldegrader, opplyser Meteorologisk institutt.\u00a0<\/p>\n<p>        G\u00c5RDSROMANSE?: Sondre Sundby har endelig f\u00e5tt seg kj\u00e6reste, men r\u00f8per at dama kan bli sjalu p\u00e5 forholdet hans til \u00abFarmen kjendis\u00bb-kollegaen. Reporter: Thea Hope\/Nora Skavhaug. Video: Sanne Holt\/ TV 2\/ R\u00f8d L\u00f8per<\/p>\n<p>        <img loading=\"lazy\" decoding=\"async\" src=\"https:\/\/www.europesays.com\/no\/wp-content\/uploads\/2026\/01\/84065105.webp.webp\" width=\"980\" height=\"559\" title=\"ISKALDT: Bjorli ble landets nest kaldeste sted i natt med sine 32 minusgrader. Foto: Nettkamera fra Norsk Luftambulanse\" alt=\"\" class=\"\" style=\"--aspect-ratio-image: 1.75; \"\/><\/p>\n<p>\n        ISKALDT: Bjorli ble landets nest kaldeste sted i natt med sine 32 minusgrader. Foto: Nettkamera fra Norsk Luftambulanse\n    <\/p>\n<p>Venter i spenning  <\/p>\n<p class=\"font-weight-bold m-font-weight-bold\" data-lab-font_weight=\"font-weight-bold\">Samtidig holder bergenserne pusten. Tirsdag omtalte <a href=\"https:\/\/www.ba.no\/kan-bli-det-kaldeste-dognet-pa-15-ar-bitende-kaldt\/s\/5-8-3273562\" target=\"_blank\" rel=\"nofollow noopener\">Bergensavisen<\/a>\u00a0(BA) at Bergen kan ligge an til \u00e5 f\u00e5 det kaldeste d\u00f8gnet p\u00e5 15 \u00e5r.\u00a0<\/p>\n<p>9. januar 2010 ble gjennomsnittstemperaturen m\u00e5lt til \u00e5 v\u00e6re minus 11,5 grader p\u00e5 Florida m\u00e5lestasjon i Bergen, og if\u00f8lge vakthavende meteorolog ved Meteorologisk institutt, Siri Wiberg, kan onsdagsd\u00f8gnet bli det kaldeste som er m\u00e5lt siden da.\u00a0\u00a0<\/p>\n<p>        <img loading=\"lazy\" decoding=\"async\" src=\"https:\/\/www.europesays.com\/no\/wp-content\/uploads\/2026\/01\/84066127.webp.webp\" width=\"980\" height=\"559\" title=\"BERGEN: I skrivende stund er det \u00e5tte minusgrader i Bergen, som f\u00f8les som minus 13 p\u00e5 grunn av en trekk fra \u00f8st. Skjermdump: Yr.no\" alt=\"\" class=\"\" style=\"--aspect-ratio-image: 1.75; \"\/><\/p>\n<p>\n        BERGEN: I skrivende stund er det \u00e5tte minusgrader i Bergen, som f\u00f8les som minus 13 p\u00e5 grunn av en trekk fra \u00f8st. Skjermdump: Yr.no\n    <\/p>\n<p>    <a itemprop=\"url\" href=\"https:\/\/www.dagbladet.no\/nyheter\/ringes-ned-folk-blir-bekymret\/84060508\" rel=\"nofollow noopener\" target=\"_blank\"><\/p>\n<p>        <img loading=\"lazy\" decoding=\"async\" src=\"https:\/\/www.europesays.com\/no\/wp-content\/uploads\/2026\/01\/84062505.webp.webp\" width=\"980\" height=\"441\" title=\"Ringes ned: - Folk blir bekymret\" alt=\"\" class=\"lazyload\" style=\"--aspect-ratio-image: 2.22; \"\/><\/p>\n<p>        Ringes ned: &#8211; Folk blir bekymret<\/p>\n<p>    <\/a><\/p>\n<p>&#8211; Det ser lovende ut. Det er ogs\u00e5 klarv\u00e6r som gj\u00f8r at det fort kan bli enda kaldere, uttalte Wiberg til avisa tirsdag kveld. <\/p>\n<p>If\u00f8lge dashbordet i BA-bilen, viste temperaturen minus 12 grader tirsdag kveld.\u00a0<\/p>\n<p>&#8211;\u00a0Det ser ut til at de neste dagene blir de kaldeste. Den kalde luften blir liggende og en kj\u00f8lig vind kommer fra \u00f8st. Det er bitende kaldt og en litt sur \u00f8stavind som treffer enkelte steder. Men dette kan gi mye fint v\u00e6r, sa Wiberg.\u00a0<\/p>\n<blockquote class=\"yr-embed\" data-post-id=\"dd41eae3-efc5-4452-a109-d49751c70d99\"><p>F\u00f8les det ekstra kaldt n\u00e5? \u2744\ufe0f+ \ud83c\udf2c\ufe0f Ja, f\u00f8lt temperatur blir lavere n\u00e5r det bl\u00e5ser.<\/p>\n<p>Hvis vi bruker Agder-kysten som eksempel: Med -5 grader og en vindstyrke p\u00e5 liten til stiv kuling, blir f\u00f8lt temperatur -15 grader. S\u00e5 kle deg ekstra godt om du skal ut i kulde og vind \ud83e\udde4\ud83e\udde3\ud83e\udd7e<\/p>\n<p><a href=\"https:\/\/www.yr.no\/nb\/meteorologene\/dd41eae3-efc5-4452-a109-d49751c70d99\" rel=\"nofollow noopener\" target=\"_blank\">Se melding p\u00e5 Yr<\/a> \u00b7 I dag kl. 10:15<\/p>\n<\/blockquote>\n<p>Fasiten foreligger i kveld<\/p>\n<p>Om bergenserne f\u00e5r rett, det er det litt for tidlig \u00e5 konkludere med.\u00a0<\/p>\n<p>N\u00e5r Dagbladet snakker med dagens klimavakt i Meteorologisk institutt, Nora Mo-Bj\u00f8rkelunden onsdag formiddag, forklarer hun at gjennomsnittsm\u00e5lingene gj\u00f8res fra klokka 19 til samme tidspunkt p\u00e5f\u00f8lgende kveld.\u00a0<\/p>\n<p>    <a itemprop=\"url\" href=\"https:\/\/dinside.dagbladet.no\/fritid\/her-gar-det-unna\/84057138\" rel=\"nofollow noopener\" target=\"_blank\"><\/p>\n<p>        <img loading=\"lazy\" decoding=\"async\" src=\"https:\/\/www.europesays.com\/no\/wp-content\/uploads\/2026\/01\/84057677.webp.webp\" width=\"980\" height=\"441\" title=\"- Her g\u00e5r det unna\" alt=\"\" class=\"lazyload\" style=\"--aspect-ratio-image: 2.22; \"\/><\/p>\n<p>        &#8211; Her g\u00e5r det unna<\/p>\n<p>    <\/a><\/p>\n<p class=\"font-weight-bold m-font-weight-bold\" data-lab-font_weight=\"font-weight-bold\">Fasiten p\u00e5 hvor kaldt det siste d\u00f8gnet har v\u00e6rt i Bergen foreligger alts\u00e5 ikke f\u00f8r klokka 19 i kveld, men klimavakta kommer med en liten gjetning:<\/p>\n<p>&#8211; Skal jeg tippe, blir ikke gjennomsnittstemperaturen kaldere for dette d\u00f8gnet, sier Mo-Bj\u00f8rkelunden.\u00a0<\/p>\n<p>For d\u00f8gnet mellom klokka 19.00 5. januar, og klokka 19 6. januar, registrerte m\u00e5lestasjonen p\u00e5 Florida i Bergen 8,7 minusgrader i gjennomsnittstemperatur, opplyser hun.\u00a0<\/p>\n<p>        <img loading=\"lazy\" decoding=\"async\" src=\"https:\/\/www.europesays.com\/no\/wp-content\/uploads\/2026\/01\/84065903.webp.webp\" width=\"667\" height=\"381\" title=\"SN\u00d8V\u00c6R: Med kulda har det ogs\u00e5 kommet p\u00e5fyll av sn\u00f8 i hovedstaden. Her er Oslo avbildet 6. januar. Foto: Gorm Kallestad \/ NTB\" alt=\"\" class=\"\" style=\"--aspect-ratio-image: 1.75; \"\/><\/p>\n<p>\n        SN\u00d8V\u00c6R: Med kulda har det ogs\u00e5 kommet p\u00e5fyll av sn\u00f8 i hovedstaden. Her er Oslo avbildet 6. januar. Foto: Gorm Kallestad \/ NTB\n    <\/p>\n<p>Ingen kulderekorder<\/p>\n<p>Selv om det hittil i januar har v\u00e6rt kaldere enn normalt, er det hittil ikke snakk om noen nye kulderekorder, if\u00f8lge klimavakta.\u00a0<\/p>\n<p>    <a itemprop=\"url\" href=\"https:\/\/dinside.dagbladet.no\/okonomi\/klar-melding-helt-opplagt\/84045247\" rel=\"nofollow noopener\" target=\"_blank\"><\/p>\n<p>        <img loading=\"lazy\" decoding=\"async\" src=\"https:\/\/www.europesays.com\/no\/wp-content\/uploads\/2026\/01\/84045637.webp.webp\" width=\"980\" height=\"441\" title=\"Klar melding: - Helt opplagt\" alt=\"\" class=\"lazyload\" style=\"--aspect-ratio-image: 2.22; \"\/><\/p>\n<p>        Klar melding: &#8211; Helt opplagt<\/p>\n<p>    <\/a><\/p>\n<p>&#8211; Norges kulderekord ble m\u00e5lt 1. januar i 1886 med minus 51,4 grader i Karasjok i Finnmark. Den kaldeste temperaturen hittil i 2026 ble m\u00e5lt i Kautokeino 1. januar, da gradestokken viste minus 39,5 grader. 2. januar ble den samme temperaturen m\u00e5lt i Karasjok, sier Mo-Bj\u00f8rkelunden.\u00a0<\/p>\n<p>Hun forteller at de f\u00f8lger med p\u00e5 om det kan bli nye kulderekorder, for sjansene er fortsatt til stede.\u00a0<\/p>\n<blockquote class=\"yr-embed\" data-post-id=\"63a87013-f1c2-4d77-96c3-c461ffdca1cf\"><p>God morgen fra et iskaldt Norge! \ud83e\udd76<\/p>\n<p>Kaldest i natt var det to steder i Innlandet fylke: Grotli p\u00e5 &laquo;topp&raquo; med -34,1 grader, og Bjorli med 32 kuldegrader. <\/p>\n<p>Kun R\u00f8st og V\u00e6r\u00f8y i Nordland var s\u00e5vidt p\u00e5 pluss, med henholdsvis 0,6 og 0,2 grader\ud83c\udf21\ufe0f<\/p>\n<p>Webkamera (Luftambulansen) fra Bjorli og Skrova\u2744\ufe0f<\/p>\n<p><a href=\"https:\/\/www.yr.no\/nb\/meteorologene\/63a87013-f1c2-4d77-96c3-c461ffdca1cf\" rel=\"nofollow noopener\" target=\"_blank\">Se melding p\u00e5 Yr<\/a> \u00b7 I dag kl. 08:46<\/p>\n<\/blockquote>\n<p>Enda kaldere s\u00f8ndag og mandag<\/p>\n<p>Det understreker ogs\u00e5 Unni Nilssen, statsmeteorolog ved Meteorologisk institutt.\u00a0<\/p>\n<p>&#8211; Det fortsetter i samme leia. Kulda kommer til \u00e5 vedvare i hvert fall ei uke til. Da viser prognosen en mulig bedring. Eksempelvis i Oslo har temperaturen vist 10 minusgrader p\u00e5 det kaldeste n\u00e5. Ut i neste uke kan temperaturen krype opp til rundt null, sier Nilssen til Dagbladet.\u00a0<\/p>\n<p>    <a itemprop=\"url\" href=\"https:\/\/dinside.dagbladet.no\/bolig\/tatt-helt-av\/84057699\" rel=\"nofollow noopener\" target=\"_blank\"><\/p>\n<p>        <img loading=\"lazy\" decoding=\"async\" src=\"https:\/\/www.europesays.com\/no\/wp-content\/uploads\/2026\/01\/84058495.webp.webp\" width=\"980\" height=\"441\" title=\"- Tatt helt av\" alt=\"\" class=\"lazyload\" style=\"--aspect-ratio-image: 2.22; \"\/><\/p>\n<p>        &#8211; Tatt helt av<\/p>\n<p>    <\/a><\/p>\n<p>Hun forespeiler at f\u00f8r temperaturen viser seg fra en mer moderat side, kommer spesielt s\u00f8ndag og mandag til \u00e5 vise seg fra en ekstra kald side.\u00a0<\/p>\n<p class=\"no_italic m-no_italic font-weight-bold m-font-weight-bold\" data-lab-italic=\"\" data-lab-font_weight=\"font-weight-bold\">&#8211; Det kan bli enda kaldere s\u00f8ndag og mandag, og da kan de typiske m\u00e5lestasjonene p\u00e5 de kaldeste stedene f\u00e5 nye rekorder, sier Nilssen.\u00a0<\/p>\n<p>Hun forklarer at det er plasseringen av h\u00f8ytrykk og lavtrykk som dirigerer luftmasser inn over landet. Da er det snakk om kald luftmasse som har dannet seg over flere dager, og som kommer fra en \u00f8stlig retning.\u00a0<\/p>\n<p>        <img loading=\"lazy\" decoding=\"async\" src=\"https:\/\/www.europesays.com\/no\/wp-content\/uploads\/2026\/01\/84065819.webp.webp\" width=\"667\" height=\"381\" title=\"FINNMARK: Bildet er tatt 0,3 kilometer fra Karasjok - Markannjarga, 159 meter over havet, onsdag. Foto: Nettkamera fra Norsk Luftambulanse\" alt=\"\" class=\"\" style=\"--aspect-ratio-image: 1.75; \"\/><\/p>\n<p>\n        FINNMARK: Bildet er tatt 0,3 kilometer fra Karasjok &#8211; Markannjarga, 159 meter over havet, onsdag. Foto: Nettkamera fra Norsk Luftambulanse\n    <\/p>\n<p>    <a itemprop=\"url\" href=\"https:\/\/dinside.dagbladet.no\/motor\/kan-gi-det-lille-ekstra\/84062751\" rel=\"nofollow noopener\" target=\"_blank\"><\/p>\n<p>        <img loading=\"lazy\" decoding=\"async\" src=\"https:\/\/www.europesays.com\/no\/wp-content\/uploads\/2026\/01\/84062774.webp.webp\" width=\"980\" height=\"441\" title=\"- Dropp det\" alt=\"\" class=\"lazyload\" style=\"--aspect-ratio-image: 2.22; \"\/><\/p>\n<p>        &#8211; Dropp det<\/p>\n<p>    <\/a><\/p>\n<p>Skal moderere seg  <\/p>\n<p>Hun forklarer at v\u00e6rtendensen framover stort sett er den samme over hele landet.\u00a0<\/p>\n<p>&#8211; I S\u00f8r-Norge, som p\u00e5 \u00d8stlandet og Vestlandet, vil kulda vare ei uke til. Fra Tr\u00f8ndelag og nordover vil kulda muligens henge igjen i en ti dagers tid f\u00f8r den modererer seg ogs\u00e5 her, forklarer Nilssen. <\/p>\n<p>Da er det snakk om at dagtemperaturen kan bevege seg opp mot rundt null grader, selv om det fortsatt vil v\u00e6re kaldt p\u00e5 dagtid.<\/p>\n<p>\u00a0<\/p>\n","protected":false},"excerpt":{"rendered":"V\u00e6ret Onsdagsd\u00f8gnet kan bli det kaldeste som er m\u00e5lt i Bergen p\u00e5 15 \u00e5r. MELLOM DE SJU FJELL:&hellip;\n","protected":false},"author":2,"featured_media":131273,"comment_status":"","ping_status":"","sticky":false,"template":"","format":"standard","meta":{"footnotes":""},"categories":[10],"tags":[11545,20,21,11543,24,25,15,479,2543,22,23,13,30,28,29,787,14,16,15215,26,27],"class_list":{"0":"post-131272","1":"post","2":"type-post","3":"status-publish","4":"format-standard","5":"has-post-thumbnail","7":"category-norge","8":"tag-annika-momrak","9":"tag-breaking-news","10":"tag-breakingnews","11":"tag-dama-til","12":"tag-featured-news","13":"tag-featurednews","14":"tag-headlines","15":"tag-kjendis","16":"tag-kjendisdesken","17":"tag-latest-news","18":"tag-latestnews","19":"tag-news","20":"tag-no","21":"tag-norge","22":"tag-norway","23":"tag-nrk","24":"tag-nyheter","25":"tag-overskrifter","26":"tag-sindre-reinholt","27":"tag-top-stories","28":"tag-topstories"},"share_on_mastodon":{"url":"https:\/\/pubeurope.com\/@no\/115854681475584862","error":""},"_links":{"self":[{"href":"https:\/\/www.europesays.com\/no\/wp-json\/wp\/v2\/posts\/131272","targetHints":{"allow":["GET"]}}],"collection":[{"href":"https:\/\/www.europesays.com\/no\/wp-json\/wp\/v2\/posts"}],"about":[{"href":"https:\/\/www.europesays.com\/no\/wp-json\/wp\/v2\/types\/post"}],"author":[{"embeddable":true,"href":"https:\/\/www.europesays.com\/no\/wp-json\/wp\/v2\/users\/2"}],"replies":[{"embeddable":true,"href":"https:\/\/www.europesays.com\/no\/wp-json\/wp\/v2\/comments?post=131272"}],"version-history":[{"count":0,"href":"https:\/\/www.europesays.com\/no\/wp-json\/wp\/v2\/posts\/131272\/revisions"}],"wp:featuredmedia":[{"embeddable":true,"href":"https:\/\/www.europesays.com\/no\/wp-json\/wp\/v2\/media\/131273"}],"wp:attachment":[{"href":"https:\/\/www.europesays.com\/no\/wp-json\/wp\/v2\/media?parent=131272"}],"wp:term":[{"taxonomy":"category","embeddable":true,"href":"https:\/\/www.europesays.com\/no\/wp-json\/wp\/v2\/categories?post=131272"},{"taxonomy":"post_tag","embeddable":true,"href":"https:\/\/www.europesays.com\/no\/wp-json\/wp\/v2\/tags?post=131272"}],"curies":[{"name":"wp","href":"https:\/\/api.w.org\/{rel}","templated":true}]}}