{"id":131274,"date":"2026-01-07T16:08:12","date_gmt":"2026-01-07T16:08:12","guid":{"rendered":"https:\/\/www.europesays.com\/no\/131274\/"},"modified":"2026-01-07T16:08:12","modified_gmt":"2026-01-07T16:08:12","slug":"krim-bjorgvin-ungdomsfengsel-tilsyn-alvorlig-bekymret-for-barn-og-unge-i-ungdomsfengselet-i-bergen","status":"publish","type":"post","link":"https:\/\/www.europesays.com\/no\/131274\/","title":{"rendered":"Krim, Bj\u00f8rgvin ungdomsfengsel | Tilsyn: Alvorlig bekymret for barn og unge i ungdomsfengselet i Bergen"},"content":{"rendered":"\n<p>De er bekymret for presset \u00f8konomi, h\u00f8y arbeidsbelastning, \u00f8kt bruk av isolasjon og mangelfulle tilbud til barn og unge i fengsel.<\/p>\n<p>Det skriver Tilsynsr\u00e5det for kriminalomsorgen i en pressemelding onsdag.<\/p>\n<p>Tilsynsr\u00e5det vurderer at det foreligger flere kritikkverdige forhold ved ungdomsenheten, blant annet en h\u00f8y risiko for ulovlig bruk av sikkerhetscelle og for umenneskelig eller nedverdigende behandling av barn.<\/p>\n<p>BA har tidligere omtalt lignende kritikk som kom fra Sivilombudet i oktober i fjor:<\/p>\n<p>  <a href=\"https:\/\/www.ba.no\/5-8-3196995\" class=\"related-teaser has-image default-story-teaser article--c-eRUmMG article--c-eRUmMG-jKCPdD-design-default\" rel=\"nofollow noopener\" target=\"_blank\"><\/p>\n<p>    <img decoding=\"async\" loading=\"lazy\"  src=\"https:\/\/www.europesays.com\/no\/wp-content\/uploads\/2026\/01\/L1150985-scaled-e1761051493349.jpg\" alt=\"\" class=\"brick-c-cFOWSL\" style=\"\"\/><\/p>\n<p>\n            Les ogs\u00e5<\/p>\n<p>              Nedsl\u00e5ende funn i ungdomsfengselet: \u2013 L\u00e5 naken p\u00e5 betonggulv i glattcelle i 14 timer\n        <\/p>\n<p>  <\/a><br \/>\n  Bekymret for innsatte og ansatte<\/p>\n<p>Ungdomsenheten p\u00e5 Bj\u00f8rgvin er et fengsel for gutter og jenter i alderen 15-18 \u00e5r, og har fire plasser.<\/p>\n<p>Leder i Tilsynsr\u00e5det, Verna Rege Nilssen, understreker i den ferske pressemeldingen at innsatte barns rettigheter ikke kan settes til side, selv om fengselet har krevende \u00f8konomiske og driftsmessige rammer.<\/p>\n<p><b>\u2013 Kriminalomsorgen har et s\u00e6rlig ansvar for barn som er fratatt friheten. Presset \u00f8konomi kan aldri begrunne at barns rettigheter svekkes, sier Rege Nilssen.<\/b><\/p>\n<p><b>R\u00e5det er ogs\u00e5 spesielt bekymret for arbeidsbelastningen blant de ansatte ved ungdomsenheten.<\/b><\/p>\n<p>Rapporten beskriver en arbeidshverdag preget av h\u00f8yt konfliktniv\u00e5, vold og trusler, med sykefrav\u00e6r som i perioder har v\u00e6rt opp mot 20 prosent.<\/p>\n<p>\u2013 N\u00e5r ansatte over tid st\u00e5r i en arbeidssituasjon preget av h\u00f8y belastning og utrygghet, f\u00e5r det direkte konsekvenser for ungdommene. Trygge ansatte er en forutsetning for trygge ungdommer, sier Rege Nilssen.<\/p>\n<p>            Dette er Tilsynsr\u00e5det for kriminalomsorgen<\/p>\n<p>Det nye nasjonale Tilsynsr\u00e5det for kriminalomsorgen er etablert fra 1. januar 2025. <\/p>\n<p>Tilsynsr\u00e5det er uavhengig i sitt arbeid og kan ikke instrueres om lovtolkning eller skj\u00f8nnsut\u00f8velse.<\/p>\n<p>Tilsynsr\u00e5det skal f\u00f8re tilsyn med at personer som er innsatt i kriminalomsorgens institusjoner, behandles i samsvar med gjeldende rett og at deres velferd ivaretas. Tilsynsr\u00e5det skal ogs\u00e5 f\u00f8re tilsyn med at personer som gjennomf\u00f8rer varetekt eller straff utenfor institusjon, behandles i samsvar med gjeldende rett.<\/p>\n<p>Tilsynsr\u00e5det kan ta opp saker av eget tiltak eller etter henvendelse fra innsatte, domfelte, siktede, botlagte, p\u00e5r\u00f8rende eller ansatte.<\/p>\n<p>Tilsynsbes\u00f8ket kan varsles p\u00e5 forh\u00e5nd eller v\u00e6re uanmeldte. Domfelte og innsatte har rett til \u00e5 kommunisere fortrolig med Tilsynsr\u00e5det og sekretariatet.<\/p>\n<p>  Bruk av glattcelle<\/p>\n<p><a rel=\"Follow nofollow noopener\" href=\"https:\/\/www.ba.no\/nedslaende-funn-i-ungdomsfengselet-la-naken-pa-betonggulv-i-glattcelle-i-14-timer\/s\/5-8-3196995\" target=\"_blank\">Som ogs\u00e5 Sivilombudet p\u00e5pekte etter sine observasjoner<\/a>, reagerer Tilsynsr\u00e5det p\u00e5 \u00f8kt bruk av skjermings- og sikkerhetscelle for ungdommene.<\/p>\n<p>Sikkerhetscelle er et annet ord for glattcelle.<\/p>\n<p>Tilsynsr\u00e5det viser til <a rel=\"Follow nofollow noopener\" href=\"https:\/\/www.sivilombudet.no\/besoksrapporter\/besoksrapport-bjorgvin-fengsel-ungdomsenhet-vest\/\" target=\"_blank\">Sivilombudets rapport fra 2025<\/a>, som avdekket flere kritikkverdige forhold ved bruken av slike tiltak, blant annet mangelfull oppf\u00f8lging og dokumentasjon.<\/p>\n<p>   <img decoding=\"async\" width=\"1200\" height=\"1007\" fetchpriority=\"low\"  loading=\"lazy\"  src=\"https:\/\/www.europesays.com\/no\/wp-content\/uploads\/2026\/01\/L1150985-scaled-e1761051493349+%281%29.jpg\" alt=\"\" class=\"brick-c-cFOWSL\" style=\"--brick-image-ratio: 1200 \/ 1007;\"\/><\/p>\n<p>      Slik ser sikkerhetscellen, eller glattcellen, i Ungdomsenheten vest ut. Den er p\u00e5 ti kvadrat.<br \/>\n      Foto: Sivilombudet\n    <\/p>\n<p>\u2013 Sikkerhets- og skjermingscelle er sv\u00e6rt inngripende tiltak, spesielt overfor mindre\u00e5rige. Slike tiltak skal kun brukes n\u00e5r det er strengt n\u00f8dvendig, og \u00f8kt bruk gir grunn til uro, sier Rege Nilssen.<\/p>\n<p>Kroppsvisitasjon av barn vekker ogs\u00e5 bekymring, og generelt bruken av tvangstiltak. I tillegg avdekker tilsynet en \u00f8kning i antall vedtak om utelukkelse og isolasjon fra fellesskapet.<\/p>\n<p>\u2013 Isolasjon kan ha alvorlige konsekvenser for barns og unges psykiske helse. N\u00e5r vi b\u00e5de ser flere utelukkelser og at ungdommer selv velger \u00e5 isolere seg, er dette et tydelig varsel om at situasjonen er alvorlig, sier tilsynsr\u00e5d-lederen.<\/p>\n<p>\u2013 Iverksatt flere tiltak<\/p>\n<p>Tilsynsr\u00e5det avslutter pressemeldingen med at de n\u00e5 forventer tydelig oppf\u00f8lging fra kriminalomsorgen.<\/p>\n<p>Fengselsleder \u00d8rjan Fond har svart p\u00e5 tilsynsrapporten. Han skriver at det er iverksatt flere tiltak for \u00e5 bedre arbeidssituasjonen for de ansatte i fengselet.<\/p>\n<p>Om bruken av isolasjon, sier han f\u00f8lgende:<\/p>\n<p><b>\u2013 Vi er i en fase hvor det er iverksatt en rekke tiltak for \u00e5 sikre at Sivilombudets anbefalinger f\u00f8lges opp.<\/b><\/p>\n<p><b>P\u00e5 det som gjelder kroppsvisitasjon, understreker Fond at det kun skal skje n\u00e5r det er tvingende n\u00f8dvendig og forholdsmessig. <\/b><\/p>\n<p>   <img decoding=\"async\" width=\"7216\" height=\"4811\" fetchpriority=\"low\"  loading=\"lazy\"  src=\"https:\/\/www.europesays.com\/no\/wp-content\/uploads\/2026\/01\/SE1_1723_kopi+%281%29.jpg\" alt=\"Bes\u00f8k Bj\u00f8rgvin ungdomsfengsel, \u00d8rjan Fond - fengselsleiar \" class=\"brick-c-cFOWSL\" style=\"--brick-image-ratio: 7216 \/ 4811;\"\/><\/p>\n<p>      \u00d8rjan Fond, fengselsleder i Bj\u00f8rgvin ungdomsfengsel.<br \/>\n      Foto: SKJALG EKELAND\n    <\/p>\n<p>Hvert enkelt tilfelle blir f\u00f8rt inn i journalsystemer.<\/p>\n<p>Tilsynet har bedt fengselet om \u00e5 anskaffe en kroppsskanner, slik at visitasjoner kan skje p\u00e5 en minst mulig inngripende m\u00e5te.<\/p>\n<p>Fengselet svarer at de har gitt Kriminalomsorgsdirektoratet (KDI) beskjed om behovet.<\/p>\n<p>\u2013 Men per dags dato har vi ikke egnede lokaler \u00e5 ha en slik maskin i.<\/p>\n<p>Sp\u00f8rsm\u00e5l om prioritering av midler<\/p>\n<p>Tilsynsr\u00e5det har bedt fengselsledelsen vurdere om ungdommer kan holdes adskilt der det er til deres eget beste, for eksempel ved konflikt.<\/p>\n<p>\u2013 Tidvis vil det v\u00e6re hensiktsmessig \u00e5 dele innsatte i grupper (&#8230;). Det er imidlertid begrensninger knyttet til muligheter, fangesammensetning og ressurser, noe som i flere tilfeller f\u00f8rer til at det kan v\u00e6re vanskelig \u00e5 ivareta hensynet til barnets beste for den ene innsatte, fordi det kommer i konflikt med hensynet til barnets beste for de andre innsatte, skriver Fond i svaret.<\/p>\n<p>Det kreves en lovendring for \u00e5 skille innsatte, p\u00e5peker han ogs\u00e5.<\/p>\n<p>\u2013 Tilsynsr\u00e5dets anbefaling illustrerer det som blir vanskelig i hverdagen n\u00e5r regelverket for \u00e5 begrense fellesskapet har s\u00e5 h\u00f8y terskel, nemlig hensiktsmessigheten ved \u00e5 kunne dele fellesskapet, sett opp mot utgangspunktet om fellesskap med andre mindre\u00e5rige.<\/p>\n<p>Tilsynet har ogs\u00e5 p\u00e5pekt behovet for et bedre og mer variert undervisnings- og aktivitetstilbud for ungdommene i fengselet.<\/p>\n<p>Ledelsen svarer at de har bedt om et nytt aktivitetsbygg, men at det er et sp\u00f8rsm\u00e5l om prioriteringer av kriminalomsorgens midler.<\/p>\n","protected":false},"excerpt":{"rendered":"De er bekymret for presset \u00f8konomi, h\u00f8y arbeidsbelastning, \u00f8kt bruk av isolasjon og mangelfulle tilbud til barn og&hellip;\n","protected":false},"author":2,"featured_media":131275,"comment_status":"","ping_status":"","sticky":false,"template":"","format":"standard","meta":{"footnotes":""},"categories":[5],"tags":[36,9571,20,21,24,25,15,19,983,22,23,17,18,13,30,28,29,14,16,1510,7552,26,27],"class_list":{"0":"post-131274","1":"post","2":"type-post","3":"status-publish","4":"format-standard","5":"has-post-thumbnail","7":"category-overskrifter","8":"tag-art","9":"tag-bjorgvin-ungdomsfengsel","10":"tag-breaking-news","11":"tag-breakingnews","12":"tag-featured-news","13":"tag-featurednews","14":"tag-headlines","15":"tag-hovedoppslag","16":"tag-krim","17":"tag-latest-news","18":"tag-latestnews","19":"tag-main-news","20":"tag-mainnews","21":"tag-news","22":"tag-no","23":"tag-norge","24":"tag-norway","25":"tag-nyheter","26":"tag-overskrifter","27":"tag-story","28":"tag-tilsyn","29":"tag-top-stories","30":"tag-topstories"},"share_on_mastodon":{"url":"https:\/\/pubeurope.com\/@no\/115854685208208805","error":""},"_links":{"self":[{"href":"https:\/\/www.europesays.com\/no\/wp-json\/wp\/v2\/posts\/131274","targetHints":{"allow":["GET"]}}],"collection":[{"href":"https:\/\/www.europesays.com\/no\/wp-json\/wp\/v2\/posts"}],"about":[{"href":"https:\/\/www.europesays.com\/no\/wp-json\/wp\/v2\/types\/post"}],"author":[{"embeddable":true,"href":"https:\/\/www.europesays.com\/no\/wp-json\/wp\/v2\/users\/2"}],"replies":[{"embeddable":true,"href":"https:\/\/www.europesays.com\/no\/wp-json\/wp\/v2\/comments?post=131274"}],"version-history":[{"count":0,"href":"https:\/\/www.europesays.com\/no\/wp-json\/wp\/v2\/posts\/131274\/revisions"}],"wp:featuredmedia":[{"embeddable":true,"href":"https:\/\/www.europesays.com\/no\/wp-json\/wp\/v2\/media\/131275"}],"wp:attachment":[{"href":"https:\/\/www.europesays.com\/no\/wp-json\/wp\/v2\/media?parent=131274"}],"wp:term":[{"taxonomy":"category","embeddable":true,"href":"https:\/\/www.europesays.com\/no\/wp-json\/wp\/v2\/categories?post=131274"},{"taxonomy":"post_tag","embeddable":true,"href":"https:\/\/www.europesays.com\/no\/wp-json\/wp\/v2\/tags?post=131274"}],"curies":[{"name":"wp","href":"https:\/\/api.w.org\/{rel}","templated":true}]}}