{"id":131280,"date":"2026-01-07T16:14:07","date_gmt":"2026-01-07T16:14:07","guid":{"rendered":"https:\/\/www.europesays.com\/no\/131280\/"},"modified":"2026-01-07T16:14:07","modified_gmt":"2026-01-07T16:14:07","slug":"ny-rekord-i-stromforbruk-fvn-no","status":"publish","type":"post","link":"https:\/\/www.europesays.com\/no\/131280\/","title":{"rendered":"(+) Ny rekord i str\u00f8mforbruk &#8211; fvn.no"},"content":{"rendered":"<ol>\n<li><a href=\"https:\/\/news.google.com\/rss\/articles\/CBMiigFBVV95cUxPb2VIU1pCYmc3MDhhZmszckZsWWVNT0JsQTNxYXlxVUlPcDFIenJraHBKa3RXYlg0ZDVZS1I5NUx3TU9lVU82SGtkWmZteVpWRWFxdGZpWXExOXhsNkdhZGlQZFZiUEtZQm9NaEVDTldnd0VYTXJ0WVdjTlpsU3pIdHliWTJfRm9hdlE?oc=5\" target=\"_blank\" rel=\"nofollow noopener\">(+) Ny rekord i str\u00f8mforbruk<\/a>&nbsp;&nbsp;fvn.no<\/li>\n<li><a href=\"https:\/\/news.google.com\/rss\/articles\/CBMinwFBVV95cUxQSUJRME9rTDJOM3BwelJEeWJDcXhpOE9uQzMzMXA5cEZ1MTBIYUQyX3FJSmJBbTQxM0ZmLVF3VU9lV3Nkd1dRcW41MlZ3dEstMm9sajdqYU1pQnNCdHhxRHNYX3hoZmZSWFVWWnZhaHl5U2Z4OE1Bb1JKWDVubzRacDYteHFzTF80b1RGS01WLVdueW9WSVQxOTVsN3NtYTA?oc=5\" target=\"_blank\" rel=\"nofollow noopener\">Ny straumrekord i Noreg: Aldri f\u00f8r har vi brukt meir straum<\/a>&nbsp;&nbsp;NRK<\/li>\n<li><a href=\"https:\/\/news.google.com\/rss\/articles\/CBMihAFBVV95cUxNVm5pRDdaaER3Yi02NURqYjZ0cTVoYi1QOFhZMFlTaU1aSWZkNmdKLXBZNUxnS0Z5Q2FDdmVNWnRiN2FSMnBWRXhyLWRTYVlVNEdHMFFFT0FqV0p2UGV4MlhpcjRBeHM3c1FTQWpQeHdsQjFUX2lfVTBLdExvWUtneXh6VHc?oc=5\" target=\"_blank\" rel=\"nofollow noopener\">Norge setter ny rekord i str\u00f8mforbruk<\/a>&nbsp;&nbsp;E24<\/li>\n<li><a href=\"https:\/\/news.google.com\/rss\/articles\/CBMiowFBVV95cUxPYTR2V2RKbW9fTWdzOUhWc05xYTNQM3pRVG9sVkpwYnA0Q0h3azdLLUx5cTdVOTBzdHB6UGdfcTJCbHY5cm5UOUdabEt0T0hZT2ZGVDhVcGdRYnltU05rcjdOVjU4cDN5dGhDeEwwYVZkRTZpVmU2OHZmMHMtSGYxR2JxMHFzc1hQVVAybU9oTk0tWno5aDdodWdoLXdxM2hFZjhn?oc=5\" target=\"_blank\" rel=\"nofollow noopener\">Nord-Europas h\u00f8yeste str\u00f8mpris torsdag: Over 4 kr\/kWh<\/a>&nbsp;&nbsp;Europower<\/li>\n<li><a href=\"https:\/\/news.google.com\/rss\/articles\/CBMipwFBVV95cUxONG5ETXUxdjNVNGsydkIyam01TE9raDV5anQwVUFzY25ENTdBUUgtRVRwVlFqZkp3VF9rRjBXYURTVk5hQVVEdUNmUDRPR2JNUUo2Zk5JRjFTakxmd3FCV0NmcUNoVUNzUXNrRXkwQXFEQkc4WDZaeGoyaGtjTS1fTHk0Q1ptVjdFNEEtZHpYUlFYOEk1OTFSUUFTeTRocTZnYWswb29FWQ?oc=5\" target=\"_blank\" rel=\"nofollow noopener\">Str\u00f8mpris, Norgespris | Historisk str\u00f8mrekord: N\u00e5 skyter ogs\u00e5 prisen til himmels<\/a>&nbsp;&nbsp;Nettavisen<\/li>\n<\/ol>\n","protected":false},"excerpt":{"rendered":"(+) Ny rekord i str\u00f8mforbruk&nbsp;&nbsp;fvn.no Ny straumrekord i Noreg: Aldri f\u00f8r har vi brukt meir straum&nbsp;&nbsp;NRK Norge setter&hellip;\n","protected":false},"author":2,"featured_media":131281,"comment_status":"","ping_status":"","sticky":false,"template":"","format":"standard","meta":{"footnotes":""},"categories":[10],"tags":[20,21,24,25,15,22,23,13,30,28,29,14,16,6527,3481,243,26,27],"class_list":{"0":"post-131280","1":"post","2":"type-post","3":"status-publish","4":"format-standard","5":"has-post-thumbnail","7":"category-norge","8":"tag-breaking-news","9":"tag-breakingnews","10":"tag-featured-news","11":"tag-featurednews","12":"tag-headlines","13":"tag-latest-news","14":"tag-latestnews","15":"tag-news","16":"tag-no","17":"tag-norge","18":"tag-norway","19":"tag-nyheter","20":"tag-overskrifter","21":"tag-sno","22":"tag-statnett","23":"tag-strom","24":"tag-top-stories","25":"tag-topstories"},"share_on_mastodon":{"url":"https:\/\/pubeurope.com\/@no\/115854708858173793","error":""},"_links":{"self":[{"href":"https:\/\/www.europesays.com\/no\/wp-json\/wp\/v2\/posts\/131280","targetHints":{"allow":["GET"]}}],"collection":[{"href":"https:\/\/www.europesays.com\/no\/wp-json\/wp\/v2\/posts"}],"about":[{"href":"https:\/\/www.europesays.com\/no\/wp-json\/wp\/v2\/types\/post"}],"author":[{"embeddable":true,"href":"https:\/\/www.europesays.com\/no\/wp-json\/wp\/v2\/users\/2"}],"replies":[{"embeddable":true,"href":"https:\/\/www.europesays.com\/no\/wp-json\/wp\/v2\/comments?post=131280"}],"version-history":[{"count":0,"href":"https:\/\/www.europesays.com\/no\/wp-json\/wp\/v2\/posts\/131280\/revisions"}],"wp:featuredmedia":[{"embeddable":true,"href":"https:\/\/www.europesays.com\/no\/wp-json\/wp\/v2\/media\/131281"}],"wp:attachment":[{"href":"https:\/\/www.europesays.com\/no\/wp-json\/wp\/v2\/media?parent=131280"}],"wp:term":[{"taxonomy":"category","embeddable":true,"href":"https:\/\/www.europesays.com\/no\/wp-json\/wp\/v2\/categories?post=131280"},{"taxonomy":"post_tag","embeddable":true,"href":"https:\/\/www.europesays.com\/no\/wp-json\/wp\/v2\/tags?post=131280"}],"curies":[{"name":"wp","href":"https:\/\/api.w.org\/{rel}","templated":true}]}}