{"id":131293,"date":"2026-01-07T16:27:12","date_gmt":"2026-01-07T16:27:12","guid":{"rendered":"https:\/\/www.europesays.com\/no\/131293\/"},"modified":"2026-01-07T16:27:12","modified_gmt":"2026-01-07T16:27:12","slug":"stranger-things-finaledrama-hentet-fra-baldurs-gate-3","status":"publish","type":"post","link":"https:\/\/www.europesays.com\/no\/131293\/","title":{"rendered":"Stranger Things\u2019 finaledrama hentet fra Baldur\u2019s Gate 3"},"content":{"rendered":"<p>Skaperne av Stanger Things-serien, <b>Matt og Ross Duffer<\/b>, gav nylig <a href=\"https:\/\/variety.com\/2026\/tv\/news\/stranger-things-finale-is-eleven-alive-vecna-killed-rock-spinoff-1236621528\/\" rel=\"nofollow noopener\" target=\"_blank\">et lengre intervju med magasinet Variety<\/a> om slutten av serien. <\/p>\n<p>Br\u00f8drene gikk dypt inn i hvorfor de valgte \u00e5 forme finalen p\u00e5 nettopp denne m\u00e5ten, og hvordan deres egen lidenskap for rollespill som Dungeons &amp; Dragons og Baldur\u2019s Gate 3 har informert dramaet i den popul\u00e6re serien.<\/p>\n<p>Dungeons &amp; Dragons har v\u00e6rt en stor del av historien i Stranger Things-serien helt fra f\u00f8rste episode. <\/p>\n<p><strong>Serien har som f\u00f8lge ogs\u00e5 bidratt stort til renessansen for D&amp;D, som ogs\u00e5 har gitt ekko tilbake inn i serien.<\/strong><\/p>\n<p>        <a href=\"https:\/\/i.bo3.no\/image\/389426\/fdasfads.jpg?c=0&amp;h=1080&amp;w=1920\" rel=\"nofollow noopener\" target=\"_blank\"><\/p>\n<p>        <img decoding=\"async\" onload=\"this.style = null\" src=\"https:\/\/www.europesays.com\/no\/wp-content\/uploads\/2026\/01\/fdasfads.jpg\" style=\"background-image: url('data:image\/jpeg;base64,\/9j\/4QC8RXhpZgAASUkqAAgAAAAGABIBAwABAAAAAQAAABoBBQABAAAAVgAAABsBBQABAAAAXgAAACgBAwABAAAAAgAAABMCAwABAAAAAQAAAGmHBAABAAAAZgAAAAAAAABIAAAAAQAAAEgAAAABAAAABgAAkAcABAAAADAyMTABkQcABAAAAAECAwAAoAcABAAAADAxMDABoAMAAQAAAP\/\/AAACoAQAAQAAACQAAAADoAQAAQAAABQAAAAAAAAA\/9sAQwAIBgYHBgUIBwcHCQkICgwUDQwLCwwZEhMPFB0aHx4dGhwcICQuJyAiLCMcHCg3KSwwMTQ0NB8nOT04MjwuMzQy\/9sAQwEJCQkMCwwYDQ0YMiEcITIyMjIyMjIyMjIyMjIyMjIyMjIyMjIyMjIyMjIyMjIyMjIyMjIyMjIyMjIyMjIyMjIy\/8AAEQgAFAAkAwEiAAIRAQMRAf\/EAB8AAAEFAQEBAQEBAAAAAAAAAAABAgMEBQYHCAkKC\/\/EALUQAAIBAwMCBAMFBQQEAAABfQECAwAEEQUSITFBBhNRYQcicRQygZGhCCNCscEVUtHwJDNicoIJChYXGBkaJSYnKCkqNDU2Nzg5OkNERUZHSElKU1RVVldYWVpjZGVmZ2hpanN0dXZ3eHl6g4SFhoeIiYqSk5SVlpeYmZqio6Slpqeoqaqys7S1tre4ubrCw8TFxsfIycrS09TV1tfY2drh4uPk5ebn6Onq8fLz9PX29\/j5+v\/EAB8BAAMBAQEBAQEBAQEAAAAAAAABAgMEBQYHCAkKC\/\/EALURAAIBAgQEAwQHBQQEAAECdwABAgMRBAUhMQYSQVEHYXETIjKBCBRCkaGxwQkjM1LwFWJy0QoWJDThJfEXGBkaJicoKSo1Njc4OTpDREVGR0hJSlNUVVZXWFlaY2RlZmdoaWpzdHV2d3h5eoKDhIWGh4iJipKTlJWWl5iZmqKjpKWmp6ipqrKztLW2t7i5usLDxMXGx8jJytLT1NXW19jZ2uLj5OXm5+jp6vLz9PX29\/j5+v\/aAAwDAQACEQMRAD8A8XktssTipNPtVlutjEgetXjFIJ9oAINWYdOaCTzM\/Ma5HUVtzrjTd7tGdeo1rugSQmNqzjbnG7GBW5eoglXzec1TuAikAfcrWHw3M6nx2RBEpEY5oqUSRqMCisHe5uloaSn9+h966O5wkUZAGSKKKwl0OhnK64T5q1llyycmiiu6l\/DPOq\/xSMk0UUVJsf\/Z');background-size:cover;background-position:50% 50%;\" class=\"image-container__image \" width=\"999\" height=\"562\" loading=\"lazy\" fetchpriority=\"auto\" \/><\/p>\n<p>        <\/a><\/p>\n<p>                                    Dungeon Master Mike i aksjon.<\/p>\n<p>                        Netflix\n                    <\/p>\n<p>Matt Duffer var klar i talen om at rollespill inspirerte store deler av det dramatiske h\u00f8ydepunktet i siste episode av serien.<\/p>\n<p><strong>\u2013 Vi tenkte p\u00e5 D&amp;D, og jeg spilte Baldur&#8217;s Gate 3 p\u00e5 den tiden, og vi f\u00f8lte at det var veldig viktig at den eneste m\u00e5ten de kunne beseire den p\u00e5, var at hele gruppen jobbet sammen. <\/strong><\/p>\n<p>Det er jo vanlig i rollespill \u2013 enten p\u00e5 datamaskiner eller rundt bordet \u2013 at du ikke g\u00e5r inn i finalen uten \u00e5 ha l\u00f8st alle loyalitetsoppdrag, sidespor og sm\u00e5jobber.<\/p>\n<p>\u2013 Alle hadde fullstendig innsett at \u2013 enten gjennom selvaksept eller at de hadde l\u00f8st alle sine forskjellige problemer \u2013 n\u00e5r de gikk inn i den siste kampen, var de helt klare. De er det ultimate teamet, og det er gruppen som jobber sammen for \u00e5 beseire denne tingen. Og de har hver sine individuelle ferdigheter, ikke sant? <\/p>\n<p>        <a href=\"https:\/\/i.bo3.no\/image\/389424\/StrangerThings-series-finale-Eleven-Vecna.jpg?c=0&amp;h=960&amp;w=1920\" rel=\"nofollow noopener\" target=\"_blank\"><\/p>\n<p>        <img decoding=\"async\" onload=\"this.style = null\" src=\"https:\/\/www.europesays.com\/no\/wp-content\/uploads\/2026\/01\/StrangerThings-series-finale-Eleven-Vecna.jpg\" style=\"background-image: url('data:image\/jpeg;base64,\/9j\/4QC8RXhpZgAASUkqAAgAAAAGABIBAwABAAAAAQAAABoBBQABAAAAVgAAABsBBQABAAAAXgAAACgBAwABAAAAAgAAABMCAwABAAAAAQAAAGmHBAABAAAAZgAAAAAAAABIAAAAAQAAAEgAAAABAAAABgAAkAcABAAAADAyMTABkQcABAAAAAECAwAAoAcABAAAADAxMDABoAMAAQAAAP\/\/AAACoAQAAQAAACgAAAADoAQAAQAAABQAAAAAAAAA\/9sAQwAIBgYHBgUIBwcHCQkICgwUDQwLCwwZEhMPFB0aHx4dGhwcICQuJyAiLCMcHCg3KSwwMTQ0NB8nOT04MjwuMzQy\/9sAQwEJCQkMCwwYDQ0YMiEcITIyMjIyMjIyMjIyMjIyMjIyMjIyMjIyMjIyMjIyMjIyMjIyMjIyMjIyMjIyMjIyMjIy\/8AAEQgAFAAoAwEiAAIRAQMRAf\/EAB8AAAEFAQEBAQEBAAAAAAAAAAABAgMEBQYHCAkKC\/\/EALUQAAIBAwMCBAMFBQQEAAABfQECAwAEEQUSITFBBhNRYQcicRQygZGhCCNCscEVUtHwJDNicoIJChYXGBkaJSYnKCkqNDU2Nzg5OkNERUZHSElKU1RVVldYWVpjZGVmZ2hpanN0dXZ3eHl6g4SFhoeIiYqSk5SVlpeYmZqio6Slpqeoqaqys7S1tre4ubrCw8TFxsfIycrS09TV1tfY2drh4uPk5ebn6Onq8fLz9PX29\/j5+v\/EAB8BAAMBAQEBAQEBAQEAAAAAAAABAgMEBQYHCAkKC\/\/EALURAAIBAgQEAwQHBQQEAAECdwABAgMRBAUhMQYSQVEHYXETIjKBCBRCkaGxwQkjM1LwFWJy0QoWJDThJfEXGBkaJicoKSo1Njc4OTpDREVGR0hJSlNUVVZXWFlaY2RlZmdoaWpzdHV2d3h5eoKDhIWGh4iJipKTlJWWl5iZmqKjpKWmp6ipqrKztLW2t7i5usLDxMXGx8jJytLT1NXW19jZ2uLj5OXm5+jp6vLz9PX29\/j5+v\/aAAwDAQACEQMRAD8A8kh2k8nFWPOjA2pyaqxiNkB3c1YtYcThj92uSTOuI8RvnO01ft5oiAsgwwqUXMIfaoG7FRQxbp2aRflrJyvuaqNti8MSlQooqxD5MJByKKm5ol3PPI5GLjmty1JwKKK6ahyUxy8XnFaKsf0oorCRtEyPtk\/24x7\/AJc0UUVo0Smf\/9k=');background-size:cover;background-position:50% 50%;\" class=\"image-container__image \" width=\"1000\" height=\"500\" loading=\"lazy\" fetchpriority=\"auto\" \/><\/p>\n<p>        <\/a><\/p>\n<p>                        Netflix\n                    <\/p>\n<p><strong>\u2013 Det er der jeg g\u00e5r tilbake til Dungeons &amp; Dragons, og noe som Baldur&#8217;s Gate. For det er slik du tar ned disse monstrene som virker ustoppelige ellers. <\/strong><\/p>\n<p>Rollespill har jo nettopp en stor rollebesetning av hovedpersoner til felles med TV-serier som Stranger Things. Og det gjorde at de lett kunne trekke inspirasjon til serien.<\/p>\n<p>\u2013 Det var masse dataspillreferanser brukt i den siste kampen.<\/p>\n<p><a href=\"https:\/\/variety.com\/2026\/tv\/news\/stranger-things-finale-is-eleven-alive-vecna-killed-rock-spinoff-1236621528\/\" rel=\"nofollow noopener\" target=\"_blank\">Intervjuet i Variety<\/a> g\u00e5r ogs\u00e5 i dybden om hvorfor ting gikk som det gikk i serien, hvordan de valgte \u00e5 avslutte fortellingen, og om muligheten for \u00e5 fortsette i en kommende spin-off.<\/p>\n<p><a href=\"https:\/\/www.gamer.no\/artikler\/en-bauta-i-moderne-tv-historie-er-over\/519768\" rel=\"nofollow noopener\" target=\"_blank\"><strong>Les v\u00e5r egen anmeldelse av siste sesongen til Stranger Things her.<\/strong><\/a><\/p>\n","protected":false},"excerpt":{"rendered":"Skaperne av Stanger Things-serien, Matt og Ross Duffer, gav nylig et lengre intervju med magasinet Variety om slutten&hellip;\n","protected":false},"author":2,"featured_media":131294,"comment_status":"","ping_status":"","sticky":false,"template":"","format":"standard","meta":{"footnotes":""},"categories":[58],"tags":[71,30,28,29,72],"class_list":{"0":"post-131293","1":"post","2":"type-post","3":"status-publish","4":"format-standard","5":"has-post-thumbnail","7":"category-underholdning","8":"tag-entertainment","9":"tag-no","10":"tag-norge","11":"tag-norway","12":"tag-underholdning"},"share_on_mastodon":{"url":"https:\/\/pubeurope.com\/@no\/115854759884211511","error":""},"_links":{"self":[{"href":"https:\/\/www.europesays.com\/no\/wp-json\/wp\/v2\/posts\/131293","targetHints":{"allow":["GET"]}}],"collection":[{"href":"https:\/\/www.europesays.com\/no\/wp-json\/wp\/v2\/posts"}],"about":[{"href":"https:\/\/www.europesays.com\/no\/wp-json\/wp\/v2\/types\/post"}],"author":[{"embeddable":true,"href":"https:\/\/www.europesays.com\/no\/wp-json\/wp\/v2\/users\/2"}],"replies":[{"embeddable":true,"href":"https:\/\/www.europesays.com\/no\/wp-json\/wp\/v2\/comments?post=131293"}],"version-history":[{"count":0,"href":"https:\/\/www.europesays.com\/no\/wp-json\/wp\/v2\/posts\/131293\/revisions"}],"wp:featuredmedia":[{"embeddable":true,"href":"https:\/\/www.europesays.com\/no\/wp-json\/wp\/v2\/media\/131294"}],"wp:attachment":[{"href":"https:\/\/www.europesays.com\/no\/wp-json\/wp\/v2\/media?parent=131293"}],"wp:term":[{"taxonomy":"category","embeddable":true,"href":"https:\/\/www.europesays.com\/no\/wp-json\/wp\/v2\/categories?post=131293"},{"taxonomy":"post_tag","embeddable":true,"href":"https:\/\/www.europesays.com\/no\/wp-json\/wp\/v2\/tags?post=131293"}],"curies":[{"name":"wp","href":"https:\/\/api.w.org\/{rel}","templated":true}]}}