{"id":131307,"date":"2026-01-07T16:40:11","date_gmt":"2026-01-07T16:40:11","guid":{"rendered":"https:\/\/www.europesays.com\/no\/131307\/"},"modified":"2026-01-07T16:40:11","modified_gmt":"2026-01-07T16:40:11","slug":"jonas-svensson-klar-for-rosenborg","status":"publish","type":"post","link":"https:\/\/www.europesays.com\/no\/131307\/","title":{"rendered":"Jonas Svensson klar for Rosenborg"},"content":{"rendered":"\n<p class=\"_lead_o9xde_2 _lead_xtcu6_50 layout-component text-serif-m layout-normal text-serif-l layout-component layout-wide layout-padded _wide_17hqh_1 layout-padded\">32-\u00e5ringen er fristilt fra kontrakten med Besiktas &#8211; og reiser hjem til Norge.<\/p>\n<p><img alt=\" Foto: Mats Torbergsen \/ NTB\" class=\"_image_qp4xg_65 layout-component layout-wide\" data-fullscreen- data-track-element-type=\"Article image fullscreen\" data-track-name=\"ImageFullscreen\" fetchpriority=\"high\" decoding=\"sync\" loading=\"eager\" height=\"2990\" itemprop=\"image\"  src=\"https:\/\/www.europesays.com\/no\/wp-content\/uploads\/2026\/01\/a6628e21-ab4e-475d-adf1-d432fce05042.png\"  style=\"object-position:0% 0%\" width=\"4485\"\/> Foto: Mats Torbergsen \/ NTB<\/p>\n<ul aria-hidden=\"true\" class=\"_images_ntbth_112\">\n<li><a class=\"_link_ntbth_117\" href=\"https:\/\/www.vg.no\/forfatter\/andreas-hopen\" style=\"z-index:2\" title=\"Andreas Hopen\" rel=\"nofollow noopener\" target=\"_blank\"><img alt=\"Bilde av Andreas Hopen\" class=\"_image_ntbth_93\" fetchpriority=\"low\" loading=\"lazy\" decoding=\"async\" itemprop=\"image\"  src=\"https:\/\/www.europesays.com\/no\/wp-content\/uploads\/2026\/01\/1767804011_334_8d697287-ea03-4d54-ab67-6d65b82629eb.jpeg\"  width=\"480\"\/><\/a><\/li>\n<li><a class=\"_link_ntbth_117\" href=\"https:\/\/www.vg.no\/forfatter\/steffen-stenersen\" style=\"z-index:1\" title=\"Steffen Stenersen\" rel=\"nofollow noopener\" target=\"_blank\"><img alt=\"Bilde av Steffen Stenersen\" class=\"_image_ntbth_93\" fetchpriority=\"low\" loading=\"lazy\" decoding=\"async\" itemprop=\"image\"  src=\"https:\/\/www.europesays.com\/no\/wp-content\/uploads\/2026\/01\/53060b84-6e6f-4eee-9b23-952f524bbbf0.jpeg\"  width=\"480\"\/><\/a><\/li>\n<\/ul>\n<p> Oppdatert onsdag 7. januar kl. 17:10    <\/p>\n<ul class=\"_list_o9xde_3 _list_64s2r_85 _unordered_o9xde_106 text-sans-m\">\n<li class=\"_item_o9xde_30\">32-\u00e5ringen Jonas Svensson er fristilt fra kontrakten med Besiktas.<\/li>\n<li class=\"_item_o9xde_30\">Svensson vender tilbake til Rosenborg ni \u00e5r etter \u00e5 ha forlatt klubben.<\/li>\n<li class=\"_item_o9xde_30\">Besiktas bekrefter at de jobber med \u00e5 si opp avtalen til nordmannen.<\/li>\n<li class=\"_item_o9xde_30\">Svensson spilte tidligere for Adana Demirspor og AZ Alkmaar.<\/li>\n<\/ul>\n<p>Vis mer <\/p>\n<p class=\"_paragraph_o9xde_4 _paragraph_xtcu6_10 layout-component text-serif-m layout-normal text-serif-m layout-padded\">Ni \u00e5r etter at <a href=\"https:\/\/www.vg.no\/tag\/jonas-svensson?utm_source=vg-article&amp;utm_medium=auto-tagger&amp;utm_campaign=aJwoG2\" class=\"_link_o9xde_39\" rel=\"nofollow noopener\" target=\"_blank\">Jonas Svensson<\/a> forlot Rosenborg er h\u00f8yrebacken p\u00e5 vei tilbake til Lerkendal. Alt rundt returen er ikke klart enn\u00e5, men kun detaljer gjenst\u00e5r.<\/p>\n<p class=\"_paragraph_o9xde_4 _paragraph_xtcu6_10 layout-component text-serif-m layout-normal text-serif-m layout-padded\">Det f\u00e5r VG opplyst. Adresseavisen <a href=\"https:\/\/www.adressa.no\/sport\/fotball\/i\/Ardeeq\/kan-gjenforenes-en-av-dem-er-enig-med-rbk\" class=\"_link_o9xde_39\" rel=\"nofollow noopener\" target=\"_blank\">meldte f\u00f8rst onsdag at Svensson skal v\u00e6re enig med RBK om en avtale.<\/a><\/p>\n<p class=\"_paragraph_o9xde_4 _paragraph_xtcu6_10 layout-component text-serif-m layout-normal text-serif-m layout-padded\">Svensson har de siste to \u00e5rene spilt for Besiktas, men fredag skrev den tyrkiske storklubben p\u00e5 X at de jobbet med \u00e5 si opp avtalen til nordmannen.<\/p>\n<p class=\"_paragraph_o9xde_4 _paragraph_xtcu6_10 layout-component text-serif-m layout-normal text-serif-m layout-padded\">\u2013 Jonas Svensson, som det p\u00e5g\u00e5r forhandlinger om kontraktoppsigelse med, vil ikke bli inkludert i lagets treningsleir, skriver <a href=\"https:\/\/x.com\/besiktas\/status\/2007031692687806721?s=46\" class=\"_link_o9xde_39\" rel=\"nofollow\">klubben<\/a>.<\/p>\n<p class=\"_paragraph_o9xde_4 _paragraph_xtcu6_10 layout-component text-serif-m layout-normal text-serif-m layout-padded\">32-\u00e5r gamle Svensson gikk til Besiktas i januar 2024 etter at han ble l\u00f8st fra kontrakten med den tyrkiske klubben Adana Demirspor. <\/p>\n<p class=\"_paragraph_o9xde_4 _paragraph_xtcu6_10 layout-component text-serif-m layout-normal text-serif-m layout-padded\">Samtidig er det klart at Alfred Finnbogason (36) tar over stafettpinnen fra Mikael Dorsin som sportslig leder i eliteserieklubben Rosenborg.<\/p>\n<p class=\"_paragraph_o9xde_4 _paragraph_xtcu6_10 layout-component text-serif-m layout-normal text-serif-m layout-padded\">Ansettelsen\u00a0<a href=\"https:\/\/www.rbk.no\/nyheter\/finnbogason-ny-sportslig-leder-i-rosenborg\" class=\"_link_o9xde_39\" rel=\"nofollow noopener\" target=\"_blank\">bekreftes av RBK\u00a0<\/a>onsdag.<\/p>\n<p class=\"_paragraph_o9xde_4 _paragraph_xtcu6_10 layout-component text-serif-m layout-normal text-serif-m layout-padded\">Islenderen Finnbogason har signert en kontrakt ut 2030-sesongen. Dorsin hadde v\u00e6rt sportslig leder siden 2019 da han ga seg etter sist sesong. Islendingen spilte i Herenveen, Real Sociedad og Augsburg.<\/p>\n<p class=\"_paragraph_o9xde_4 _paragraph_xtcu6_10 layout-component text-serif-m layout-normal text-serif-m layout-padded\">P\u00e5 nytt\u00e5rsaften skrev Adressa at Rosenborg jobber med \u00e5 hente Svensson hjem til Trondheim. H\u00f8yrebacken spilte for Rosenborg fra 2009 til 2016.<\/p>\n<p class=\"_paragraph_o9xde_4 _paragraph_xtcu6_10 layout-component text-serif-m layout-normal text-serif-m layout-padded\">Da gikk han videre til AZ Alkmaar hvor han spilte i tre og en halv sesong. Svensson har 23 landskamper for Norge.<\/p>\n","protected":false},"excerpt":{"rendered":"32-\u00e5ringen er fristilt fra kontrakten med Besiktas &#8211; og reiser hjem til Norge. Foto: Mats Torbergsen \/ NTB&hellip;\n","protected":false},"author":2,"featured_media":131308,"comment_status":"","ping_status":"","sticky":false,"template":"","format":"standard","meta":{"footnotes":""},"categories":[59],"tags":[506,92,2462,30,28,29,83,82],"class_list":{"0":"post-131307","1":"post","2":"type-post","3":"status-publish","4":"format-standard","5":"has-post-thumbnail","7":"category-sport","8":"tag-besiktas-jk","9":"tag-fotball","10":"tag-jonas-svensson","11":"tag-no","12":"tag-norge","13":"tag-norway","14":"tag-sport","15":"tag-sports"},"share_on_mastodon":{"url":"https:\/\/pubeurope.com\/@no\/115854811013182940","error":""},"_links":{"self":[{"href":"https:\/\/www.europesays.com\/no\/wp-json\/wp\/v2\/posts\/131307","targetHints":{"allow":["GET"]}}],"collection":[{"href":"https:\/\/www.europesays.com\/no\/wp-json\/wp\/v2\/posts"}],"about":[{"href":"https:\/\/www.europesays.com\/no\/wp-json\/wp\/v2\/types\/post"}],"author":[{"embeddable":true,"href":"https:\/\/www.europesays.com\/no\/wp-json\/wp\/v2\/users\/2"}],"replies":[{"embeddable":true,"href":"https:\/\/www.europesays.com\/no\/wp-json\/wp\/v2\/comments?post=131307"}],"version-history":[{"count":0,"href":"https:\/\/www.europesays.com\/no\/wp-json\/wp\/v2\/posts\/131307\/revisions"}],"wp:featuredmedia":[{"embeddable":true,"href":"https:\/\/www.europesays.com\/no\/wp-json\/wp\/v2\/media\/131308"}],"wp:attachment":[{"href":"https:\/\/www.europesays.com\/no\/wp-json\/wp\/v2\/media?parent=131307"}],"wp:term":[{"taxonomy":"category","embeddable":true,"href":"https:\/\/www.europesays.com\/no\/wp-json\/wp\/v2\/categories?post=131307"},{"taxonomy":"post_tag","embeddable":true,"href":"https:\/\/www.europesays.com\/no\/wp-json\/wp\/v2\/tags?post=131307"}],"curies":[{"name":"wp","href":"https:\/\/api.w.org\/{rel}","templated":true}]}}