{"id":131313,"date":"2026-01-07T16:46:08","date_gmt":"2026-01-07T16:46:08","guid":{"rendered":"https:\/\/www.europesays.com\/no\/131313\/"},"modified":"2026-01-07T16:46:08","modified_gmt":"2026-01-07T16:46:08","slug":"emil-iversen-star-over-nm","status":"publish","type":"post","link":"https:\/\/www.europesays.com\/no\/131313\/","title":{"rendered":"Emil Iversen st\u00e5r over NM"},"content":{"rendered":"\n<p class=\"_lead_o9xde_2 _lead_xtcu6_50 layout-component text-serif-m layout-normal text-serif-l layout-component layout-wide layout-padded _wide_17hqh_1 layout-padded\">Emil Iversen venter enn\u00e5 p\u00e5 \u00e5 f\u00e5 en av de siste OL-plassene, men har likevel besluttet \u00e5 droppe NM.<\/p>\n<p><img alt=\" Foto: ANDREA SOLERO \/ EPA \/ NTB\" class=\"_image_qp4xg_65 layout-component layout-wide\" data-fullscreen- data-track-element-type=\"Article image fullscreen\" data-track-name=\"ImageFullscreen\" fetchpriority=\"high\" decoding=\"sync\" loading=\"eager\" height=\"2048\" itemprop=\"image\"  src=\"https:\/\/www.europesays.com\/no\/wp-content\/uploads\/2026\/01\/918e935a-594b-4953-aef0-24a4ba028475.png\"  style=\"object-position:0% 0%\" width=\"3072\"\/> Foto: ANDREA SOLERO \/ EPA \/ NTB<\/p>\n<ul aria-hidden=\"true\" class=\"_images_ntbth_112\">\n<li><a class=\"_link_ntbth_117\" href=\"https:\/\/www.vg.no\/forfatter\/yasmin-sunde-hoel\" style=\"z-index:2\" title=\"Yasmin Sunde Hoel\" rel=\"nofollow noopener\" target=\"_blank\"><img alt=\"Bilde av Yasmin Sunde Hoel\" class=\"_image_ntbth_93\" fetchpriority=\"low\" loading=\"lazy\" decoding=\"async\" itemprop=\"image\"  src=\"https:\/\/www.europesays.com\/no\/wp-content\/uploads\/2026\/01\/1767804368_597_9b0968a4-bfc7-4456-a6f4-b0a569ad0436.jpeg\"  width=\"480\"\/><\/a><\/li>\n<li><a class=\"_link_ntbth_117\" href=\"https:\/\/www.vg.no\/forfatter\/ntb\" style=\"z-index:1\" title=\"NTB\" rel=\"nofollow noopener\" target=\"_blank\"><img alt=\"Bilde av NTB\" class=\"_image_ntbth_93\" fetchpriority=\"low\" loading=\"lazy\" decoding=\"async\" itemprop=\"image\"  src=\"https:\/\/www.europesays.com\/no\/wp-content\/uploads\/2026\/01\/1767804368_870_c33980b0-5d07-4027-84a1-813f90a7c8d6.png\"  width=\"480\"\/><\/a><\/li>\n<\/ul>\n<p> Oppdatert onsdag 7. januar kl. 17:45     <\/p>\n<p class=\"_paragraph_o9xde_4 _paragraph_xtcu6_10 layout-component text-serif-m layout-normal text-serif-m layout-padded\">Det opplyser Iversens trener Trond Nystad til <a href=\"https:\/\/www.adressa.no\/sport\/ol\/i\/Wvbnw2\/emil-iversen-dropper-nm\" class=\"_link_o9xde_39\" rel=\"nofollow noopener\" target=\"_blank\">Adresseavisen <\/a>onsdag. Han forteller at Iversen vil prioritere trening i h\u00f8yden i stedet.<\/p>\n<p class=\"_paragraph_o9xde_4 _paragraph_xtcu6_10 layout-component text-serif-m layout-normal text-serif-m layout-padded\">\u2013 Bakgrunnen for valget er at Emil er sliten etter Tour de Ski, hvor det ble mange konkurranser p\u00e5 kort tid. Med de erfaringene vi har etter VM i Trondheim, og i de konkurransene som har v\u00e6rt, er Emil den andre eller tredje beste nordmannen. Vi tar utgangspunkt i at han blir tatt ut, og begynner \u00e5 forberede oss som han er tatt ut til OL, sier Nystad til VG.<\/p>\n<p class=\"_paragraph_o9xde_4 _paragraph_xtcu6_10 layout-component text-serif-m layout-normal text-serif-m layout-padded\">Etter uttaket tirsdag gjenst\u00e5r det kun to OL-plasser for herrene.<\/p>\n<p class=\"_paragraph_o9xde_4 _paragraph_xtcu6_10 layout-component text-serif-m layout-normal text-serif-m layout-padded\">Landslagsledelsen har \u00f8nsket \u00e5 se de siste OL-aktuelle l\u00f8perne i aksjon i NM f\u00f8r de deler ut de siste plassene til lekene.<\/p>\n<p class=\"_paragraph_o9xde_4 _paragraph_xtcu6_10 layout-component text-serif-m layout-normal text-serif-m layout-padded\">Det vil alts\u00e5 ikke Iversen. Han har flere ganger den siste tiden uttalt at \u00e5 stille i NM er d\u00e5rlig oppladning for de som skal g\u00e5 distanserenn i OL, og at de n\u00e5 heller burde f\u00e5 bruke tiden p\u00e5 \u00e5 forberede seg optimalt.<\/p>\n<p class=\"_paragraph_o9xde_4 _paragraph_xtcu6_10 layout-component text-serif-m layout-normal text-serif-m layout-padded\">\u2013 Ser man p\u00e5 resultatene Emil har oppn\u00e5dd, s\u00e5 har han fortjent en plass. Han har gode resultater p\u00e5 de distansene som er i OL. N\u00e5r NM er over skal forbundet ta l\u00e6rdom, men det er mange ut\u00f8vere som ikke vil v\u00e6re der. Man blir ikke klokere etter NM, mener Nystad.<\/p>\n<p class=\"_paragraph_o9xde_4 _paragraph_xtcu6_10 layout-component text-serif-m layout-normal text-serif-m layout-padded\">\u2013 Hvordan kom dere fram til valget om \u00e5 droppe NM?<\/p>\n<p class=\"_paragraph_o9xde_4 _paragraph_xtcu6_10 layout-component text-serif-m layout-normal text-serif-m layout-padded\">\u2013 Det er noe jeg har r\u00e5det han til \u00e5 gj\u00f8re. Jeg har mye erfaring med ut\u00f8vere som g\u00e5r Tour de Ski, og flere ut\u00f8vere f\u00e5r problemer med luftveiene etter en slik konkurranse. Da er det er ikke fornuftig \u00e5 utsette seg for flere konkurranser. De beste forberedelsene er \u00e5 reise til h\u00f8yden, og det har vi hatt gode erfaringer med tidligere, sier Nystad.<\/p>\n<p class=\"_paragraph_o9xde_4 _paragraph_xtcu6_10 layout-component text-serif-m layout-normal text-serif-m layout-padded\">Iversen har gjort en snuoperasjon etter flere tunge sesonger og imponert s\u00e5 langt denne sesongen. Siden han gjorde comeback i verdenscupen tidlig i desember, har Iversen v\u00e6rt p\u00e5 pallen tre ganger og endt i topp fem i fem av ni renn. <\/p>\n<p class=\"_paragraph_o9xde_4 _paragraph_xtcu6_10 layout-component text-serif-m layout-normal text-serif-m layout-padded\">Han har lenge hatt sikte p\u00e5 en plass i OL-troppen, men per n\u00e5 er han ikke tatt ut.<\/p>\n<p class=\"_paragraph_o9xde_4 _paragraph_xtcu6_10 layout-component text-serif-m layout-normal text-serif-m layout-padded\">Lagkompis Mattis Stenshagen (29) ble tirsdag tatt ut til OL i Milano og Cortina d&#8217;Ampezzo.Til tross for at han gledet seg over uttaket, var han skuffet over at Iversen ikke fikk samme beskjed. <\/p>\n<p class=\"_paragraph_o9xde_4 _paragraph_xtcu6_10 layout-component text-serif-m layout-normal text-serif-m layout-padded\">\u2013 Jeg har sluttet \u00e5 bli overrasket over uttak. De trenger ikke gj\u00f8re det vanskeligere enn det det er. Emil er god nok for OL, <a href=\"https:\/\/www.vg.no\/sport\/i\/GxGVam\/stenshagen-fikk-droemmebeskjeden-iversen-fortsatt-ikke-tatt-ut\" data-track-element-type=\"Link\" data-track-id=\"link:GxGVam\" class=\"_link_o9xde_39\" rel=\"nofollow noopener\" target=\"_blank\">sa 29-\u00e5ringen til VG.<\/a><\/p>\n","protected":false},"excerpt":{"rendered":"Emil Iversen venter enn\u00e5 p\u00e5 \u00e5 f\u00e5 en av de siste OL-plassene, men har likevel besluttet \u00e5 droppe&hellip;\n","protected":false},"author":2,"featured_media":131314,"comment_status":"","ping_status":"","sticky":false,"template":"","format":"standard","meta":{"footnotes":""},"categories":[5],"tags":[20,21,3647,24,25,15,19,398,22,23,17,18,13,30,28,29,14,16,26,27],"class_list":{"0":"post-131313","1":"post","2":"type-post","3":"status-publish","4":"format-standard","5":"has-post-thumbnail","7":"category-overskrifter","8":"tag-breaking-news","9":"tag-breakingnews","10":"tag-emil-iversen","11":"tag-featured-news","12":"tag-featurednews","13":"tag-headlines","14":"tag-hovedoppslag","15":"tag-langrenn","16":"tag-latest-news","17":"tag-latestnews","18":"tag-main-news","19":"tag-mainnews","20":"tag-news","21":"tag-no","22":"tag-norge","23":"tag-norway","24":"tag-nyheter","25":"tag-overskrifter","26":"tag-top-stories","27":"tag-topstories"},"share_on_mastodon":{"url":"https:\/\/pubeurope.com\/@no\/115854834685225074","error":""},"_links":{"self":[{"href":"https:\/\/www.europesays.com\/no\/wp-json\/wp\/v2\/posts\/131313","targetHints":{"allow":["GET"]}}],"collection":[{"href":"https:\/\/www.europesays.com\/no\/wp-json\/wp\/v2\/posts"}],"about":[{"href":"https:\/\/www.europesays.com\/no\/wp-json\/wp\/v2\/types\/post"}],"author":[{"embeddable":true,"href":"https:\/\/www.europesays.com\/no\/wp-json\/wp\/v2\/users\/2"}],"replies":[{"embeddable":true,"href":"https:\/\/www.europesays.com\/no\/wp-json\/wp\/v2\/comments?post=131313"}],"version-history":[{"count":0,"href":"https:\/\/www.europesays.com\/no\/wp-json\/wp\/v2\/posts\/131313\/revisions"}],"wp:featuredmedia":[{"embeddable":true,"href":"https:\/\/www.europesays.com\/no\/wp-json\/wp\/v2\/media\/131314"}],"wp:attachment":[{"href":"https:\/\/www.europesays.com\/no\/wp-json\/wp\/v2\/media?parent=131313"}],"wp:term":[{"taxonomy":"category","embeddable":true,"href":"https:\/\/www.europesays.com\/no\/wp-json\/wp\/v2\/categories?post=131313"},{"taxonomy":"post_tag","embeddable":true,"href":"https:\/\/www.europesays.com\/no\/wp-json\/wp\/v2\/tags?post=131313"}],"curies":[{"name":"wp","href":"https:\/\/api.w.org\/{rel}","templated":true}]}}