{"id":131323,"date":"2026-01-07T17:01:33","date_gmt":"2026-01-07T17:01:33","guid":{"rendered":"https:\/\/www.europesays.com\/no\/131323\/"},"modified":"2026-01-07T17:01:33","modified_gmt":"2026-01-07T17:01:33","slug":"sport-mosjoen-det-tradisjonsrike-arrangementet-gar-av-stabelen-for-femtiende-gang-for-mange-er-dette-arets-hoydepunkt","status":"publish","type":"post","link":"https:\/\/www.europesays.com\/no\/131323\/","title":{"rendered":"Sport, Mosj\u00f8en | Det tradisjonsrike arrangementet g\u00e5r av stabelen for femtiende gang: \u2013 For mange er dette \u00e5rets h\u00f8ydepunkt"},"content":{"rendered":"\n<p>\u2013 Vi har allerede f\u00e5tt en god del p\u00e5meldte lag, men vi regner med at det kommer p\u00e5meldinger helt fram til dagen f\u00f8r, forteller leder i Mosj\u00f8en volleyballklubb (MVBK), Lill Tove Sengsdrag Brattbakk.<\/p>\n<p>Helgelendingen Cup, som tidligere het HA-Cupen har v\u00e6rt arrangert siden 1975, men hadde et opphold under koronaen i 2020. I \u00e5r feirer de dermed et slags jubileum. Hvorvidt det blir noe markering av den femtiende cupen har ikke arrang\u00f8rene tatt stilling til enda. De er enn\u00e5 i planleggingsfasen.<\/p>\n<p>\u2013 Det er jo spesielt at en klarer \u00e5 holde en cup g\u00e5ende s\u00e5 lenge, mener Brattbakk.<\/p>\n<p>&#8211; \u00c5rets h\u00f8ydepunkt<\/p>\n<p>Nestleder i MVBK, Jonas Nerdal tror noen av n\u00f8kkelen til suksessen er at det sosiale er vel s\u00e5 viktig som det sportslige, og l\u00f8rdag blir det et felles sosialt arrangement p\u00e5 kvelden.<\/p>\n<p>\u2013 For mange er dette \u00e5rets h\u00f8ydepunkt, og de ser fram til \u00e5 treffe de samme folkene som de m\u00f8tte her for ti \u00e5r siden, forteller han.<\/p>\n<p>B\u00e5de lokale og tilreisende lag er med p\u00e5 Helgelendingen Cup, og de siste \u00e5rene har det v\u00e6rt deltakere fra Tr\u00f8ndelag i s\u00f8r, til Salten i Nord. Brattbakk vet om deltakere som begynner \u00e5 planlegge neste \u00e5rs cup et \u00e5r i forveien, og lag som tar med seg nye generasjoner p\u00e5 turneringa.<\/p>\n<p>   <img decoding=\"async\" width=\"4713\" height=\"2934\" fetchpriority=\"low\"  loading=\"lazy\"  src=\"https:\/\/www.europesays.com\/no\/wp-content\/uploads\/2026\/01\/01spoha_cup_005_011109.jpg\" alt=\"\" class=\"brick-c-cFOWSL\" style=\"--brick-image-ratio: 4713 \/ 2934;\"\/><\/p>\n<p>      TRADISJONSRIK: Mange kommer tilbake p\u00e5 cupen \u00e5r etter \u00e5r. Bildet er fra 2014, Toppen 2  spiller mot Hattlaks Elite.<br \/>\n      Foto: Morten Klaussen\n    <\/p>\n<p>  Oppfordrer til p\u00e5melding<\/p>\n<p>Arrang\u00f8rene oppfordrer vennegjenger, bedrifter og alle andre som m\u00e5tte \u00f8nske det, om \u00e5 melde seg p\u00e5. De understreker at det ikke er noen krav til ferdighetsniv\u00e5.<\/p>\n<p>Opplegget er som f\u00f8r med tre klasser; dameklasse, herreklasse og mixlag. Det er ikke inndelte klasser for aktive og ikke-aktive spillere, men med b\u00e5de A- og B-sluttspill, f\u00e5r lagene m\u00f8te motstandere p\u00e5 sitt eget niv\u00e5 utover i cupen.<\/p>\n<p>   <img decoding=\"async\" width=\"6048\" height=\"4024\" fetchpriority=\"low\"  loading=\"lazy\"  src=\"https:\/\/www.europesays.com\/no\/wp-content\/uploads\/2026\/01\/5_24_830757+DSC_7006.jpg\" alt=\"\" class=\"brick-c-cFOWSL\" style=\"--brick-image-ratio: 6048 \/ 4024;\"\/><\/p>\n<p>      HATTFJELLDAL UNITED: Denne gjengen fra Hattfjelldal deltok p\u00e5 turneringa i 2023. Fra venstre: Eskil Heggli, St\u00e5le Jarmund, Mario Lagestad, Nikolai Bolstad, Sivert Jarmund og Magnus Hanem.  \u2013 Vi har vunnet alt s\u00e5 langt, uttalte laget den gang.<br \/>\n      Foto: Stine Skipnes\n    <\/p>\n<p>  Siste gang i Kippermohallen?<\/p>\n<p>For MVBK er arrangementet en viktig inntektskilde for klubben, og overskuddet g\u00e5r i sin helhet tilbake til aktivitetstilbud for barn og ungdom i klubben.<\/p>\n<p>Cupen har tradisjonelt sett v\u00e6rt arrangert siste helga i januar, men i 2022 ble den flyttet grunnet koronarestriksjoner. Arrang\u00f8rene er glad for at de n\u00e5 er tilbake p\u00e5 den tradisjonelle helga, som i \u00e5r er 30. januar til 1. februar.<\/p>\n<p>De f\u00f8rste \u00e5rene ble turneringen holdt i aulaen p\u00e5 Mosj\u00f8en Gymnas, men den har siden blitt flyttet til Kippermohallen. Til neste \u00e5r st\u00e5r sannsynligvis en ny plass klar, nemlig Kippermoen Arena.<\/p>\n<p>Det var bedriftsidrettslagene i Helgeland Arbeiderblad og Posten som arrangerte turneringen helt fram til 2013. Tidligere var det kun bedriftslag i turneringen, men de senere \u00e5rene har det blitt flere og flere vennelag.<\/p>\n<p>  <a href=\"https:\/\/www.helg.no\/5-24-1046648\" class=\"related-teaser has-image default-gallery-teaser article--c-eRUmMG article--c-eRUmMG-jKCPdD-design-default\" rel=\"nofollow noopener\" target=\"_blank\"><\/p>\n<p>    <img decoding=\"async\" loading=\"lazy\"  src=\"https:\/\/www.europesays.com\/no\/wp-content\/uploads\/2026\/01\/LJN-1-2.jpg\" alt=\"\" class=\"brick-c-cFOWSL\" style=\"\"\/><\/p>\n<p>\n            Bildeserie<\/p>\n<p>              Mye liv og r\u00f8re p\u00e5 Kippermoen \u2013 se hvem som var med p\u00e5 volleyballcup\n        <\/p>\n<p>  <\/a><\/p>\n","protected":false},"excerpt":{"rendered":"\u2013 Vi har allerede f\u00e5tt en god del p\u00e5meldte lag, men vi regner med at det kommer p\u00e5meldinger&hellip;\n","protected":false},"author":2,"featured_media":131324,"comment_status":"","ping_status":"","sticky":false,"template":"","format":"standard","meta":{"footnotes":""},"categories":[59],"tags":[36,1068,30,28,29,83,82,1510,1203,10027],"class_list":{"0":"post-131323","1":"post","2":"type-post","3":"status-publish","4":"format-standard","5":"has-post-thumbnail","7":"category-sport","8":"tag-art","9":"tag-mosjoen","10":"tag-no","11":"tag-norge","12":"tag-norway","13":"tag-sport","14":"tag-sports","15":"tag-story","16":"tag-vefsn","17":"tag-volleyball"},"share_on_mastodon":{"url":"https:\/\/pubeurope.com\/@no\/115854893557442318","error":""},"_links":{"self":[{"href":"https:\/\/www.europesays.com\/no\/wp-json\/wp\/v2\/posts\/131323","targetHints":{"allow":["GET"]}}],"collection":[{"href":"https:\/\/www.europesays.com\/no\/wp-json\/wp\/v2\/posts"}],"about":[{"href":"https:\/\/www.europesays.com\/no\/wp-json\/wp\/v2\/types\/post"}],"author":[{"embeddable":true,"href":"https:\/\/www.europesays.com\/no\/wp-json\/wp\/v2\/users\/2"}],"replies":[{"embeddable":true,"href":"https:\/\/www.europesays.com\/no\/wp-json\/wp\/v2\/comments?post=131323"}],"version-history":[{"count":0,"href":"https:\/\/www.europesays.com\/no\/wp-json\/wp\/v2\/posts\/131323\/revisions"}],"wp:featuredmedia":[{"embeddable":true,"href":"https:\/\/www.europesays.com\/no\/wp-json\/wp\/v2\/media\/131324"}],"wp:attachment":[{"href":"https:\/\/www.europesays.com\/no\/wp-json\/wp\/v2\/media?parent=131323"}],"wp:term":[{"taxonomy":"category","embeddable":true,"href":"https:\/\/www.europesays.com\/no\/wp-json\/wp\/v2\/categories?post=131323"},{"taxonomy":"post_tag","embeddable":true,"href":"https:\/\/www.europesays.com\/no\/wp-json\/wp\/v2\/tags?post=131323"}],"curies":[{"name":"wp","href":"https:\/\/api.w.org\/{rel}","templated":true}]}}