{"id":131325,"date":"2026-01-07T17:06:17","date_gmt":"2026-01-07T17:06:17","guid":{"rendered":"https:\/\/www.europesays.com\/no\/131325\/"},"modified":"2026-01-07T17:06:17","modified_gmt":"2026-01-07T17:06:17","slug":"dodsulykka-venter-pa-rapport-fra-vegvesenet-og-gjenstar-noen-avhor","status":"publish","type":"post","link":"https:\/\/www.europesays.com\/no\/131325\/","title":{"rendered":"D\u00f8dsulykka: Venter p\u00e5 rapport fra vegvesenet og gjenst\u00e5r noen avh\u00f8r"},"content":{"rendered":"<p>Det opplyser politiadvokat Eva Kristin Varheim i en pressemelding onsdag.<\/p>\n<p>Politiet fikk melding om at en kvinne var livstruende skadet etter en trafikkhendelse mellom Melbu og Stokmarknes. <a href=\"https:\/\/www.vol.no\/nyheter\/i\/QJoXrJ\/kvinne-doed-etter-trafikkhendelse\" rel=\"noopener nofollow\" target=\"_blank\">Senere samme dag sendte politiet ut pressemelding om at kvinnen var omkommet.<\/a><\/p>\n<p>Varheim sier i meldingen at saken etterforskes b\u00e5de ved hjelp av politiets egne ressurser, som avh\u00f8r av involverte og av relevante vitner. Men ogs\u00e5 ekstern sakkyndig kompetanse brukes, som ulykkesgruppa ved Statens vegvesen.<\/p>\n<p>\u2013 Deres mandat er unders\u00f8kelser knyttet til \u00e5stedet samt unders\u00f8kelser knyttet til de involverte bilene. Politiet har bedt om at oppdraget gis prioritet p\u00e5 grunn av sakens alvorlighet. Denne rapporten vil bli helt sentral i politiets vurdering og konklusjon av saken, understreker hun.<\/p>\n<p>Beskrivelse av saken er at sj\u00e5f\u00f8r av kj\u00f8rende bil fra retning Melbu mot Stokmarknes for\u00e5rsaket at en person som stod n\u00e6r veibanen ble truffet og omkom som f\u00f8lge av skadene idet sj\u00e5f\u00f8ren av kj\u00f8rende bil man\u00f8vrerte for \u00e5 fors\u00f8ke \u00e5 unng\u00e5 \u00e5 treffe en annen bil som han oppfattet stod som en hindring i sitt kj\u00f8refelt, skriver Varheim i meldingen.<\/p>\n<p>\u2013 Dette samtidig som det kom motg\u00e5ende trafikk. N\u00e5r politiet formulerer det slik inneb\u00e6rer det ikke at det er tatt stilling til straffansvar. Vi venter p\u00e5 rapport fra Statens vegvesen, og har fortsatt noen avh\u00f8r.<\/p>\n<p>Status som siktet<\/p>\n<p><strong>Politiet har ikke tatt ut siktelse, men p\u00e5 grunn av inngripende etterforsking har to av de involverte status som siktet, en status som f\u00f8lger direkte av loven og gir dem diverse rettigheter under etterforskingen.<\/strong><\/p>\n<p>\u2013 En av hypotesene er at ingen kan klandres for ulykken med tragisk utfall i straffelovens forstand. En annen hypotese er om noen kan stilles til ansvar for det som skjedde. Utfra de opplysningene vi har innhentet s\u00e5 langt er det ingen andre aktuelle hypoteser, p\u00e5peker politiadvokaten.<\/p>\n<p>Varheim sier videre at i saker med slike tragiske utfall er det viktig og riktig at politiet med sakkyndig bistand etterforsker for \u00e5 f\u00e5 de godt opplyst.<\/p>\n<p>\u2013 Det er en samfunnsinteresse ogs\u00e5 med tanke p\u00e5 \u00e5 forebygge nye hendelser. Vi vil ikke uttale oss om mulig utfall av etterforskingen f\u00f8r vi har all informasjon og vurderer denne samlet, avslutter politiadvokaten pressemeldingen.<\/p>\n","protected":false},"excerpt":{"rendered":"Det opplyser politiadvokat Eva Kristin Varheim i en pressemelding onsdag. Politiet fikk melding om at en kvinne var&hellip;\n","protected":false},"author":2,"featured_media":131326,"comment_status":"","ping_status":"","sticky":false,"template":"","format":"standard","meta":{"footnotes":""},"categories":[10],"tags":[20,21,2616,24,25,15,22,23,1111,13,30,28,29,14,16,468,12202,26,27],"class_list":{"0":"post-131325","1":"post","2":"type-post","3":"status-publish","4":"format-standard","5":"has-post-thumbnail","7":"category-norge","8":"tag-breaking-news","9":"tag-breakingnews","10":"tag-dodsulykker","11":"tag-featured-news","12":"tag-featurednews","13":"tag-headlines","14":"tag-latest-news","15":"tag-latestnews","16":"tag-melbu","17":"tag-news","18":"tag-no","19":"tag-norge","20":"tag-norway","21":"tag-nyheter","22":"tag-overskrifter","23":"tag-politiet","24":"tag-stokmarknes","25":"tag-top-stories","26":"tag-topstories"},"share_on_mastodon":{"url":"https:\/\/pubeurope.com\/@no\/115854913317667287","error":""},"_links":{"self":[{"href":"https:\/\/www.europesays.com\/no\/wp-json\/wp\/v2\/posts\/131325","targetHints":{"allow":["GET"]}}],"collection":[{"href":"https:\/\/www.europesays.com\/no\/wp-json\/wp\/v2\/posts"}],"about":[{"href":"https:\/\/www.europesays.com\/no\/wp-json\/wp\/v2\/types\/post"}],"author":[{"embeddable":true,"href":"https:\/\/www.europesays.com\/no\/wp-json\/wp\/v2\/users\/2"}],"replies":[{"embeddable":true,"href":"https:\/\/www.europesays.com\/no\/wp-json\/wp\/v2\/comments?post=131325"}],"version-history":[{"count":0,"href":"https:\/\/www.europesays.com\/no\/wp-json\/wp\/v2\/posts\/131325\/revisions"}],"wp:featuredmedia":[{"embeddable":true,"href":"https:\/\/www.europesays.com\/no\/wp-json\/wp\/v2\/media\/131326"}],"wp:attachment":[{"href":"https:\/\/www.europesays.com\/no\/wp-json\/wp\/v2\/media?parent=131325"}],"wp:term":[{"taxonomy":"category","embeddable":true,"href":"https:\/\/www.europesays.com\/no\/wp-json\/wp\/v2\/categories?post=131325"},{"taxonomy":"post_tag","embeddable":true,"href":"https:\/\/www.europesays.com\/no\/wp-json\/wp\/v2\/tags?post=131325"}],"curies":[{"name":"wp","href":"https:\/\/api.w.org\/{rel}","templated":true}]}}