{"id":131338,"date":"2026-01-07T17:20:07","date_gmt":"2026-01-07T17:20:07","guid":{"rendered":"https:\/\/www.europesays.com\/no\/131338\/"},"modified":"2026-01-07T17:20:07","modified_gmt":"2026-01-07T17:20:07","slug":"reitan-avviser-borsnotering-i-ar-e24","status":"publish","type":"post","link":"https:\/\/www.europesays.com\/no\/131338\/","title":{"rendered":"Reitan avviser b\u00f8rsnotering i \u00e5r \u2013 E24"},"content":{"rendered":"<p class=\"fullWidthDesktop hyperion-css-71ztg2\" data-test-tag=\"lead-text\">Det handler b\u00e5de om markedet for b\u00f8rsnoteringer, men ogs\u00e5 Norges skattesystem, forklarer Ole Robert Reitan. <\/p>\n<p><img decoding=\"async\" class=\"image-asset hyperion-css-u06ts1\" data-test-tag=\"image-asset\" src=\"https:\/\/www.europesays.com\/no\/wp-content\/uploads\/2026\/01\/acba4be6-2ab2-4549-b025-5df38d6b7691.jpeg\"  alt=\"Ole Robert Reitan er sjef i Rema-eier Reitan Retail.\"  loading=\"eager\" fetchpriority=\"high\" style=\"aspect-ratio:1900 \/ 1267\"\/>Ole Robert Reitan er sjef i Rema-eier Reitan Retail. Foto: Skjalg B\u00f8hmer Vold \/ E24Publisert: Publisert: <\/p>\n<p>For mindre enn 30 minutter siden<\/p>\n<p>Kortversjonen<\/p>\n<ul class=\"hyperion-css-pkq1ci\" data-test-tag=\"list\">\n<li class=\"hyperion-css-12h2ush\">Reitan-familien utsetter planene om b\u00f8rsnotering av Reitan Retail, og det blir ikke aktuelt i 2026.<\/li>\n<li class=\"hyperion-css-12h2ush\">Ole Robert Reitan peker p\u00e5 svakt marked og formuesskatten som store hindre.<\/li>\n<li class=\"hyperion-css-12h2ush\">Reitan Retail omsatte for 132 milliarder kroner i 2024, og julehandelen var historisk god.<\/li>\n<\/ul>\n<p class=\"hyperion-css-10lbhat\">Oppsummeringen er laget av AI-verkt\u00f8yet ChatGPT og kvalitetssikret av E24s journalister<\/p>\n<p>Vis mer <\/p>\n<ul class=\"hyperion-css-pte5x0\">\n<li aria-label=\"link\" class=\"narrow-button hyperion-css-1sz7d3n\">Kopier lenke<\/li>\n<li aria-label=\"link\" class=\"wide-button hyperion-css-1sz7d3n\">Kopier lenke<\/li>\n<li aria-label=\"facebook\" class=\"narrow-button hyperion-css-1sz7d3n\">Del p\u00e5 Facebook<\/li>\n<li aria-label=\"facebook\" class=\"wide-button hyperion-css-1sz7d3n\">Del p\u00e5 Facebook<\/li>\n<li aria-label=\"email\" class=\"narrow-button hyperion-css-1sz7d3n\">Del med e-post<\/li>\n<li aria-label=\"email\" class=\"wide-button hyperion-css-1sz7d3n\">Del med e-post<\/li>\n<\/ul>\n<p class=\"hyperion-css-1lemvax\">Det er over fem \u00e5r siden Reitan-familien kunne fortelle at de s\u00e5 for seg en fremtid <a data-test-tag=\"internal-link\" href=\"https:\/\/e24.no\/boers-og-finans\/i\/6zzpoL\/reitan-familien-vurderer-boersnotering-av-livsverket-naa-bytter-reitangruppen-navn-og-forenkler-selskapsstrukturen-timingen-er-riktig\" class=\"hyperion-css-1rezu2g\" rel=\"nofollow noopener\" target=\"\" aria-label=\"som b\u00f8rsnotert selskap. \">som b\u00f8rsnotert selskap. <\/a><\/p>\n<p class=\"hyperion-css-1lemvax\">H\u00f8sten 2020 var dette noe som kunne skje \u00abtidligst neste \u00e5r\u00bb. Slik ble det ikke, og i 2022 kom det et dramatisk skifte i verdens\u00f8konomien. <\/p>\n<p class=\"hyperion-css-1lemvax\">Stikkordene var global uro, h\u00f8y inflasjon og stigende renter. Det skaper sjelden gode forutsetninger i kapitalmarkedene. <\/p>\n<p class=\"hyperion-css-1lemvax\">N\u00e5 ser det imidlertid noe lysere ut, if\u00f8lge DNB Carnegie. Til <a aria-label=\"Finansavisen \" class=\"default hyperion-css-1rezu2g\" href=\"https:\/\/www.finansavisen.no\/finans\/2025\/12\/08\/8312611\/spar-comeback-for-borsnoteringer?utm_source=chatgpt.com\" rel=\"noopener nofollow noreferrer\" data-test-tag=\"external-link\" target=\"_blank\">Finansavisen <\/a>har de sp\u00e5dd comeback for b\u00f8rsnoteringer i \u00e5r. <\/p>\n<p class=\"hyperion-css-1lemvax\">\u00abRema-aksjen\u00bb kommer imidlertid ikke helt enn\u00e5. <\/p>\n<p class=\"hyperion-css-1lemvax\">\u2013 Det blir ikke b\u00f8rsnotering for oss i 2026, det kan jeg si, sier Ole Robert Reitan til E24. <\/p>\n<p><a data-test-tag=\"teaser-small:link-internal\" href=\"https:\/\/e24.no\/privatoekonomi\/i\/m0RoMp\/olav-chen-her-ville-han-investert-100-000\" class=\"imagePosition-top inline hyperion-css-6238vu\" rel=\"nofollow noopener\" target=\"\" aria-label=\"Olav Chen: Her ville han investert 100.000 \"><\/p>\n<p>Les p\u00e5 E24+<\/p>\n<p>Olav Chen: Her ville han investert 100.000 <\/p>\n<p><\/a>\u00d8kt skatteregning<\/p>\n<p class=\"hyperion-css-1lemvax\">Reitan-imperiet best\u00e5r av forretningsomr\u00e5dene retail (handel), eiendom og kapital. Det er f\u00f8rstnevnte selskap det er aktuelt \u00e5 b\u00f8rsnotere. <\/p>\n<p class=\"hyperion-css-1lemvax\">Her finner man rundt 46 000 ansatte fordelt over syv land i Norden og Baltikum. Mange av dem i Rema 1000. <\/p>\n<p class=\"hyperion-css-1lemvax\">\u2013 Hva er det som m\u00e5 skje f\u00f8r Reitan Retail g\u00e5r p\u00e5 b\u00f8rs?<\/p>\n<p class=\"hyperion-css-1lemvax\">\u2013 N\u00e5 har jo markedet for b\u00f8rsnoteringer v\u00e6rt veldig svakt siden vi begynte \u00e5 jobbe med det, s\u00e5 det m\u00e5 i alle fall bli bedre. Og s\u00e5 har vi ganske mye vi kan gj\u00f8re i eget hus, der vi har kontroll p\u00e5 eget forbedringspotensial. I tillegg hadde det v\u00e6rt en fordel om norske eiere hadde bedre rammebetingelser i Norge, sier Ole Robert Reitan. <\/p>\n<p class=\"hyperion-css-1lemvax\">Reglene for \u00e5 verdsette selskaper p\u00e5 og utenfor b\u00f8rs gj\u00f8r at man som regel f\u00e5r en langt h\u00f8yere skatteregning som eier av b\u00f8rsnoterte aksjer. <\/p>\n<p class=\"hyperion-css-1lemvax\">Ole Roberts far Odd har tidligere sagt at formuesskatten har v\u00e6rt til hinder for en b\u00f8rsnotering. <\/p>\n<p><a data-test-tag=\"teaser-small:link-internal\" href=\"https:\/\/e24.no\/boers-og-finans\/i\/xrPEVQ\/slo-oslo-boers-for-17-aaret-paa-rad\" class=\"imagePosition-top inline hyperion-css-6238vu\" rel=\"nofollow noopener\" target=\"\" aria-label=\"Slo Oslo B\u00f8rs for 17. \u00e5ret p\u00e5 rad \"><\/p>\n<p>Les p\u00e5 E24+<\/p>\n<p>Slo Oslo B\u00f8rs for 17. \u00e5ret p\u00e5 rad <\/p>\n<p><\/a>Savner retail p\u00e5 B\u00f8rsen<\/p>\n<p class=\"hyperion-css-1lemvax\">Siden s\u00e5pass mange \u00e5r er g\u00e5tt siden planene ble lansert, kan man sp\u00f8rre seg: <\/p>\n<p class=\"hyperion-css-1lemvax\">\u2013 Er det fremdeles et sp\u00f8rsm\u00e5l om tid, eller er det mer usikkert om en b\u00f8rsnotering i det hele tatt vil skje? <\/p>\n<p class=\"hyperion-css-1lemvax\">\u2013 En eller annen gang i fremtiden s\u00e5 mener jeg at vi fortjener et stort internasjonalt retailselskap p\u00e5 Oslo B\u00f8rs. B\u00e5de Oslo B\u00f8rs og det norske folk fortjener et selskap som er enda mer transparent og tilgjengelig for alle \u00e5 eie. <\/p>\n<p class=\"hyperion-css-1lemvax\">Reitan-konsernet er landets tiende st\u00f8rste selskap m\u00e5lt i omsetning. Handelsvirksomheten st\u00e5r for st\u00f8rsteparten av inntektene. <\/p>\n<p class=\"hyperion-css-1lemvax\">I 2024 hadde Reitan Retail en samlet omsetning p\u00e5 132 milliarder kroner. Inntektene fortsatte til nye h\u00f8yder i fjor. Ole Robert Reitan sier han er s\u00e6rlig forn\u00f8yd med hvordan \u00e5ret avsluttet. <\/p>\n<p class=\"hyperion-css-1lemvax\">\u2013 Julehandelen var historisk. Vi var veldig forn\u00f8yd i \u00e5r fordi det ikke ble s\u00e5nne \u00abidiotpriser\u00bb p\u00e5 visse produkter som gjorde at alt ble utsolgt. Vi hadde varer frem til julaften, s\u00e5 alle fikk ribbe, sylteagurk og skumnisser helt frem til julaften.<\/p>\n","protected":false},"excerpt":{"rendered":"Det handler b\u00e5de om markedet for b\u00f8rsnoteringer, men ogs\u00e5 Norges skattesystem, forklarer Ole Robert Reitan. Ole Robert Reitan&hellip;\n","protected":false},"author":2,"featured_media":131339,"comment_status":"","ping_status":"","sticky":false,"template":"","format":"standard","meta":{"footnotes":""},"categories":[56],"tags":[60,61,62,30,28,29],"class_list":{"0":"post-131338","1":"post","2":"type-post","3":"status-publish","4":"format-standard","5":"has-post-thumbnail","7":"category-naeringsliv","8":"tag-business","9":"tag-economy","10":"tag-naeringsliv","11":"tag-no","12":"tag-norge","13":"tag-norway"},"share_on_mastodon":{"url":"https:\/\/pubeurope.com\/@no\/115854968343230938","error":""},"_links":{"self":[{"href":"https:\/\/www.europesays.com\/no\/wp-json\/wp\/v2\/posts\/131338","targetHints":{"allow":["GET"]}}],"collection":[{"href":"https:\/\/www.europesays.com\/no\/wp-json\/wp\/v2\/posts"}],"about":[{"href":"https:\/\/www.europesays.com\/no\/wp-json\/wp\/v2\/types\/post"}],"author":[{"embeddable":true,"href":"https:\/\/www.europesays.com\/no\/wp-json\/wp\/v2\/users\/2"}],"replies":[{"embeddable":true,"href":"https:\/\/www.europesays.com\/no\/wp-json\/wp\/v2\/comments?post=131338"}],"version-history":[{"count":0,"href":"https:\/\/www.europesays.com\/no\/wp-json\/wp\/v2\/posts\/131338\/revisions"}],"wp:featuredmedia":[{"embeddable":true,"href":"https:\/\/www.europesays.com\/no\/wp-json\/wp\/v2\/media\/131339"}],"wp:attachment":[{"href":"https:\/\/www.europesays.com\/no\/wp-json\/wp\/v2\/media?parent=131338"}],"wp:term":[{"taxonomy":"category","embeddable":true,"href":"https:\/\/www.europesays.com\/no\/wp-json\/wp\/v2\/categories?post=131338"},{"taxonomy":"post_tag","embeddable":true,"href":"https:\/\/www.europesays.com\/no\/wp-json\/wp\/v2\/tags?post=131338"}],"curies":[{"name":"wp","href":"https:\/\/api.w.org\/{rel}","templated":true}]}}