{"id":131340,"date":"2026-01-07T17:21:07","date_gmt":"2026-01-07T17:21:07","guid":{"rendered":"https:\/\/www.europesays.com\/no\/131340\/"},"modified":"2026-01-07T17:21:07","modified_gmt":"2026-01-07T17:21:07","slug":"gronland-usa-marco-rubio-varsler-gronland-mote-med-danmark-neste-uke","status":"publish","type":"post","link":"https:\/\/www.europesays.com\/no\/131340\/","title":{"rendered":"Gr\u00f8nland, USA | Marco Rubio varsler Gr\u00f8nland-m\u00f8te med Danmark neste uke"},"content":{"rendered":"\n<p>Danmark og Gr\u00f8nland har bedt det amerikanske utenriksdepartementet om \u00e5 f\u00e5 et m\u00f8te med Rubio, opplyste \u00f8yas utenriksminister Vivian Motzfeldt tirsdag.<\/p>\n<p>\u2013 Vi m\u00e5 oppklare noen misforst\u00e5elser, sa Danmarks utenriksminister Lars L\u00f8kke Rasmussen etter et hastem\u00f8te i utenrikskomiteen i Folketinget tirsdag kveld.<\/p>\n<p>Rubio skal nylig ha sagt at truslene mot Gr\u00f8nland ikke handler om noen snarlig invasjon, men at de er ment som press mot Danmark for \u00e5 kj\u00f8pe \u00f8ya. Det skriver <a rel=\"noopener nofollow\" href=\"https:\/\/www.wsj.com\/politics\/national-security\/rubio-tells-lawmakers-trump-aims-to-buy-greenland-downplays-military-action-5c94e05c?mod=hp_lead_pos1\" target=\"_blank\">Wall Street Journal<\/a> , som viser til to ikke navngitte kilder som sa at Rubio sa dette p\u00e5 et m\u00f8te med kongressrepresentanter mandag.<\/p>\n<p>Tirsdag avholdte den danske utenrikskomiteen et krisem\u00f8te sammen med landets utenriksminister og forsvarsminister. Etter m\u00f8tet sa regjeringen at de har bedt om et m\u00f8te med Rubio i neste uke.<\/p>\n","protected":false},"excerpt":{"rendered":"Danmark og Gr\u00f8nland har bedt det amerikanske utenriksdepartementet om \u00e5 f\u00e5 et m\u00f8te med Rubio, opplyste \u00f8yas utenriksminister&hellip;\n","protected":false},"author":2,"featured_media":131341,"comment_status":"","ping_status":"","sticky":false,"template":"","format":"standard","meta":{"footnotes":""},"categories":[12],"tags":[20,21,24,25,15,22,23,13,30,28,29,14,16,26,27,42,43,44,45],"class_list":{"0":"post-131340","1":"post","2":"type-post","3":"status-publish","4":"format-standard","5":"has-post-thumbnail","7":"category-verden","8":"tag-breaking-news","9":"tag-breakingnews","10":"tag-featured-news","11":"tag-featurednews","12":"tag-headlines","13":"tag-latest-news","14":"tag-latestnews","15":"tag-news","16":"tag-no","17":"tag-norge","18":"tag-norway","19":"tag-nyheter","20":"tag-overskrifter","21":"tag-top-stories","22":"tag-topstories","23":"tag-verden","24":"tag-world","25":"tag-world-news","26":"tag-worldnews"},"share_on_mastodon":{"url":"https:\/\/pubeurope.com\/@no\/115854972287355147","error":""},"_links":{"self":[{"href":"https:\/\/www.europesays.com\/no\/wp-json\/wp\/v2\/posts\/131340","targetHints":{"allow":["GET"]}}],"collection":[{"href":"https:\/\/www.europesays.com\/no\/wp-json\/wp\/v2\/posts"}],"about":[{"href":"https:\/\/www.europesays.com\/no\/wp-json\/wp\/v2\/types\/post"}],"author":[{"embeddable":true,"href":"https:\/\/www.europesays.com\/no\/wp-json\/wp\/v2\/users\/2"}],"replies":[{"embeddable":true,"href":"https:\/\/www.europesays.com\/no\/wp-json\/wp\/v2\/comments?post=131340"}],"version-history":[{"count":0,"href":"https:\/\/www.europesays.com\/no\/wp-json\/wp\/v2\/posts\/131340\/revisions"}],"wp:featuredmedia":[{"embeddable":true,"href":"https:\/\/www.europesays.com\/no\/wp-json\/wp\/v2\/media\/131341"}],"wp:attachment":[{"href":"https:\/\/www.europesays.com\/no\/wp-json\/wp\/v2\/media?parent=131340"}],"wp:term":[{"taxonomy":"category","embeddable":true,"href":"https:\/\/www.europesays.com\/no\/wp-json\/wp\/v2\/categories?post=131340"},{"taxonomy":"post_tag","embeddable":true,"href":"https:\/\/www.europesays.com\/no\/wp-json\/wp\/v2\/tags?post=131340"}],"curies":[{"name":"wp","href":"https:\/\/api.w.org\/{rel}","templated":true}]}}