{"id":131342,"date":"2026-01-07T17:22:07","date_gmt":"2026-01-07T17:22:07","guid":{"rendered":"https:\/\/www.europesays.com\/no\/131342\/"},"modified":"2026-01-07T17:22:07","modified_gmt":"2026-01-07T17:22:07","slug":"brannfolk-i-hele-landet-sorger-etter-verdal-brannen-nrk-trondelag-lokale-nyheter-tv-og-radio","status":"publish","type":"post","link":"https:\/\/www.europesays.com\/no\/131342\/","title":{"rendered":"Brannfolk i hele landet s\u00f8rger etter Verdal-brannen \u2013 NRK Tr\u00f8ndelag \u2013 Lokale nyheter, TV og radio"},"content":{"rendered":"<p>Saka oppsummert:<\/p>\n<ul>\n<li>To r\u00f8ykdykkere er antatt omkommet etter en brann i Verdal, noe som har preget brannvesen over hele landet.<\/li>\n<li>\u00abDen tynne r\u00f8de linja\u00bb deles p\u00e5 Facebook som et symbol p\u00e5 solidaritet og st\u00f8tte til de ber\u00f8rte.<\/li>\n<li>Brannsjefene uttrykker sorg og medf\u00f8lelse, og hendelsen har skapt refleksjon rundt risikoen i brannmannsyrket.<\/li>\n<li>Hendelsen har f\u00f8rt til \u00f8kt bevissthet rundt sikkerhetsrutiner og risikoen brannmenn st\u00e5r overfor daglig.<\/li>\n<\/ul>\n<p>Oppsummeringen er laget av en KI-tjeneste fra OpenAI. Innholdet er kvalitetssikret av NRKs journalister f\u00f8r publisering.<\/p>\n<p><strong>\u2013 Som brannsjef er det selvf\u00f8lgelig mitt st\u00f8rste mareritt, sier Trond Helge S\u00f8reide, brann- og beredskapsleder i Fitjar.<\/strong><\/p>\n<p>\u2013 N\u00e5r to brannkonstabler mister livet p\u00e5 jobb for \u00e5 redde andre, s\u00e5 minner det oss om risikoen i yrket v\u00e5rt, sier S\u00f8reide.<\/p>\n<p>S\u00f8reide er p\u00e5 kurs p\u00e5 Brann- og redningsskolen n\u00e5r NRK ringer.<\/p>\n<p>Han sier at de er preget av nyhetene fra Verdal der <a href=\"https:\/\/www.nrk.no\/trondelag\/enebolig-totalskadd-etter-brann-i-verdal-1.17716929\" ec-id=\"pp:article:1.17716929\" ec-name=\"to r\u00f8ykdykkere er meldt savnet og antatt omkommet\" rel=\"nofollow noopener\" target=\"_blank\">to r\u00f8ykdykkere er meldt savnet og antatt omkommet<\/a>.<\/p>\n<p><strong>\u2013 Man merker det veldig godt p\u00e5 stemningen her.<\/strong><\/p>\n<p><img decoding=\"async\"   src=\"data:image\/gif;base64,R0lGODlhAQABAIAAAAAAAP\/\/\/yH5BAEAAAAALAAAAAABAAEAAAIBRAA7\" loading=\"eager\" alt=\"Brannsjef i Fitjar, Trond Helge S\u00f8reide \" title=\"Foto: Fitjar brann og redning\"\/><\/p>\n<p class=\"\">Brannsjefen i Fitjar er p\u00e5 kurs p\u00e5 Brann- og redningsskolen n\u00e5r NRK ringer.<\/p>\n<p>Foto: Fitjar brann og redning<\/p>\n<p>\u00abDen tynne r\u00f8de linja\u00bb<\/p>\n<p>I forbindelse med de to r\u00f8ykdykkerne som er savnet og antatt omkommet etter brannen, har brann- og redningstjenester i hele Norge lagt ut en tynn r\u00f8d linje p\u00e5 sine Facebook-sider.<\/p>\n<p><strong>Fra Grimstad til M\u00e5s\u00f8y.<\/strong><\/p>\n<p>Den tynne r\u00f8de linja er et symbol brukt blant brann- og redningsfolk for \u00e5 vise solidaritet.<\/p>\n<p><img decoding=\"async\"   src=\"data:image\/gif;base64,R0lGODlhAQABAIAAAAAAAP\/\/\/yH5BAEAAAAALAAAAAABAAEAAAIBRAA7\" loading=\"eager\" alt=\"En mann st\u00e5r foran en brannbil.\" title=\"Foto: S\u00f8r-Odal brann og redning\"\/><\/p>\n<p class=\"\">Einar Lerdalen sier at den tynne r\u00f8d linja blir brukt for \u00e5 vise solidaritet med brannkolleger.<\/p>\n<p>Foto: S\u00f8r-Odal brann og redning<\/p>\n<p>\u2013 Det er for \u00e5 vise solidaritet og medf\u00f8lelse for brannvesenet i Verdal og v\u00e5re brannkolleger i landet for \u00f8vrig, sier Einar Lerdalen, som er brannsjef i S\u00f8r-Odal brann og redning.<\/p>\n<p>Lerdalen sier at de har sterk medf\u00f8lelse med kollegene i Verdal.<\/p>\n<p>\u2013 Kjennes som en egen kollega<\/p>\n<p>Det var i 2-tida natt til mandag det begynte \u00e5 brenne. Brannvesenet var p\u00e5 plass 02.18.<\/p>\n<p>Personene som bodde der, kom seg ut. To r\u00f8ykdykkere fra brannvesenet gikk inn i bygget.<\/p>\n<p>02.50 mister de kontakt med r\u00f8ykdykkere og de ble meldt savnet og er antatt omkommet.<\/p>\n<p>\u2013 F\u00f8rst og fremst p\u00e5virker det oss direkte. Dette er kolleger som gj\u00f8r det samme som vi gj\u00f8r, som hver dag st\u00e5r i beredskap og ut\u00f8ver et yrke som er risikobelagt, sier Petter Manger.<\/p>\n<p>Manger er brannsjef i Indre \u00d8stfold brann og redning.<\/p>\n<p><strong>\u2013 Det kjennes som en egen kollega i n\u00e6r krets n\u00e5r dette skjer. V\u00e5r omtanke g\u00e5r til de p\u00e5r\u00f8rende, men ogs\u00e5 v\u00e5re kolleger som st\u00e5r i det, sier Manger.<\/strong><\/p>\n<p><img decoding=\"async\"   src=\"data:image\/gif;base64,R0lGODlhAQABAIAAAAAAAP\/\/\/yH5BAEAAAAALAAAAAABAAEAAAIBRAA7\" loading=\"eager\" alt=\"En mann st\u00e5rr foran en brannbil, if\u00f8rt en svart jakke med en insignia p\u00e5 brystet. Bakgrunnen viser deler av brannbilens r\u00f8de og gule farger samt emblemet til brannredningstjenesten. Det er godt lys inne i garasjen hvor brannbilen st\u00e5r parkert. Mannens uttrykk og positur viser at han er i en profesjonell setting. (Bildebeskrivelsen er laget av en KI-tjeneste)\" title=\"Foto: Indre \u00d8stfold brann og redning\"\/><\/p>\n<p class=\"\">Petter Manger er brannsjef i Indre \u00d8stfold.<\/p>\n<p>Foto: Indre \u00d8stfold brann og redning<\/p>\n<p>\u2013 Klart det preger oss<\/p>\n<p>\u2013 V\u00e5r umiddelbare reaksjon er at det er en kjempetragisk hendelse. Det er slik vi ser saken som har rammet v\u00e5re likeverdige tjenestemenn i Verdal. Det er klart det preger oss, sier Bj\u00f8rn Samuelsen, som er brannsjef i Harstad.<\/p>\n<p>Manger i Indre \u00d8stfold sier at \u00e5rsaken til at brannvesen i hele landet blir prega, er fordi man kjenner alvorligheten.<\/p>\n<p><strong>\u2013 Det er en bevisstgj\u00f8ring rundt risikoen man st\u00e5r i hver dag. Hvem er neste? Kan det v\u00e6re oss, sp\u00f8r Manger.<\/strong><\/p>\n<p>Han sier at de tenker p\u00e5 signe egne rutiner n\u00e5r de h\u00f8rer om en slik sak.<\/p>\n<p>\u2013 Det verste som kan skje<\/p>\n<p>\u2013 Det var et lite sjokk da jeg stod opp og s\u00e5 overskriftene, forteller Alieu Jaiteh.<\/p>\n<p>Han er brannsjef i M\u00e5s\u00f8y kommune, helt nord i landet. <\/p>\n<p><strong>\u2013 Det er en slik type hendelse en tenker er det verste som kan skje.<\/strong><\/p>\n<p><img decoding=\"async\"   src=\"data:image\/gif;base64,R0lGODlhAQABAIAAAAAAAP\/\/\/yH5BAEAAAAALAAAAAABAAEAAAIBRAA7\" loading=\"eager\" alt=\"Alieu Jaiteh i M\u00e5s\u00f8y brann og redning \" title=\"Foto: Privat\"\/><\/p>\n<p class=\"\">Alieu Jaiteh er brannsjef i M\u00e5s\u00f8y kommune helt nord i landet.<\/p>\n<p>Foto: Privat<\/p>\n<p>M\u00e5s\u00f8y er, i likhet med brannvesenet i Verdal, et brannvesen der brannkonstablene er deltidsansatt, forteller Jaiteh.<\/p>\n<p>\u2013 Spesielt med tanke p\u00e5 at det er deltidsansatte, s\u00e5 tenker vi litt ekstra p\u00e5 det.<\/p>\n<p><strong>\u2013 Dette er ikke heltidsjobben deres, s\u00e5 mye g\u00e5r p\u00e5 dugnad og frivillighet og at man m\u00f8ter opp i helger, p\u00e5 ettermiddager, ferier og helligdager n\u00e5r radioen piper.<\/strong><\/p>\n<p>Publisert<\/p>\n<p>07.01.2026, kl. 17.37<\/p>\n","protected":false},"excerpt":{"rendered":"Saka oppsummert: To r\u00f8ykdykkere er antatt omkommet etter en brann i Verdal, noe som har preget brannvesen over&hellip;\n","protected":false},"author":2,"featured_media":131343,"comment_status":"","ping_status":"","sticky":false,"template":"","format":"standard","meta":{"footnotes":""},"categories":[10],"tags":[20,21,24,25,15,22,23,13,30,28,29,14,16,26,27],"class_list":{"0":"post-131342","1":"post","2":"type-post","3":"status-publish","4":"format-standard","5":"has-post-thumbnail","7":"category-norge","8":"tag-breaking-news","9":"tag-breakingnews","10":"tag-featured-news","11":"tag-featurednews","12":"tag-headlines","13":"tag-latest-news","14":"tag-latestnews","15":"tag-news","16":"tag-no","17":"tag-norge","18":"tag-norway","19":"tag-nyheter","20":"tag-overskrifter","21":"tag-top-stories","22":"tag-topstories"},"share_on_mastodon":{"url":"https:\/\/pubeurope.com\/@no\/115854976215267445","error":""},"_links":{"self":[{"href":"https:\/\/www.europesays.com\/no\/wp-json\/wp\/v2\/posts\/131342","targetHints":{"allow":["GET"]}}],"collection":[{"href":"https:\/\/www.europesays.com\/no\/wp-json\/wp\/v2\/posts"}],"about":[{"href":"https:\/\/www.europesays.com\/no\/wp-json\/wp\/v2\/types\/post"}],"author":[{"embeddable":true,"href":"https:\/\/www.europesays.com\/no\/wp-json\/wp\/v2\/users\/2"}],"replies":[{"embeddable":true,"href":"https:\/\/www.europesays.com\/no\/wp-json\/wp\/v2\/comments?post=131342"}],"version-history":[{"count":0,"href":"https:\/\/www.europesays.com\/no\/wp-json\/wp\/v2\/posts\/131342\/revisions"}],"wp:featuredmedia":[{"embeddable":true,"href":"https:\/\/www.europesays.com\/no\/wp-json\/wp\/v2\/media\/131343"}],"wp:attachment":[{"href":"https:\/\/www.europesays.com\/no\/wp-json\/wp\/v2\/media?parent=131342"}],"wp:term":[{"taxonomy":"category","embeddable":true,"href":"https:\/\/www.europesays.com\/no\/wp-json\/wp\/v2\/categories?post=131342"},{"taxonomy":"post_tag","embeddable":true,"href":"https:\/\/www.europesays.com\/no\/wp-json\/wp\/v2\/tags?post=131342"}],"curies":[{"name":"wp","href":"https:\/\/api.w.org\/{rel}","templated":true}]}}