{"id":131344,"date":"2026-01-07T17:23:09","date_gmt":"2026-01-07T17:23:09","guid":{"rendered":"https:\/\/www.europesays.com\/no\/131344\/"},"modified":"2026-01-07T17:23:09","modified_gmt":"2026-01-07T17:23:09","slug":"alfred-finnbogason-blir-ny-sportslig-leder-i-rosenborg-nrk-trondelag-lokale-nyheter-tv-og-radio","status":"publish","type":"post","link":"https:\/\/www.europesays.com\/no\/131344\/","title":{"rendered":"Alfred Finnbogason blir ny sportslig leder i Rosenborg \u2013 NRK Tr\u00f8ndelag \u2013 Lokale nyheter, TV og radio"},"content":{"rendered":"<p>Det skriver Rosenborg p\u00e5 sin egen <a href=\"https:\/\/www.rbk.no\/nyheter\/finnbogason-ny-sportslig-leder-i-rosenborg\" ec-id=\"https:\/\/www.rbk.no\/nyheter\/finnbogason-ny-sportslig-leder-i-rosenborg\" ec-name=\"nettside\" rel=\"nofollow noopener\" target=\"_blank\">nettside<\/a>.<\/p>\n<p><strong>\u2013 Vi har gjennom prosessen f\u00e5tt et veldig godt inntrykk av Finnbogason, b\u00e5de som person og av hans faglige kvalifikasjoner, sier daglig leder i Rosenborg, Tore Berdal.<\/strong><\/p>\n<p>36-\u00e5ringen kommer fra stillingen som teknisk sjef i Islandske Brei\u00f0ablik.<\/p>\n<p>Han tiltrer stillingen med umiddelbar virkning og har signert en avtale som gjelder ut 2030.<\/p>\n<p>\u2013 Han vil gi oss det vi er ute etter, og er en leder med en klar og tydelig offensiv spill-identitet som han har med seg fra sin spillerkarriere og utdanning i Nederland. Et fotballand Rosenborg har sine r\u00f8tter knyttet til.<\/p>\n<p><img decoding=\"async\"   src=\"data:image\/gif;base64,R0lGODlhAQABAIAAAAAAAP\/\/\/yH5BAEAAAAALAAAAAABAAEAAAIBRAA7\" loading=\"eager\" alt=\"Tore Berdal smiler til kamera\" title=\"Foto: Matilde M\u00f8rk \/ NRK\"\/><\/p>\n<p>Foto: Matilde M\u00f8rk \/ NRK<\/p>\n<p>Tiltrer umiddelbart<\/p>\n<p>P\u00e5 sine nettsider skriver Rosenborg at flere sterke kandidater ble vurdert i prosessen, men at valget falt p\u00e5 Finnbogason etter en helhetlig vurdering.<\/p>\n<p>\u2013 Rollen til den sportslige lederen vil v\u00e6re \u00e5 lede et st\u00f8rre team best\u00e5ende blant annet rekrutteringsansvarlig, akademiet og hovedtreneren for a-laget, sier Berdal.<\/p>\n<p>\u2013 Arbeidsoppgavene vil best\u00e5 i \u00e5 utvikle klubbens sportsplan, rekruttere de spillerne som passer best inn i den rosenborgske m\u00e5ten \u00e5 spille fotball p\u00e5, og s\u00f8rge for \u00e5 utvikle de fremste tr\u00f8nderske talentene.<\/p>\n<p><strong>Finnbogason kommer fra rollen som teknisk direkt\u00f8r i islandske Brei<\/strong>\u00f0<strong>ablik.<\/strong><\/p>\n<p>I sin karriere som spiller har han spilt p\u00e5 \u00f8verste niv\u00e5 i blant annet Spania, Nederland og Tyskland.<\/p>\n<p><img decoding=\"async\"   src=\"data:image\/gif;base64,R0lGODlhAQABAIAAAAAAAP\/\/\/yH5BAEAAAAALAAAAAABAAEAAAIBRAA7\" loading=\"eager\" alt=\"Nasjonsligaen\" title=\"Foto: AP\"\/><\/p>\n<p class=\"\">Som spiller fikk Finnbogason 73 kamper for det islandske landslaget.<\/p>\n<p>Foto: AP<\/p>\n<p>\u2013 Gleder meg<\/p>\n<p>\u2013 Det er med stor ydmykhet jeg g\u00e5r inn i jobben som sportssjef i Rosenborg, sier Finnbogason selv.<\/p>\n<p><strong>\u2013 Klubben har et fantastisk navn i Fotball-Europa, og er kjent for sin offensive nederlandsk-inspirerte fotballstil.<\/strong><\/p>\n<p>Han forteller at spillestilen var noe av det som tiltalte han da han ble spurt om \u00e5 ta over jobben.<\/p>\n<p>\u2013 Jeg gleder meg til \u00e5 jobbe hardt i tiden framover, slik at Alfred Johansson og laget f\u00e5r de beste rammebetingelsene for \u00e5 kunne prestere i 2026.<\/p>\n<p><img decoding=\"async\"   src=\"data:image\/gif;base64,R0lGODlhAQABAIAAAAAAAP\/\/\/yH5BAEAAAAALAAAAAABAAEAAAIBRAA7\" loading=\"eager\" alt=\"alfred johansson\" title=\"Foto: Geir Olsen \/ NTB\"\/><\/p>\n<p class=\"\">Fjor\u00e5rssesongen ble en skuffelse for Alfred Johansson og Rosenborg. <\/p>\n<p>Foto: Geir Olsen \/ NTB<\/p>\n<p>\u2013 Vi m\u00e5 ha et langsiktig perspektiv<\/p>\n<p>\u2013 Styret har v\u00e6rt opptatt av at ansettelsen skal v\u00e6re tydelig forankret i Rosenborg Ballklubs spillmodell og ambisjoner, sier styreleder Cecilie Gotaas Johnsen.<\/p>\n<p>Hun forteller at styret har v\u00e6rt representert i ansettelsesutvalget.<\/p>\n<p><strong>\u2013 Vi m\u00e5 ha et langsiktig perspektiv p\u00e5 utviklingen av klubben. Samtidig ser vi at vi har et behov for et friskt og oppdatert internasjonalt nettverk p\u00e5 spillerlogistikk-siden.<\/strong><\/p>\n<p>\u2013 Da m\u00e5 vi enten hente noen som i dag jobber med spillerkj\u00f8p og spillersalg i en internasjonal toppklubb eller har erfaring fra selv \u00e5 ha spilt i p\u00e5 h\u00f8yeste niv\u00e5 i europeisk toppfotball.<\/p>\n<p>Finnbogason tar over som sportslig leder etter Micke Dorsin som har hatt rollen siden 2019.<\/p>\n<p><strong>\u2013 Styret har vurdert Finnbogason som en sv\u00e6rt god match \u2013 b\u00e5de p\u00e5 og utenfor banen, sier styreleder Cecilie Gotaas Johnsen. <\/strong><\/p>\n<p>Publisert<\/p>\n<p>07.01.2026, kl. 17.03<\/p>\n<p>Oppdatert<\/p>\n<p>07.01.2026, kl. 18.18<\/p>\n","protected":false},"excerpt":{"rendered":"Det skriver Rosenborg p\u00e5 sin egen nettside. \u2013 Vi har gjennom prosessen f\u00e5tt et veldig godt inntrykk av&hellip;\n","protected":false},"author":2,"featured_media":131345,"comment_status":"","ping_status":"","sticky":false,"template":"","format":"standard","meta":{"footnotes":""},"categories":[5],"tags":[20,21,24,25,15,19,22,23,17,18,13,30,28,29,14,16,26,27],"class_list":{"0":"post-131344","1":"post","2":"type-post","3":"status-publish","4":"format-standard","5":"has-post-thumbnail","7":"category-overskrifter","8":"tag-breaking-news","9":"tag-breakingnews","10":"tag-featured-news","11":"tag-featurednews","12":"tag-headlines","13":"tag-hovedoppslag","14":"tag-latest-news","15":"tag-latestnews","16":"tag-main-news","17":"tag-mainnews","18":"tag-news","19":"tag-no","20":"tag-norge","21":"tag-norway","22":"tag-nyheter","23":"tag-overskrifter","24":"tag-top-stories","25":"tag-topstories"},"share_on_mastodon":{"url":"https:\/\/pubeurope.com\/@no\/115854980036773509","error":""},"_links":{"self":[{"href":"https:\/\/www.europesays.com\/no\/wp-json\/wp\/v2\/posts\/131344","targetHints":{"allow":["GET"]}}],"collection":[{"href":"https:\/\/www.europesays.com\/no\/wp-json\/wp\/v2\/posts"}],"about":[{"href":"https:\/\/www.europesays.com\/no\/wp-json\/wp\/v2\/types\/post"}],"author":[{"embeddable":true,"href":"https:\/\/www.europesays.com\/no\/wp-json\/wp\/v2\/users\/2"}],"replies":[{"embeddable":true,"href":"https:\/\/www.europesays.com\/no\/wp-json\/wp\/v2\/comments?post=131344"}],"version-history":[{"count":0,"href":"https:\/\/www.europesays.com\/no\/wp-json\/wp\/v2\/posts\/131344\/revisions"}],"wp:featuredmedia":[{"embeddable":true,"href":"https:\/\/www.europesays.com\/no\/wp-json\/wp\/v2\/media\/131345"}],"wp:attachment":[{"href":"https:\/\/www.europesays.com\/no\/wp-json\/wp\/v2\/media?parent=131344"}],"wp:term":[{"taxonomy":"category","embeddable":true,"href":"https:\/\/www.europesays.com\/no\/wp-json\/wp\/v2\/categories?post=131344"},{"taxonomy":"post_tag","embeddable":true,"href":"https:\/\/www.europesays.com\/no\/wp-json\/wp\/v2\/tags?post=131344"}],"curies":[{"name":"wp","href":"https:\/\/api.w.org\/{rel}","templated":true}]}}