{"id":131348,"date":"2026-01-07T17:29:10","date_gmt":"2026-01-07T17:29:10","guid":{"rendered":"https:\/\/www.europesays.com\/no\/131348\/"},"modified":"2026-01-07T17:29:10","modified_gmt":"2026-01-07T17:29:10","slug":"norge-ma-mobilisere-na-lister24-no","status":"publish","type":"post","link":"https:\/\/www.europesays.com\/no\/131348\/","title":{"rendered":"Norge m\u00e5 mobilisere n\u00e5 &#8211; lister24.no"},"content":{"rendered":"<p data-testid=\"textWithMarkup-text\" data-v-81d7dc2b=\"\" data-v-62d58f52=\"\">N\u00e5 som Donald Trump \u00e5pent gj\u00f8r seg til uvenner med Europa og sine allierte i NATO, har dette etter mitt syn gitt Putin det klarsignalet han har ventet p\u00e5 lenge: At han kan g\u00e5 til krig med NATO ved \u00e5 erobre tilbake Estland, Litauen og Latvia. Han vil da ogs\u00e5 f\u00e5 direkte landtilgang til Kaliningrad og vil derved ogs\u00e5 kontrollere \u00d8stersj\u00f8en. Norge, Sverige og Finland vil da bli avsk\u00e5ret fra \u00e5 kunne f\u00e5 milit\u00e6r hjelp fra resten av Europa.<\/p>\n<p data-testid=\"textWithMarkup-text\" data-v-81d7dc2b=\"\" data-v-62d58f52=\"\">Da har Norge to valgmuligheter: Enten m\u00e5 Norge kjempe en kamp som Norge er d\u00f8mt til \u00e5 tape, ellers m\u00e5 vi kapitulere omg\u00e5ende for \u00e5 spare byene, fabrikkene og n\u00e6ringslivet, slik at vi ikke ender opp som Ukraina og sulter i hjel.<\/p>\n<p data-testid=\"textWithMarkup-text\" data-v-81d7dc2b=\"\" data-v-62d58f52=\"\">Russland produserer n\u00e5 ca. 100 droner og missiler pr. dag. Ved at Russland slutter \u00e5 sende dronene mot Ukraina i 10 dager, vil dette v\u00e6re nok til \u00e5 knuse Norge totalt.<\/p>\n<p data-testid=\"textWithMarkup-text\" data-v-81d7dc2b=\"\" data-v-62d58f52=\"\">Hvis regjering ikke iverksette full mobilisering n\u00e5, vil det slik jeg ser det bety at St\u00f8re-regjeringen har bestemt seg for \u00e5 kapitulere og r\u00f8mme ut av landet, slik man gjorde det 9. april 1940.<\/p>\n<p data-testid=\"textWithMarkup-text\" data-v-81d7dc2b=\"\" data-v-62d58f52=\"\">Hvis St\u00f8re ikke vil iverksette mobilisering n\u00e5, mener jeg at han m\u00e5 g\u00e5 av som statsminister, for da har han allerede bestemt seg for \u00e5 bli en landssviker n\u00e5r krigen starter.<\/p>\n<p data-testid=\"textWithMarkup-text\" data-v-81d7dc2b=\"\" data-v-62d58f52=\"\">Ved en mobilisering, m\u00e5 man f\u00f8rst mobilisere ut de som sitter i fengslene, alle arbeidsledige, de fleste uf\u00f8retrygde, de fleste i offentlig sektor, med unntak av l\u00e6rere og helsepersonell. Norge m\u00e5 ha minst to million menn og kvinner som kan betjene et h\u00e5ndv\u00e5pen. For \u00e5 f\u00e5 dette til, m\u00e5 det f\u00f8rst erkl\u00e6res unntakstilstand. Slik jeg ser det m\u00e5 det gj\u00f8res omg\u00e5ende, ellers vil vi ende opp helt uforberedt slik vi var 9. april 1940.<\/p>\n<p data-testid=\"textWithMarkup-text\" data-v-81d7dc2b=\"\" data-v-62d58f52=\"\">St\u00f8re m\u00e5 iverksett en folkeavstemning om Norge skal kjempe, eller kapitulere i en krig med Russland. Man m\u00e5 i det minste ha en debatt p\u00e5 TV omg\u00e5ende. Det norske folk har krav p\u00e5 \u00e5 vite hva politikerne har tenkt \u00e5 gj\u00f8re n\u00e5r Putin kommer.<\/p>\n<p data-testid=\"textWithMarkup-text\" data-v-81d7dc2b=\"\" data-v-62d58f52=\"\">Jan Skoland<\/p>\n","protected":false},"excerpt":{"rendered":"N\u00e5 som Donald Trump \u00e5pent gj\u00f8r seg til uvenner med Europa og sine allierte i NATO, har dette&hellip;\n","protected":false},"author":2,"featured_media":131349,"comment_status":"","ping_status":"","sticky":false,"template":"","format":"standard","meta":{"footnotes":""},"categories":[12],"tags":[20,21,24,25,15,22,23,13,30,28,29,14,16,26,27,42,43,44,45],"class_list":{"0":"post-131348","1":"post","2":"type-post","3":"status-publish","4":"format-standard","5":"has-post-thumbnail","7":"category-verden","8":"tag-breaking-news","9":"tag-breakingnews","10":"tag-featured-news","11":"tag-featurednews","12":"tag-headlines","13":"tag-latest-news","14":"tag-latestnews","15":"tag-news","16":"tag-no","17":"tag-norge","18":"tag-norway","19":"tag-nyheter","20":"tag-overskrifter","21":"tag-top-stories","22":"tag-topstories","23":"tag-verden","24":"tag-world","25":"tag-world-news","26":"tag-worldnews"},"share_on_mastodon":{"url":"https:\/\/pubeurope.com\/@no\/115855003777622332","error":""},"_links":{"self":[{"href":"https:\/\/www.europesays.com\/no\/wp-json\/wp\/v2\/posts\/131348","targetHints":{"allow":["GET"]}}],"collection":[{"href":"https:\/\/www.europesays.com\/no\/wp-json\/wp\/v2\/posts"}],"about":[{"href":"https:\/\/www.europesays.com\/no\/wp-json\/wp\/v2\/types\/post"}],"author":[{"embeddable":true,"href":"https:\/\/www.europesays.com\/no\/wp-json\/wp\/v2\/users\/2"}],"replies":[{"embeddable":true,"href":"https:\/\/www.europesays.com\/no\/wp-json\/wp\/v2\/comments?post=131348"}],"version-history":[{"count":0,"href":"https:\/\/www.europesays.com\/no\/wp-json\/wp\/v2\/posts\/131348\/revisions"}],"wp:featuredmedia":[{"embeddable":true,"href":"https:\/\/www.europesays.com\/no\/wp-json\/wp\/v2\/media\/131349"}],"wp:attachment":[{"href":"https:\/\/www.europesays.com\/no\/wp-json\/wp\/v2\/media?parent=131348"}],"wp:term":[{"taxonomy":"category","embeddable":true,"href":"https:\/\/www.europesays.com\/no\/wp-json\/wp\/v2\/categories?post=131348"},{"taxonomy":"post_tag","embeddable":true,"href":"https:\/\/www.europesays.com\/no\/wp-json\/wp\/v2\/tags?post=131348"}],"curies":[{"name":"wp","href":"https:\/\/api.w.org\/{rel}","templated":true}]}}